{"id":390125,"date":"2022-09-20T06:24:18","date_gmt":"2022-09-20T06:24:18","guid":{"rendered":"https:\/\/dimensionturistica.com\/es\/?p=390125"},"modified":"2022-09-20T06:24:18","modified_gmt":"2022-09-20T06:24:18","slug":"816-029-plazas-y-menos-hoteles-en-la-costa","status":"publish","type":"post","link":"https:\/\/dimensionturistica.com\/es\/816-029-plazas-y-menos-hoteles-en-la-costa\/","title":{"rendered":"816.029 plazas y menos hoteles en la costa"},"content":{"rendered":"<p> <br \/>\n<\/p>\n<div id=\"article-body-content\" data-action=\"toggle\" data-status=\"on\">\n<p id=\"paragraph_1\">La venta de los viajes del Imserso arranca este martes 20 de septiembre. En complete, hablamos de 816.029 plazas que se ofertan para viajar entre octubre de 2022 y mayo de 2023, pero con el riesgo de no cubrir todas las plazas por la <a rel=\"nofollow noopener\" target=\"_blank\" href=\"https:\/\/www.elespanol.com\/invertia\/empresas\/turismo\/20220916\/viajes-imserso-riesgo-hoteles-no-participaran-precios\/703430067_0.html\">falta de hoteles en la zona de costa.<\/a><\/p>\n<p id=\"paragraph_2\">La venta arranca este martes para las personas acreditadas por el Imserso residentes en <strong>Andaluc\u00eda, Cantabria, Catalu\u00f1a, Valencia, Extremadura, Madrid, Murcia y Melilla<\/strong> podr\u00e1n reservar sus viajes en las agencias de sus respectivas comunidades aut\u00f3nomas.<\/p>\n<p id=\"paragraph_3\">El pr\u00f3ximo jueves ser\u00e1 el turno de los residentes en Asturias, Arag\u00f3n, Castilla-La Mancha, Castilla y Le\u00f3n, Galicia, Baleares, Canarias, La Rioja, Navarra, Pa\u00eds Vasco y Ceuta.<\/p>\n<p id=\"paragraph_4\"><em><a rel=\"nofollow noopener\" target=\"_blank\" cmp-ltrk=\"links-parrafos\" cmp-ltrk-idx=\"6\" href=\"https:\/\/www.elespanol.com\/invertia\/empresas\/turismo\/20220907\/tension-viajes-imserso-estreno-hoteles-precios-ipc\/701180048_0.html\" mrfobservableid=\"13b080d9-82a0-4487-bcef-97c77e9549ff\">[Tensi\u00f3n en los viajes del Imserso a d\u00edas de su estreno: los hoteles piden subir precios para luchar contra el IPC]<\/a><\/em><\/p>\n<p id=\"paragraph_5\">Los precios para esta nueva temporada <strong>oscilar\u00e1n entre los 115 euros para una estancia de 4 d\u00edas y 3 noches<\/strong> en una capital de inside y los 455 euros para estancias de 10 d\u00edas (9 noches) en zona costera peninsular o Baleares.\u00a0<\/p>\n<p id=\"paragraph_6\">Para la temporada 2022\/2023, el plazo de presentaci\u00f3n de solicitudes comenz\u00f3 el 27 de junio de 2022 y termin\u00f3 el 19 de julio. Los pensionistas y acompa\u00f1antes que se han acreditado para aspirar a alguna de esas plazas han registrado <strong>una cifra r\u00e9cord de 2,6 millones de acreditaciones.<\/strong><\/p>\n<p id=\"paragraph_7\">El gran problema este a\u00f1o es que muchos hoteles, especialmente de la costa, han renunciado a participar en el programa social porque con la inflaci\u00f3n no cubren costes.<\/p>\n<p id=\"paragraph_8\">Denuncian los bajos precios que se pagan por habitaci\u00f3n. <strong>Cada lodge que participa en el programa percibe 22 euros netos por habitaci\u00f3n<\/strong> y pensi\u00f3n completa. Una cantidad que no sirve para compensar los elevados gastos que muchos hoteles soportan debido a la disparada inflaci\u00f3n (energ\u00eda, alimentos&#8230;).\u00a0<\/p>\n<h3 class=\"content__summary-title\">Beneficios para el Estado<\/h3>\n<p id=\"paragraph_9\">Las arcas p\u00fablicas tambi\u00e9n se benefician de este programa. Se calcula que <strong>por cada euro que el Gobierno invierte en los viajes del Imserso recibe 1,56 euros<\/strong>. Ese beneficio lo consigue gracias a que estos viajes favorecen la creaci\u00f3n y mantenimiento del empleo en el sector tur\u00edstico.<\/p>\n<p id=\"paragraph_10\">Sin estos viajes, muchos trabajadores de estos establecimientos acabar\u00edan en el paro por lo que tendr\u00edan que cobrar una pensi\u00f3n de desempleo a cargo del Estado. As\u00ed, el Gobierno sigue recaudando el IVA, impuesto de sociedades e IRPF y se ahorra el pago del desempleo.\u00a0<\/p>\n<h3 class=\"follow-topics-title\"><span class=\"follow-topics-title__icon\"\/>Sigue los temas que te interesan<\/h3>\n<\/p><\/div>\n\n<p><em> &#8221; Fuentes www.elespanol.com &#8221; <\/em><\/p>\n","protected":false},"excerpt":{"rendered":"<p>La venta de los viajes del Imserso arranca este martes 20 de septiembre. En complete, hablamos de 816.029 plazas que se ofertan para viajar entre octubre de 2022 y mayo de 2023, pero con el riesgo de no cubrir todas las plazas por la falta de hoteles en la zona de costa. La venta arranca [&hellip;]<\/p>\n","protected":false},"author":4,"featured_media":390126,"comment_status":"open","ping_status":"closed","sticky":false,"template":"","format":"standard","meta":{"om_disable_all_campaigns":false,"jnews-multi-image_gallery":[],"jnews_single_post":[],"jnews_primary_category":[],"jnews_social_meta":[],"footnotes":""},"categories":[39],"tags":[813,544],"class_list":["post-390125","post","type-post","status-publish","format-standard","has-post-thumbnail","hentry","category-viajes","tag-imserso","tag-turismo"],"_links":{"self":[{"href":"https:\/\/dimensionturistica.com\/es\/wp-json\/wp\/v2\/posts\/390125","targetHints":{"allow":["GET"]}}],"collection":[{"href":"https:\/\/dimensionturistica.com\/es\/wp-json\/wp\/v2\/posts"}],"about":[{"href":"https:\/\/dimensionturistica.com\/es\/wp-json\/wp\/v2\/types\/post"}],"author":[{"embeddable":true,"href":"https:\/\/dimensionturistica.com\/es\/wp-json\/wp\/v2\/users\/4"}],"replies":[{"embeddable":true,"href":"https:\/\/dimensionturistica.com\/es\/wp-json\/wp\/v2\/comments?post=390125"}],"version-history":[{"count":0,"href":"https:\/\/dimensionturistica.com\/es\/wp-json\/wp\/v2\/posts\/390125\/revisions"}],"wp:featuredmedia":[{"embeddable":true,"href":"https:\/\/dimensionturistica.com\/es\/wp-json\/wp\/v2\/media\/390126"}],"wp:attachment":[{"href":"https:\/\/dimensionturistica.com\/es\/wp-json\/wp\/v2\/media?parent=390125"}],"wp:term":[{"taxonomy":"category","embeddable":true,"href":"https:\/\/dimensionturistica.com\/es\/wp-json\/wp\/v2\/categories?post=390125"},{"taxonomy":"post_tag","embeddable":true,"href":"https:\/\/dimensionturistica.com\/es\/wp-json\/wp\/v2\/tags?post=390125"}],"curies":[{"name":"wp","href":"https:\/\/api.w.org\/{rel}","templated":true}]}}