{"id":389869,"date":"2022-09-19T18:31:02","date_gmt":"2022-09-19T18:31:02","guid":{"rendered":"https:\/\/dimensionturistica.com\/es\/?p=389869"},"modified":"2022-09-19T18:31:02","modified_gmt":"2022-09-19T18:31:02","slug":"la-compania-de-cruceros-the-world-visita-el-puerto-de-ceuta","status":"publish","type":"post","link":"https:\/\/dimensionturistica.com\/es\/la-compania-de-cruceros-the-world-visita-el-puerto-de-ceuta\/","title":{"rendered":"La compa\u00f1\u00eda de cruceros \u2018The World\u2019 visita el puerto de Ceuta"},"content":{"rendered":"<p> <br \/>\n<\/p>\n<div>\n                      <!--StartFragment--><!--EndFragment--><\/p>\n<p style=\"text-align: justify;\">El planificador de itinerarios de la compa\u00f1\u00eda de cruceros \u2018The World\u2019, Otto Van Der Westhuizen, que ha visitado hoy la ciudad para conocer las instalaciones de cruceros del Puerto de Ceuta. <span jsaction=\"click:E6Tfl,GFf3ac,tMZCfe; contextmenu:Nqw7Te,QP7LD; mouseout:Nqw7Te; mouseover:E6Tfl,c2aHje\" jsname=\"W297wb\">Tambi\u00e9n ha visitado la torre de management.<\/span><\/p>\n<p style=\"text-align: justify;\">Al concluir la visita al Puerto, ha disfrutado de un recorrido guiad por la ciudad cortes\u00eda de acompa\u00f1ado de un gu\u00eda profesional de Servicios Tur\u00edsticos de Ceuta.<\/p>\n<p style=\"text-align: justify;\">La Autoridad Portuaria tiene previsto que el pr\u00f3ximo a\u00f1o hagan escala en la ciudad 20 cruceros tras haber cerrado ya el programa de 2023, aunque trabaja para aumentar esa cifra el siguiente a\u00f1o.<\/p>\n<p style=\"text-align: justify;\">Con ese objetivo visit\u00f3 la pasada semana el Seatrade Cruise Med en M\u00e1laga que est\u00e1 considerada como la feria y conferencia l\u00edder en la industria de la regi\u00f3n y la puerta de entrada internacional al mercado de cruceros por el Mediterr\u00e1neo. La visita recibida este lunes\u00a0por la compa\u00f1\u00eda &#8216;The World&#8217;, para considerar a Ceuta como posible destino de su barco residencia, es fruto de esa gesti\u00f3n.<\/p>\n<\/p><\/div>\n\n<p><em> &#8221; Fuentes www.ceutatv.com &#8221; <\/em><\/p>\n","protected":false},"excerpt":{"rendered":"<p>El planificador de itinerarios de la compa\u00f1\u00eda de cruceros \u2018The World\u2019, Otto Van Der Westhuizen, que ha visitado hoy la ciudad para conocer las instalaciones de cruceros del Puerto de Ceuta. Tambi\u00e9n ha visitado la torre de management. Al concluir la visita al Puerto, ha disfrutado de un recorrido guiad por la ciudad cortes\u00eda de [&hellip;]<\/p>\n","protected":false},"author":4,"featured_media":389870,"comment_status":"open","ping_status":"closed","sticky":false,"template":"","format":"standard","meta":{"om_disable_all_campaigns":false,"jnews-multi-image_gallery":[],"jnews_single_post":[],"jnews_primary_category":[],"jnews_social_meta":[],"footnotes":""},"categories":[41],"tags":[543,1411,544],"class_list":["post-389869","post","type-post","status-publish","format-standard","has-post-thumbnail","hentry","category-cruceros","tag-cruceros","tag-puerto","tag-turismo"],"_links":{"self":[{"href":"https:\/\/dimensionturistica.com\/es\/wp-json\/wp\/v2\/posts\/389869","targetHints":{"allow":["GET"]}}],"collection":[{"href":"https:\/\/dimensionturistica.com\/es\/wp-json\/wp\/v2\/posts"}],"about":[{"href":"https:\/\/dimensionturistica.com\/es\/wp-json\/wp\/v2\/types\/post"}],"author":[{"embeddable":true,"href":"https:\/\/dimensionturistica.com\/es\/wp-json\/wp\/v2\/users\/4"}],"replies":[{"embeddable":true,"href":"https:\/\/dimensionturistica.com\/es\/wp-json\/wp\/v2\/comments?post=389869"}],"version-history":[{"count":0,"href":"https:\/\/dimensionturistica.com\/es\/wp-json\/wp\/v2\/posts\/389869\/revisions"}],"wp:featuredmedia":[{"embeddable":true,"href":"https:\/\/dimensionturistica.com\/es\/wp-json\/wp\/v2\/media\/389870"}],"wp:attachment":[{"href":"https:\/\/dimensionturistica.com\/es\/wp-json\/wp\/v2\/media?parent=389869"}],"wp:term":[{"taxonomy":"category","embeddable":true,"href":"https:\/\/dimensionturistica.com\/es\/wp-json\/wp\/v2\/categories?post=389869"},{"taxonomy":"post_tag","embeddable":true,"href":"https:\/\/dimensionturistica.com\/es\/wp-json\/wp\/v2\/tags?post=389869"}],"curies":[{"name":"wp","href":"https:\/\/api.w.org\/{rel}","templated":true}]}}