{"id":389846,"date":"2022-09-19T18:31:23","date_gmt":"2022-09-19T18:31:23","guid":{"rendered":"https:\/\/dimensionturistica.com\/es\/?p=389846"},"modified":"2022-09-19T18:32:38","modified_gmt":"2022-09-19T18:32:38","slug":"anuncia-american-airlines-anuncia-su-nueva-ruta-entre-phoenix-y-monterrey-nuevo-leon","status":"publish","type":"post","link":"https:\/\/dimensionturistica.com\/es\/anuncia-american-airlines-anuncia-su-nueva-ruta-entre-phoenix-y-monterrey-nuevo-leon\/","title":{"rendered":"American Airlines anuncia su nueva ruta entre Phoenix y Monterrey, Nuevo Le\u00f3n"},"content":{"rendered":"<p>American Airlines lanzar\u00e1 una nueva ruta diaria desde el Aeropuerto Internacional de Monterrey (MTY) al<img decoding=\"async\" class=\"size-medium wp-image-389868 alignright\" src=\"https:\/\/dimensionturistica.com\/es\/wp-content\/uploads\/2022\/09\/PHOENIX-300x187.jpg\" alt=\"\" width=\"300\" height=\"187\" srcset=\"https:\/\/dimensionturistica.com\/es\/wp-content\/uploads\/2022\/09\/PHOENIX-300x187.jpg 300w, https:\/\/dimensionturistica.com\/es\/wp-content\/uploads\/2022\/09\/PHOENIX.jpg 474w\" sizes=\"(max-width: 300px) 100vw, 300px\" \/> Aeropuerto Internacional Phoenix Sky Harbor (PHX) el 10 de enero de 2023. La nueva ruta operar\u00e1 diariamente con una aeronave Embraer E175, con capacidad para 76 pasajeros.<br \/>\nAmerican tiene una historia de m\u00e1s de 30 a\u00f1os en Monterrey y estamos orgullosos de ofrecer la programaci\u00f3n m\u00e1s robusta en M\u00e9xico como la principal aerol\u00ednea estadounidense, dijo Jos\u00e9 Mar\u00eda Giraldo, Director Gerente de Operaciones de<br \/>\nAmerican para M\u00e9xico, Centroam\u00e9rica y el Caribe. Con nuestro nuevo servicio a Phoenix, American contin\u00faa con su expansi\u00f3n en Monterrey, marcando este a\u00f1o un aumento de m\u00e1s del 40% en su capacidad en comparaci\u00f3n con 2021.<img decoding=\"async\" class=\"size-medium wp-image-389867 alignleft\" src=\"https:\/\/dimensionturistica.com\/es\/wp-content\/uploads\/2022\/09\/MONTERREY-300x171.jpg\" alt=\"\" width=\"300\" height=\"171\" srcset=\"https:\/\/dimensionturistica.com\/es\/wp-content\/uploads\/2022\/09\/MONTERREY-300x171.jpg 300w, https:\/\/dimensionturistica.com\/es\/wp-content\/uploads\/2022\/09\/MONTERREY.jpg 474w\" sizes=\"(max-width: 300px) 100vw, 300px\" \/><br \/>\nComo regiomontana, me siento muy orgullosa de ver crecer nuestra operaci\u00f3n en Monterrey, con una nueva ruta a Phoenix que permitir\u00e1 a los viajeros conectar con m\u00e1s de 95 destinos, dijo Vicky Uzal, Directora Comercial de American Airlines en<br \/>\nM\u00e9xico.<br \/>\nEn enero de 2023 American ofrecer\u00e1 hasta siete vuelos diarios desde Monterrey a cuatro destinos en Estados Unidos, incluyendo el servicio a Dallas\/Fort Worth (DFW), Miami (MIA), Nueva York (JFK) y Phoenix (PHX).<\/p>\n<p><img decoding=\"async\" class=\"alignnone  wp-image-389862\" src=\"https:\/\/dimensionturistica.com\/es\/wp-content\/uploads\/2022\/09\/AMERIXCANINTERI.JPG-300x41.jpg\" alt=\"\" width=\"812\" height=\"111\" srcset=\"https:\/\/dimensionturistica.com\/es\/wp-content\/uploads\/2022\/09\/AMERIXCANINTERI.JPG-300x41.jpg 300w, https:\/\/dimensionturistica.com\/es\/wp-content\/uploads\/2022\/09\/AMERIXCANINTERI.JPG-1024x140.jpg 1024w, https:\/\/dimensionturistica.com\/es\/wp-content\/uploads\/2022\/09\/AMERIXCANINTERI.JPG-768x105.jpg 768w, https:\/\/dimensionturistica.com\/es\/wp-content\/uploads\/2022\/09\/AMERIXCANINTERI.JPG-750x103.jpg 750w, https:\/\/dimensionturistica.com\/es\/wp-content\/uploads\/2022\/09\/AMERIXCANINTERI.JPG-1140x156.jpg 1140w, https:\/\/dimensionturistica.com\/es\/wp-content\/uploads\/2022\/09\/AMERIXCANINTERI.JPG.jpg 1190w\" sizes=\"(max-width: 812px) 100vw, 812px\" \/><\/p>\n","protected":false},"excerpt":{"rendered":"<p>American Airlines lanzar\u00e1 una nueva ruta diaria desde el Aeropuerto Internacional de Monterrey (MTY) al Aeropuerto Internacional Phoenix Sky Harbor (PHX) el 10 de enero de 2023. La nueva ruta operar\u00e1 diariamente con una aeronave Embraer E175, con capacidad para 76 pasajeros. American tiene una historia de m\u00e1s de 30 a\u00f1os en Monterrey y estamos [&hellip;]<\/p>\n","protected":false},"author":1,"featured_media":389866,"comment_status":"open","ping_status":"closed","sticky":false,"template":"","format":"standard","meta":{"om_disable_all_campaigns":false,"jnews-multi-image_gallery":[],"jnews_single_post":{"source_name":"","source_url":"","via_name":"","via_url":"","override_template":"0","override":[{"template":"1","single_blog_custom":"","parallax":"1","fullscreen":"1","layout":"right-sidebar","sidebar":"default-sidebar","second_sidebar":"default-sidebar","sticky_sidebar":"1","share_position":"top","share_float_style":"share-monocrhome","show_share_counter":"1","show_view_counter":"1","show_featured":"1","show_post_meta":"1","show_post_author":"1","show_post_author_image":"1","show_post_date":"1","post_date_format":"default","post_date_format_custom":"Y\/m\/d","show_post_category":"1","show_post_reading_time":"0","post_reading_time_wpm":"300","show_zoom_button":"0","zoom_button_out_step":"2","zoom_button_in_step":"3","show_post_tag":"1","show_prev_next_post":"1","show_popup_post":"1","number_popup_post":"1","show_author_box":"0","show_post_related":"0","show_inline_post_related":"0"}],"override_image_size":"0","image_override":[{"single_post_thumbnail_size":"crop-500","single_post_gallery_size":"crop-500"}],"trending_post":"0","trending_post_position":"meta","trending_post_label":"Trending","sponsored_post":"0","sponsored_post_label":"Sponsored by","sponsored_post_name":"","sponsored_post_url":"","sponsored_post_logo_enable":"0","sponsored_post_logo":"","sponsored_post_desc":"","disable_ad":"0"},"jnews_primary_category":{"id":""},"jnews_social_meta":{"fb_title":"","fb_description":"","fb_image":"","twitter_title":"","twitter_description":"","twitter_image":""},"footnotes":""},"categories":[39],"tags":[],"class_list":["post-389846","post","type-post","status-publish","format-standard","has-post-thumbnail","hentry","category-viajes"],"_links":{"self":[{"href":"https:\/\/dimensionturistica.com\/es\/wp-json\/wp\/v2\/posts\/389846","targetHints":{"allow":["GET"]}}],"collection":[{"href":"https:\/\/dimensionturistica.com\/es\/wp-json\/wp\/v2\/posts"}],"about":[{"href":"https:\/\/dimensionturistica.com\/es\/wp-json\/wp\/v2\/types\/post"}],"author":[{"embeddable":true,"href":"https:\/\/dimensionturistica.com\/es\/wp-json\/wp\/v2\/users\/1"}],"replies":[{"embeddable":true,"href":"https:\/\/dimensionturistica.com\/es\/wp-json\/wp\/v2\/comments?post=389846"}],"version-history":[{"count":0,"href":"https:\/\/dimensionturistica.com\/es\/wp-json\/wp\/v2\/posts\/389846\/revisions"}],"wp:featuredmedia":[{"embeddable":true,"href":"https:\/\/dimensionturistica.com\/es\/wp-json\/wp\/v2\/media\/389866"}],"wp:attachment":[{"href":"https:\/\/dimensionturistica.com\/es\/wp-json\/wp\/v2\/media?parent=389846"}],"wp:term":[{"taxonomy":"category","embeddable":true,"href":"https:\/\/dimensionturistica.com\/es\/wp-json\/wp\/v2\/categories?post=389846"},{"taxonomy":"post_tag","embeddable":true,"href":"https:\/\/dimensionturistica.com\/es\/wp-json\/wp\/v2\/tags?post=389846"}],"curies":[{"name":"wp","href":"https:\/\/api.w.org\/{rel}","templated":true}]}}