{"id":389797,"date":"2022-09-19T16:30:20","date_gmt":"2022-09-19T16:30:20","guid":{"rendered":"https:\/\/dimensionturistica.com\/es\/?p=389797"},"modified":"2022-09-19T16:30:20","modified_gmt":"2022-09-19T16:30:20","slug":"casa-dragones-y-san-miguel-de-allende-inseparables-durante-el-mes-patrio","status":"publish","type":"post","link":"https:\/\/dimensionturistica.com\/es\/casa-dragones-y-san-miguel-de-allende-inseparables-durante-el-mes-patrio\/","title":{"rendered":"Casa Dragones y San Miguel de Allende, inseparables durante el mes patrio"},"content":{"rendered":"<p>El mes patrio devuelve y enaltece muchos de los aspectos que hacen a los mexicanos lo que son: sus afinidades por la celebraci\u00f3n, el respeto por su pasado, tradiciones y el car\u00e1cter artesanal presente en gran parte de<img decoding=\"async\" class=\"size-medium wp-image-389808 alignright\" src=\"https:\/\/dimensionturistica.com\/es\/wp-content\/uploads\/2022\/09\/descarga-1-2-300x300.webp\" alt=\"\" width=\"300\" height=\"300\" srcset=\"https:\/\/dimensionturistica.com\/es\/wp-content\/uploads\/2022\/09\/descarga-1-2-300x300.webp 300w, https:\/\/dimensionturistica.com\/es\/wp-content\/uploads\/2022\/09\/descarga-1-2-1024x1024.webp 1024w, https:\/\/dimensionturistica.com\/es\/wp-content\/uploads\/2022\/09\/descarga-1-2-150x150.webp 150w, https:\/\/dimensionturistica.com\/es\/wp-content\/uploads\/2022\/09\/descarga-1-2-768x768.webp 768w, https:\/\/dimensionturistica.com\/es\/wp-content\/uploads\/2022\/09\/descarga-1-2-75x75.webp 75w, https:\/\/dimensionturistica.com\/es\/wp-content\/uploads\/2022\/09\/descarga-1-2-350x350.webp 350w, https:\/\/dimensionturistica.com\/es\/wp-content\/uploads\/2022\/09\/descarga-1-2-750x750.webp 750w, https:\/\/dimensionturistica.com\/es\/wp-content\/uploads\/2022\/09\/descarga-1-2.webp 1125w\" sizes=\"(max-width: 300px) 100vw, 300px\" \/> productos y creaciones que tienen el sello distintivo de este pa\u00eds, como el tequila. Durante septiembre, esta bebida se vuelve a\u00fan m\u00e1s un referente de orgullo nacional, siendo Tequila Casa Dragones una de las expresiones o etiquetas que mejor porta este car\u00e1cter patri\u00f3tico desde su origen.<br \/>\nLos n\u00fameros siempre traen consigo una fuerte carga simb\u00f3lica, sobre todo si se asocian con fechas y efem\u00e9rides. En el caso de M\u00e9xico, el n\u00famero 16 transporta inmediatamente al D\u00eda de la Independencia, aquella fecha en la que, a trav\u00e9s de gritos, fiestas y tradiciones, se celebra un momento clave en la historia del pa\u00eds.<br \/>\nPor ello, Tequila Casa Dragones le rinde honor a este d\u00eda colocando en cada una de sus botellas el n\u00famero 16 en su caracter\u00edstico emblema. Este n\u00famero tambi\u00e9n se encuentra en el exterior de la Casa Dragones, localizada en la calle de Recreo en San Miguel de Allende, su casa espiritual, y que en otro momento aloj\u00f3 a las caballerizas de la caballer\u00eda de \u00e9lite de la Reina Isabel II: los legendarios Dragones, quienes liderados por el general Ignacio Allende fueron parte crucial del movimiento de independencia.<br \/>\nEn ese sentido, durante este mes, Tequila Casa Dragones ofrece a los visitantes de este hist\u00f3rico poblado diversas actividades vinculadas estrechamente con los sucesos que le dan significado a este mes patrio y el presente cosmopolita que caracteriza a San Miguel actualmente.<br \/>\nEl Tasting Room de Casa Dragones, en principio, es el sitio ideal para iniciar esta traves\u00eda, llevando a los visitantes a una experiencia sensorial con las diferentes expresiones de la casa. El terroir, lugar donde se origina este prestigioso tequila, fue incorporado al espacio mediante el uso de obsidiana, la emblem\u00e1tica piedra mexicana que abunda en los campos de agave de Casa Dragones en Tequila, Jalisco, gracias a la dise\u00f1adora Gloria Cortina al estudio Meyer Davis.<br \/>\nEste mes patrio tambi\u00e9n para disfrutar de la mixolog\u00eda que bartenders especializados han dise\u00f1ado con Casa Dragones en diferentes establecimientos de San Miguel de Allende, como Monkey Bar, ubicado en el patio principal del hermoso Hotel Matilda. Adem\u00e1s, para complementar experiencia organol\u00e9ptica con Casa<img decoding=\"async\" class=\"size-medium wp-image-389809 alignright\" src=\"https:\/\/dimensionturistica.com\/es\/wp-content\/uploads\/2022\/09\/descarga-2-2-300x200.webp\" alt=\"\" width=\"300\" height=\"200\" srcset=\"https:\/\/dimensionturistica.com\/es\/wp-content\/uploads\/2022\/09\/descarga-2-2-300x200.webp 300w, https:\/\/dimensionturistica.com\/es\/wp-content\/uploads\/2022\/09\/descarga-2-2-1024x683.webp 1024w, https:\/\/dimensionturistica.com\/es\/wp-content\/uploads\/2022\/09\/descarga-2-2-768x512.webp 768w, https:\/\/dimensionturistica.com\/es\/wp-content\/uploads\/2022\/09\/descarga-2-2-750x500.webp 750w, https:\/\/dimensionturistica.com\/es\/wp-content\/uploads\/2022\/09\/descarga-2-2-1140x760.webp 1140w, https:\/\/dimensionturistica.com\/es\/wp-content\/uploads\/2022\/09\/descarga-2-2.webp 1200w\" sizes=\"(max-width: 300px) 100vw, 300px\" \/> Dragones, existen otros lugares que ofrecen maridajes especiales con este tequila de degustaci\u00f3n, como el reconocido restaurante Moxi, localizado en el Hotel Matilda, donde se sirve un men\u00fa pensado para las tres expresiones que actualmente conforman el portafolio de la casa tequilera: Casa Dragones Joven, Blanco y A\u00f1ejo.<br \/>\nAdem\u00e1s, en Marsala, Cocina Con Acentos de la Chef Marcela Bolan~o del 15 al 17 de septiembre habr\u00e1 una colaboraci\u00f3n en donde se servir\u00e1 un delicioso chile en nogada maridado con Casa Dragones A\u00f1ejo.<br \/>\nEste puente, el mejor lugar para celebrar el mes patrio, sus s\u00edmbolos y tradiciones, es San Miguel de Allende, casa espiritual de Tequila Casa Dragones y uno de los puntos clave en la historia de M\u00e9xico.<br \/>\nPara m\u00e1s informaci\u00f3n acerca de las actividades de Tequila Casa Dragones y la adquisici\u00f3n de sus productos, visita www.casadragones.com.mx y sigue sus redes sociales en Facebook, Twitter e Instagram.<\/p>\n<p>&nbsp;<\/p>\n","protected":false},"excerpt":{"rendered":"<p>El mes patrio devuelve y enaltece muchos de los aspectos que hacen a los mexicanos lo que son: sus afinidades por la celebraci\u00f3n, el respeto por su pasado, tradiciones y el car\u00e1cter artesanal presente en gran parte de productos y creaciones que tienen el sello distintivo de este pa\u00eds, como el tequila. Durante septiembre, esta [&hellip;]<\/p>\n","protected":false},"author":1,"featured_media":389810,"comment_status":"open","ping_status":"closed","sticky":false,"template":"","format":"standard","meta":{"om_disable_all_campaigns":false,"jnews-multi-image_gallery":[],"jnews_single_post":{"source_name":"","source_url":"","via_name":"","via_url":"","override_template":"0","override":[{"template":"1","single_blog_custom":"","parallax":"1","fullscreen":"1","layout":"right-sidebar","sidebar":"default-sidebar","second_sidebar":"default-sidebar","sticky_sidebar":"1","share_position":"top","share_float_style":"share-monocrhome","show_share_counter":"1","show_view_counter":"1","show_featured":"1","show_post_meta":"1","show_post_author":"1","show_post_author_image":"1","show_post_date":"1","post_date_format":"default","post_date_format_custom":"Y\/m\/d","show_post_category":"1","show_post_reading_time":"0","post_reading_time_wpm":"300","show_zoom_button":"0","zoom_button_out_step":"2","zoom_button_in_step":"3","show_post_tag":"1","show_prev_next_post":"1","show_popup_post":"1","number_popup_post":"1","show_author_box":"0","show_post_related":"0","show_inline_post_related":"0"}],"override_image_size":"0","image_override":[{"single_post_thumbnail_size":"crop-500","single_post_gallery_size":"crop-500"}],"trending_post":"0","trending_post_position":"meta","trending_post_label":"Trending","sponsored_post":"0","sponsored_post_label":"Sponsored by","sponsored_post_name":"","sponsored_post_url":"","sponsored_post_logo_enable":"0","sponsored_post_logo":"","sponsored_post_desc":"","disable_ad":"0"},"jnews_primary_category":{"id":""},"jnews_social_meta":{"fb_title":"","fb_description":"","fb_image":"","twitter_title":"","twitter_description":"","twitter_image":""},"footnotes":""},"categories":[43],"tags":[],"class_list":["post-389797","post","type-post","status-publish","format-standard","has-post-thumbnail","hentry","category-gourmet"],"_links":{"self":[{"href":"https:\/\/dimensionturistica.com\/es\/wp-json\/wp\/v2\/posts\/389797","targetHints":{"allow":["GET"]}}],"collection":[{"href":"https:\/\/dimensionturistica.com\/es\/wp-json\/wp\/v2\/posts"}],"about":[{"href":"https:\/\/dimensionturistica.com\/es\/wp-json\/wp\/v2\/types\/post"}],"author":[{"embeddable":true,"href":"https:\/\/dimensionturistica.com\/es\/wp-json\/wp\/v2\/users\/1"}],"replies":[{"embeddable":true,"href":"https:\/\/dimensionturistica.com\/es\/wp-json\/wp\/v2\/comments?post=389797"}],"version-history":[{"count":0,"href":"https:\/\/dimensionturistica.com\/es\/wp-json\/wp\/v2\/posts\/389797\/revisions"}],"wp:featuredmedia":[{"embeddable":true,"href":"https:\/\/dimensionturistica.com\/es\/wp-json\/wp\/v2\/media\/389810"}],"wp:attachment":[{"href":"https:\/\/dimensionturistica.com\/es\/wp-json\/wp\/v2\/media?parent=389797"}],"wp:term":[{"taxonomy":"category","embeddable":true,"href":"https:\/\/dimensionturistica.com\/es\/wp-json\/wp\/v2\/categories?post=389797"},{"taxonomy":"post_tag","embeddable":true,"href":"https:\/\/dimensionturistica.com\/es\/wp-json\/wp\/v2\/tags?post=389797"}],"curies":[{"name":"wp","href":"https:\/\/api.w.org\/{rel}","templated":true}]}}