{"id":389626,"date":"2022-09-19T13:32:36","date_gmt":"2022-09-19T13:32:36","guid":{"rendered":"https:\/\/dimensionturistica.com\/es\/?p=389626"},"modified":"2022-09-19T13:32:36","modified_gmt":"2022-09-19T13:32:36","slug":"navieras-de-cruceros-ponen-su-mirada-en-los-atractivos-turisticos-de-ronda","status":"publish","type":"post","link":"https:\/\/dimensionturistica.com\/es\/navieras-de-cruceros-ponen-su-mirada-en-los-atractivos-turisticos-de-ronda\/","title":{"rendered":"Navieras de cruceros ponen su mirada en los atractivos tur\u00edsticos de Ronda"},"content":{"rendered":"<p> <br \/>\n<\/p>\n<div itemprop=\"articleBody\">\n<p>El delegado de Turismo, \u00c1ngel Mart\u00ednez, ha anunciado que desde Turismo de Ronda se continua con el objetivo de que Ronda forme parte de los destinos a conocer por parte de los miles de cruceristas que vuelven al Puerto de M\u00e1laga tras el par\u00f3n que supuso la pandemia. Para ello una delegaci\u00f3n de la empresa municipal de turismo ha participado, de la mano de Turismo Costa del Sol, en la Seatrade Cruise Med, la feria internacional del sector de cruceros que ha desarrollado durante la pasada semana en el Palacio de Ferias y Congresos de M\u00e1laga (Fycma).<\/p>\n<p>Fruto de este trabajo ha estado la visita a Ronda durante el pasado fin de semana de representantes de hasta siete empresas cruceristas. Mart\u00ednez ha explicado que se ha tratado de una visita de inspecci\u00f3n a trav\u00e9s de Calypso, agencia especializada en cruceros, con el objetivo de Ronda est\u00e9 dentro de las excursiones que se ofertan a estos viajeros.<\/p>\n<p>\u201cHa sido una visita muy satisfactoria que ha permitido que conozcan la riqueza patrimonial de la ciudad, la gastronom\u00eda y tambi\u00e9n algunas bodegas\u201d, ha se\u00f1alado el delegado.<\/p>\n<\/p><\/div>\n\n<p><em> &#8221; Fuentes www.diarioronda.es &#8221; <\/em><\/p>\n","protected":false},"excerpt":{"rendered":"<p>El delegado de Turismo, \u00c1ngel Mart\u00ednez, ha anunciado que desde Turismo de Ronda se continua con el objetivo de que Ronda forme parte de los destinos a conocer por parte de los miles de cruceristas que vuelven al Puerto de M\u00e1laga tras el par\u00f3n que supuso la pandemia. Para ello una delegaci\u00f3n de la empresa [&hellip;]<\/p>\n","protected":false},"author":4,"featured_media":389627,"comment_status":"open","ping_status":"closed","sticky":false,"template":"","format":"standard","meta":{"om_disable_all_campaigns":false,"jnews-multi-image_gallery":[],"jnews_single_post":[],"jnews_primary_category":[],"jnews_social_meta":[],"footnotes":""},"categories":[41],"tags":[543,715,544,545],"class_list":["post-389626","post","type-post","status-publish","format-standard","has-post-thumbnail","hentry","category-cruceros","tag-cruceros","tag-economia","tag-turismo","tag-viajes"],"_links":{"self":[{"href":"https:\/\/dimensionturistica.com\/es\/wp-json\/wp\/v2\/posts\/389626","targetHints":{"allow":["GET"]}}],"collection":[{"href":"https:\/\/dimensionturistica.com\/es\/wp-json\/wp\/v2\/posts"}],"about":[{"href":"https:\/\/dimensionturistica.com\/es\/wp-json\/wp\/v2\/types\/post"}],"author":[{"embeddable":true,"href":"https:\/\/dimensionturistica.com\/es\/wp-json\/wp\/v2\/users\/4"}],"replies":[{"embeddable":true,"href":"https:\/\/dimensionturistica.com\/es\/wp-json\/wp\/v2\/comments?post=389626"}],"version-history":[{"count":0,"href":"https:\/\/dimensionturistica.com\/es\/wp-json\/wp\/v2\/posts\/389626\/revisions"}],"wp:featuredmedia":[{"embeddable":true,"href":"https:\/\/dimensionturistica.com\/es\/wp-json\/wp\/v2\/media\/389627"}],"wp:attachment":[{"href":"https:\/\/dimensionturistica.com\/es\/wp-json\/wp\/v2\/media?parent=389626"}],"wp:term":[{"taxonomy":"category","embeddable":true,"href":"https:\/\/dimensionturistica.com\/es\/wp-json\/wp\/v2\/categories?post=389626"},{"taxonomy":"post_tag","embeddable":true,"href":"https:\/\/dimensionturistica.com\/es\/wp-json\/wp\/v2\/tags?post=389626"}],"curies":[{"name":"wp","href":"https:\/\/api.w.org\/{rel}","templated":true}]}}