{"id":389499,"date":"2022-09-19T08:52:40","date_gmt":"2022-09-19T08:52:40","guid":{"rendered":"https:\/\/dimensionturistica.com\/es\/?p=389499"},"modified":"2022-09-19T08:52:40","modified_gmt":"2022-09-19T08:52:40","slug":"tui-lanza-una-campana-con-un-10-descuento-para-viajar-a-costa-rica-en-invierno","status":"publish","type":"post","link":"https:\/\/dimensionturistica.com\/es\/tui-lanza-una-campana-con-un-10-descuento-para-viajar-a-costa-rica-en-invierno\/","title":{"rendered":"TUI lanza una campa\u00f1a con un 10% descuento para viajar a Costa Rica en invierno"},"content":{"rendered":"<p> <br \/>\n<\/p>\n<div>\n<p>Costa Rica quiere recuperar los buenos datos tur\u00edsticos previos a la pandemia. Va por el buen camino. Durante el primer semestre de 2022, el pa\u00eds ha recibido m\u00e1s de 1,2 millones de turistas. Unas cifras a\u00fan inferiores a las del mismo periodo en 2019 pero que transmiten confianza y buenas perspectivas para los pr\u00f3ximos a\u00f1os.<\/p>\n<p>Los viajeros espa\u00f1oles han vuelto a retomar el inter\u00e9s por este destino. Se ha percibido en verano, y se espera que proceed as\u00ed durante los meses de oto\u00f1o e invierno. Por eso, TUI acaba de lanzar una campa\u00f1a con un 10% de descuento para las reservas realizadas a trav\u00e9s es.tui.com en toda la programaci\u00f3n del bolet\u00edn digital de ofertas: \u201cCosta Rica &#8211; Salidas Garantizadas Invierno 2022-2023\u201d.<\/p>\n<div class=\"wysiwyg-photo\">\n<div class=\"wysiwyg-photo\"><img decoding=\"async\" src=\"https:\/\/static.hosteltur.com\/app\/public\/uploads\/img\/releases\/2022\/09\/19\/L_103111_promociones-550x350-campana-costa-rica-salidas-gar.jpg\" alt=\"Imagen nota de prensa Hosteltur\" width=\"550\" height=\"350\"\/><\/div><\/div>\n<p>La promoci\u00f3n est\u00e1 activa desde hoy, d\u00eda 19 de septiembre, y hasta el 3 de octubre, ambos inclusive. Por su parte, el per\u00edodo disponible para viajar est\u00e1 abierto desde el 1 octubre hasta el 31 de marzo de 2023.<\/p>\n<p>La mayorista ha elaborado 8 ofertas para viajes de 9 d\u00edas \/ 7 noches desde 1.587\u20ac con salidas garantizadas los martes y s\u00e1bados desde Madrid.<\/p>\n<p>Entre las principales condiciones de esta acci\u00f3n destacan que la promoci\u00f3n no es acumulable a ninguna otra oferta y\/o campa\u00f1a. Tampoco es aplicable para grupos.<\/p>\n<\/p><\/div>\n\n<p><em> &#8221; Fuentes www.hosteltur.com &#8221; <\/em><\/p>\n","protected":false},"excerpt":{"rendered":"<p>Costa Rica quiere recuperar los buenos datos tur\u00edsticos previos a la pandemia. Va por el buen camino. Durante el primer semestre de 2022, el pa\u00eds ha recibido m\u00e1s de 1,2 millones de turistas. Unas cifras a\u00fan inferiores a las del mismo periodo en 2019 pero que transmiten confianza y buenas perspectivas para los pr\u00f3ximos a\u00f1os. [&hellip;]<\/p>\n","protected":false},"author":4,"featured_media":389500,"comment_status":"open","ping_status":"closed","sticky":false,"template":"","format":"standard","meta":{"om_disable_all_campaigns":false,"jnews-multi-image_gallery":[],"jnews_single_post":[],"jnews_primary_category":[],"jnews_social_meta":[],"footnotes":""},"categories":[39],"tags":[572],"class_list":["post-389499","post","type-post","status-publish","format-standard","has-post-thumbnail","hentry","category-viajes","tag-distribucion"],"_links":{"self":[{"href":"https:\/\/dimensionturistica.com\/es\/wp-json\/wp\/v2\/posts\/389499","targetHints":{"allow":["GET"]}}],"collection":[{"href":"https:\/\/dimensionturistica.com\/es\/wp-json\/wp\/v2\/posts"}],"about":[{"href":"https:\/\/dimensionturistica.com\/es\/wp-json\/wp\/v2\/types\/post"}],"author":[{"embeddable":true,"href":"https:\/\/dimensionturistica.com\/es\/wp-json\/wp\/v2\/users\/4"}],"replies":[{"embeddable":true,"href":"https:\/\/dimensionturistica.com\/es\/wp-json\/wp\/v2\/comments?post=389499"}],"version-history":[{"count":0,"href":"https:\/\/dimensionturistica.com\/es\/wp-json\/wp\/v2\/posts\/389499\/revisions"}],"wp:featuredmedia":[{"embeddable":true,"href":"https:\/\/dimensionturistica.com\/es\/wp-json\/wp\/v2\/media\/389500"}],"wp:attachment":[{"href":"https:\/\/dimensionturistica.com\/es\/wp-json\/wp\/v2\/media?parent=389499"}],"wp:term":[{"taxonomy":"category","embeddable":true,"href":"https:\/\/dimensionturistica.com\/es\/wp-json\/wp\/v2\/categories?post=389499"},{"taxonomy":"post_tag","embeddable":true,"href":"https:\/\/dimensionturistica.com\/es\/wp-json\/wp\/v2\/tags?post=389499"}],"curies":[{"name":"wp","href":"https:\/\/api.w.org\/{rel}","templated":true}]}}