{"id":389494,"date":"2022-09-19T08:48:35","date_gmt":"2022-09-19T08:48:35","guid":{"rendered":"https:\/\/dimensionturistica.com\/es\/?p=389494"},"modified":"2022-09-19T08:48:35","modified_gmt":"2022-09-19T08:48:35","slug":"ebro-foods-un-dividendo-del-12-para-engordar-la-cartera-en-octubre","status":"publish","type":"post","link":"https:\/\/dimensionturistica.com\/es\/ebro-foods-un-dividendo-del-12-para-engordar-la-cartera-en-octubre\/","title":{"rendered":"Ebro Foods, un dividendo del 1,2% para engordar la cartera en octubre"},"content":{"rendered":"<p> <br \/>\n<\/p>\n<div>\n<p>Es uno de los cl\u00e1sicos del dividendo espa\u00f1ol. El fabricante de pasta <a target=\"_blank\" href=\"https:\/\/www.eleconomista.es\/empresa\/EBRO-FOODS\" rel=\"noopener\">Ebro Foods<\/a> ofrece <b>una de las retribuciones m\u00e1s s\u00f3lidas y <i>visibles<\/i><\/b><i> <\/i>de todo el \u00cdndice Normal de la Bolsa de Madrid. Hace ya muchos meses que confirm\u00f3 su entrega del pr\u00f3ximo 3 de octubre.<i><a target=\"_blank\" href=\"https:\/\/www.eleconomista.es\/mercados-cotizaciones\/ecodividendo\/calendario.php\" rel=\"noopener\"> Consulte aqu\u00ed el calendario de dividendos.<\/a><\/i><\/p>\n<p>El \u00faltimo d\u00eda para entrar en el valor es el mi\u00e9rcoles 28 de septiembre (el 29 sus t\u00edtulos cotizar\u00e1n ya sin derecho a este dividendo). Los tradicionales 0,19 euros que repartir\u00e1 la compa\u00f1\u00eda entre sus accionistas<b> ofrecen una rentabilidad del 1,2%<\/b>. <a target=\"_blank\" href=\"https:\/\/www.eleconomista.es\/empresa\/EBRO-FOODS\" rel=\"noopener\">Ebro <\/a>retribuye tres veces el a\u00f1o, generalmente en abril, junio y octubre, pagos que en los dos \u00faltimos a\u00f1os <a target=\"_blank\" href=\"https:\/\/www.eleconomista.es\/mercados-cotizaciones\/noticias\/11507635\/12\/21\/El-Gordo-de-Navidad-de-Ebro-Foods-alcanza-una-rentabilidad-del-34.html\" rel=\"noopener\">han venido seguidos de un extraordinario en diciembre<\/a>.\u00a0<\/p>\n<p>El mercado, seg\u00fan recoge <i>Bloomberg<\/i>, espera que el grupo contin\u00fae manteniendo estable ese importe de 19 c\u00e9ntimos, y esa periodicidad trimestral en sus retribuciones. Quien se posicione ahora en el valor recibir\u00e1, de aqu\u00ed a junio de 2023, 0,57 euros, que en los precios actuales <b>permiten embolsarse un 3,6%<\/b>.\u00a0<\/p>\n<h2>M\u00e1ximo hist\u00f3rico en pleno Covid <\/h2>\n<p>Este fabricante de productos b\u00e1sicos -arroz y pasta- pudo permitirse mantener su dividendo incluso en lo peor de la pandemia de Covid-19. De hecho, <b>su m\u00e1ximo hist\u00f3rico burs\u00e1til lo toc\u00f3 precisamente en 2020<\/b> (el 29 de diciembre, concretamente), en los 17,64 euros. Hoy cotiza un 9% m\u00e1s abajo. En lo que llevamos de 2022, cede en el parqu\u00e9 algo m\u00e1s de un 5%.<\/p>\n<p>La compa\u00f1\u00eda recibe una recomendaci\u00f3n de mantener por parte del consenso de mercado que recoge FactSet. A ra\u00edz de<a target=\"_blank\" href=\"https:\/\/www.eleconomista.es\/retail-consumo\/noticias\/11884321\/07\/22\/Ebro-Food-obtiene-un-beneficio-de-567-millones-de-euros-un-47-menos-que-en-2021.html\" rel=\"noopener\"> su presentaci\u00f3n de resultados semestrales <\/a>el pasado mes de julio, los analistas de Renta 4 emitieron un positivo informe. <b>&#8220;Los resultados han estado en l\u00ednea con nuestras estimaciones <\/b>y las del consenso de mercado, lo que ha llevado a la compa\u00f1\u00eda a mejorar su gu\u00eda de final de a\u00f1o en t\u00e9rminos de ebitda [resultado bruto de explotaci\u00f3n] a superar el registrado en 2022 en t\u00e9rminos comparables&#8221;, se\u00f1alaba C\u00e9sar S\u00e1nchez-Grande, <i>head of Institutional Analysis <\/i>del banco, que destacaba: &#8220;El ebitda creci\u00f3 un 14,3%, hasta los 169,9 millones de euros, a pesar del impacto de la inflaci\u00f3n de materias primas, costes auxiliares, transporte, energ\u00eda y salariales, gracias a la positiva posici\u00f3n de inventarios de principios de a\u00f1o, el aumento de vol\u00famenes de venta y cambios en la log\u00edstica de la materia prima&#8221;.<\/p>\n<h2>Otras entregas cercanas\u00a0 <\/h2>\n<p><a target=\"_blank\" href=\"https:\/\/www.eleconomista.es\/empresa\/EBRO-FOODS\" rel=\"noopener\">Ebro Foods<\/a> es uno de los cinco integrantes de la cartera del EcoDividendo, la estrategia de<i> elEconomista.es<\/i> que recoge los pagos pr\u00f3ximos m\u00e1s atractivos de la bolsa espa\u00f1ola. M\u00e1s all\u00e1 del Ebro, <b>otros dividendos espa\u00f1oles est\u00e1n ya cerca en el calendario<\/b>. Es el caso del de <a target=\"_blank\" href=\"https:\/\/www.eleconomista.es\/empresa\/BANKINTER\" rel=\"noopener\">Bankinter<\/a>, que sigue sin confirmarse pero que se espera para el 30 de septiembre. Su rentabilidad -tras las subidas en bolsa del banco de los \u00faltimos d\u00edas- se sit\u00faa en el 1,1%. <a target=\"_blank\" href=\"https:\/\/www.eleconomista.es\/mercados-cotizaciones\/ecodividendo\/calendario.php\" rel=\"noopener\">Tambi\u00e9n a falta de confirmaci\u00f3n est\u00e1n todav\u00eda los pagos de L\u00ednea Directa, Catalana Occidente o Prosegur Cash<\/a>.<\/p>\n<div class=\"Article__socialShareContent text-center d-flex justify-content-center align-items-center\">\n<span class=\"d-none\">comentarios<\/span><a target=\"_blank\" href=\"#1648118541665_forum\" onclick=\"jQuery('#not_11948767 .articleZone_Footer').show();window.dataLayer.push({'event': 'event', 'eventoCategoria': 'noticia','eventoAccion': 'boton-flotante-comentarios','eventoEtiqueta': 'Ir a comentar'});\" rel=\"noopener\"><svg xmlns=\"http:\/\/www.w3.org\/2000\/svg\" height=\"34px\" viewbox=\"0 0 24 24\" width=\"34px\" fill=\"currentColor\" style=\"vertical-align: middle;\"><path d=\"M0 0h24v24H0z\" fill=\"none\"\/><path d=\"M21 6h-2v9H6v2c0 .55.45 1 1 1h11l4 4V7c0-.55-.45-1-1-1zm-4 6V3c0-.55-.45-1-1-1H3c-.55 0-1 .45-1 1v14l4-4h10c.55 0 1-.45 1-1z\"\/><\/svg><span class=\"badge badge-danger\">0<\/span><\/a><span class=\"d-none\">WhatsApp<\/span><a target=\"_blank\" href=\"https:\/\/api.whatsapp.com\/send?text=https:\/\/www.eleconomista.es\/mercados-cotizaciones\/noticias\/11948767\/09\/22\/Ebro-Foods-un-dividendo-del-12-para-engordar-la-cartera-en-octubre.html?utm_source%3Dwhatsapp%26utm_medium%3Dshare_button&amp;id=1648118629957_whatsapp\" data-action=\"share\/whatsapp\/share\" rel=\"noopener\"><img decoding=\"async\" style=\"vertical-align:middle;\" onclick=\"window.dataLayer.push({'event': 'event', 'eventoCategoria': 'noticia','eventoAccion': 'boton-flotante-whatsapp','eventoEtiqueta': 'Compartir en Whatsapp'});\" src=\"https:\/\/s03.s3c.es\/imag3\/iconos\/svg\/whatsAppGreen.svg\" width=\"33px\" height=\"33px\" alt=\"WhatsApp\"\/><\/a><span class=\"d-none\">Fb<\/span><a target=\"_blank\" onclick=\"return abrirFacebook();\" href=\"#1648118806784_facebook\" rel=\"noopener\"><img decoding=\"async\" style=\"vertical-align:middle;\" onclick=\"window.dataLayer.push({'event': 'event', 'eventoCategoria': 'noticia','eventoAccion': 'boton-flotante-facebook','eventoEtiqueta': 'Compartir en Facebook'});\" src=\"https:\/\/s03.s3c.es\/imag3\/iconos\/svg\/facebookBlue.svg\" width=\"22px\" height=\"34.05px\" alt=\"Facebook\"\/><\/a><span class=\"d-none\">Twitter<\/span><a target=\"_blank\" href=\"https:\/\/twitter.com\/share?text=Ebro+Foods%2C+un+dividendo+del+1%2C2%25+para+engordar+la+cartera+en+octubre&amp;url=https:\/\/www.eleconomista.es\/mercados-cotizaciones\/noticias\/11948767\/09\/22\/Ebro-Foods-un-dividendo-del-12-para-engordar-la-cartera-en-octubre.html&amp;via=elEconomistaes&amp;id=1648118839245_twitter\" rel=\"noopener\"><img decoding=\"async\" style=\"vertical-align:middle;\" onclick=\"window.dataLayer.push({'event': 'event', 'eventoCategoria': 'noticia','eventoAccion': 'boton-flotante-twitter','eventoEtiqueta': 'Compartir en Twitter'});\" src=\"https:\/\/s03.s3c.es\/imag3\/iconos\/svg\/twitterBlue.svg\" width=\"33px\" height=\"33px\" alt=\"Twitter\"\/><\/a><span class=\"d-none\">Linkedin<\/span><a target=\"_blank\" onclick=\"return abrirLinkedin();\" href=\"#1648118858235_linkedin\" rel=\"noopener\"><img decoding=\"async\" style=\"vertical-align:middle;\" onclick=\"window.dataLayer.push({'event': 'event', 'eventoCategoria': 'noticia','eventoAccion': 'boton-flotante-linkedin','eventoEtiqueta': 'Compartir en Linkedin'});\" src=\"https:\/\/s03.s3c.es\/imag3\/iconos\/svg\/linkedinBlue.svg\" width=\"33px\" height=\"33px\" alt=\"linkedin\"\/><\/a>\n<\/div>\n<\/div>\n<p><script async src=\"\/\/platform.twitter.com\/widgets.js\" charset=\"utf-8\"><\/script><script>\n  !function(f,b,e,v,n,t,s)\n  {if(f.fbq)return;n=f.fbq=function(){n.callMethod?\n  n.callMethod.apply(n,arguments):n.queue.push(arguments)};\n  if(!f._fbq)f._fbq=n;n.push=n;n.loaded=!0;n.version='2.0';\n  n.queue=[];t=b.createElement(e);t.async=!0;\n  t.src=v;s=b.getElementsByTagName(e)[0];\n  s.parentNode.insertBefore(t,s)}(window, document,'script',\n  'https:\/\/connect.facebook.net\/en_US\/fbevents.js');\n  fbq('init', '113015305983050');\n  fbq('track', 'PageView');\n<\/script><br \/>\n<br \/><\/p>\n<p><em> \u2018 The preceding article may include information circulated by third parties \u2019 <\/em><\/p>\n<p><em> \u2018 Some details of this article were extracted from the following source www.eleconomista.es \u2019 <\/em><\/p>\n","protected":false},"excerpt":{"rendered":"<p>Es uno de los cl\u00e1sicos del dividendo espa\u00f1ol. El fabricante de pasta Ebro Foods ofrece una de las retribuciones m\u00e1s s\u00f3lidas y visibles de todo el \u00cdndice Normal de la Bolsa de Madrid. Hace ya muchos meses que confirm\u00f3 su entrega del pr\u00f3ximo 3 de octubre. Consulte aqu\u00ed el calendario de dividendos. El \u00faltimo d\u00eda [&hellip;]<\/p>\n","protected":false},"author":2,"featured_media":334966,"comment_status":"open","ping_status":"closed","sticky":false,"template":"","format":"standard","meta":{"om_disable_all_campaigns":false,"jnews-multi-image_gallery":[],"jnews_single_post":[],"jnews_primary_category":[],"jnews_social_meta":[],"footnotes":""},"categories":[43],"tags":[],"class_list":["post-389494","post","type-post","status-publish","format-standard","has-post-thumbnail","hentry","category-gourmet"],"_links":{"self":[{"href":"https:\/\/dimensionturistica.com\/es\/wp-json\/wp\/v2\/posts\/389494","targetHints":{"allow":["GET"]}}],"collection":[{"href":"https:\/\/dimensionturistica.com\/es\/wp-json\/wp\/v2\/posts"}],"about":[{"href":"https:\/\/dimensionturistica.com\/es\/wp-json\/wp\/v2\/types\/post"}],"author":[{"embeddable":true,"href":"https:\/\/dimensionturistica.com\/es\/wp-json\/wp\/v2\/users\/2"}],"replies":[{"embeddable":true,"href":"https:\/\/dimensionturistica.com\/es\/wp-json\/wp\/v2\/comments?post=389494"}],"version-history":[{"count":0,"href":"https:\/\/dimensionturistica.com\/es\/wp-json\/wp\/v2\/posts\/389494\/revisions"}],"wp:featuredmedia":[{"embeddable":true,"href":"https:\/\/dimensionturistica.com\/es\/wp-json\/wp\/v2\/media\/334966"}],"wp:attachment":[{"href":"https:\/\/dimensionturistica.com\/es\/wp-json\/wp\/v2\/media?parent=389494"}],"wp:term":[{"taxonomy":"category","embeddable":true,"href":"https:\/\/dimensionturistica.com\/es\/wp-json\/wp\/v2\/categories?post=389494"},{"taxonomy":"post_tag","embeddable":true,"href":"https:\/\/dimensionturistica.com\/es\/wp-json\/wp\/v2\/tags?post=389494"}],"curies":[{"name":"wp","href":"https:\/\/api.w.org\/{rel}","templated":true}]}}