{"id":389035,"date":"2022-09-18T02:49:35","date_gmt":"2022-09-18T02:49:35","guid":{"rendered":"https:\/\/dimensionturistica.com\/es\/?p=389035"},"modified":"2022-09-18T02:49:35","modified_gmt":"2022-09-18T02:49:35","slug":"cordoba-se-posiciona-como-destino-turistico-y-logistico-en-la-seatrade-cruise-med-2022-de-malaga","status":"publish","type":"post","link":"https:\/\/dimensionturistica.com\/es\/cordoba-se-posiciona-como-destino-turistico-y-logistico-en-la-seatrade-cruise-med-2022-de-malaga\/","title":{"rendered":"C\u00f3rdoba se posiciona como destino tur\u00edstico y log\u00edstico en la Seatrade Cruise Med 2022 de M\u00e1laga"},"content":{"rendered":"<p> <br \/>\n<\/p>\n<div>\n<p>La delegada de Reactivaci\u00f3n Econ\u00f3mica y presidenta del Instituto Municipal de Desarrollo Econ\u00f3mico y Empleo de C\u00f3rdoba (Imdeec), Blanca Torrent (PP), ha presentado este jueves el proyecto &#8216;C\u00f3rdoba, ciudad de experiencias&#8217; para posicionar la capital como destino tur\u00edstico y log\u00edstico, en el Seatrade Cruise Med 2022: la mayor feria profesional del mundo del sector cruceros, que se celebra en el Palacio de Ferias y Congresos de M\u00e1laga (Fycma).<\/p>\n<div class=\"ad-slot oat oat-visible oat-top \" data-mark=\"Publicidad\" style=\"height: 115px;\"><a rel=\"nofollow noopener\" target=\"_blank\" href=\"https:\/\/www.cordobahoy.es\/ads\/20191107095839069033\"> <img loading=\"lazy\" decoding=\"async\" src=\"https:\/\/dimensionturistica.com\/es\/wp-content\/uploads\/2022\/09\/Cordoba-se-posiciona-como-destino-turistico-y-logistico-en-la.jpg\" width=\"620\" height=\"100\" class=\"lazyload\"  \/> <\/a><\/div>\n<p>Este encuentro, en el que participan las principales empresas de la industria, autoridades portuarias y m\u00e1s de 2.000 profesionales y 150 expositores de 70 pa\u00edses supone &#8220;una oportunidad \u00fanica para generar contactos con los puertos del Mediterr\u00e1neo y las navieras m\u00e1s importantes del mundo&#8221;, ha valorado la edil en una nota.<\/p>\n<p>Igualmente, &#8220;se refuerza la proyecci\u00f3n de C\u00f3rdoba a nivel internacional para atraer visitantes del turismo de cruceros y como referencia en el transporte de mercanc\u00edas por v\u00eda mar\u00edtima&#8221;, ha explicado Torrent.<\/p>\n<div class=\"ad-slot oat oat-visible oat-top \" data-mark=\"Publicidad\" style=\"height: 115px;\"><a rel=\"nofollow noopener\" target=\"_blank\" href=\"https:\/\/www.cordobahoy.es\/ads\/20200218090853074294\"> <img loading=\"lazy\" decoding=\"async\" src=\"https:\/\/dimensionturistica.com\/es\/wp-content\/uploads\/2022\/09\/Cordoba-se-posiciona-como-destino-turistico-y-logistico-en-la.gif\" width=\"620\" height=\"100\" class=\"lazyload\"  \/> <\/a><\/div>\n<p>La presidenta del Imdeec tambi\u00e9n ha organizado un encuentro entre empresas de C\u00f3rdoba y empresas cruceristas para generar sinergias y oportunidades entre ambas. &#8220;El objetivo de esta reuni\u00f3n es promocionar las visitas a la ciudad entre las miles de personas que llegan cada a\u00f1o al puerto de M\u00e1laga, y que las turoperadoras y navieras complementen sus viajes y oferten excursiones a C\u00f3rdoba como parte de su crucero&#8221;, ha apuntado.<\/p>\n<p>Tambi\u00e9n, se pretende &#8220;acercar la log\u00edstica mar\u00edtima a las pymes locales y mostrar la importancia log\u00edstica de C\u00f3rdoba como nudo de comunicaciones a las empresas m\u00e1s importantes del sector naviero&#8221;, ha detallado Torrent.<\/p>\n<div class=\"ad-slot oat oat-visible oat-top \" data-mark=\"Publicidad\" style=\"height: 115px;\"><a rel=\"nofollow noopener\" target=\"_blank\" href=\"https:\/\/www.cordobahoy.es\/ads\/20200330111057076354\"> <img loading=\"lazy\" decoding=\"async\" src=\"https:\/\/dimensionturistica.com\/es\/wp-content\/uploads\/2022\/09\/1663469374_338_Cordoba-se-posiciona-como-destino-turistico-y-logistico-en-la.gif\" width=\"620\" height=\"100\" class=\"lazyload\"  \/> <\/a><\/div>\n<p>Seg\u00fan ha expuesto, &#8220;la distancia y conexiones entre M\u00e1laga y C\u00f3rdoba por carretera y ferrocarril no s\u00f3lo permiten atraer visitantes, sino generar oportunidades y nuevas v\u00edas de desarrollo econ\u00f3mico en la importaci\u00f3n y exportaci\u00f3n de mercanc\u00edas&#8221;.<\/p>\n<p>&#8220;Somos la ciudad de Europa con m\u00e1s declaraciones Patrimonio Mundial&#8221;, ha ensalzado la concejal, quien ha agregado que &#8220;tambi\u00e9n somos uno de los grandes nudos log\u00edsticos de Europa, por nuestra situaci\u00f3n en el eje central de los corredores de transporte Mediterr\u00e1neo y Atl\u00e1ntico, y por proyectos como la Base del Ej\u00e9rcito de Tierra&#8221;.<\/p>\n<div class=\"ad-slot oat oat-visible oat-top \" data-mark=\"Publicidad\" style=\"height: 115px;\"><a rel=\"nofollow noopener\" target=\"_blank\" href=\"https:\/\/www.cordobahoy.es\/ads\/20170320172933024478\"> <img loading=\"lazy\" decoding=\"async\" src=\"https:\/\/dimensionturistica.com\/es\/wp-content\/uploads\/2022\/09\/1663469374_567_Cordoba-se-posiciona-como-destino-turistico-y-logistico-en-la.gif\" width=\"620\" height=\"100\" class=\"lazyload\"  \/> <\/a><\/div>\n<p>La participaci\u00f3n de C\u00f3rdoba en el Seatrade Cruise Med 2022 ha contado con la presencia y el apoyo de la Confederaci\u00f3n de Empresarios de C\u00f3rdoba (CECO), Hostecor y el Consejo Regulador de la Denominaci\u00f3n de Origen Montilla-Moriles.<\/p>\n<\/p><\/div>\n\n<p><em> &#8221; Fuentes www.cordobahoy.es &#8221; <\/em><\/p>\n","protected":false},"excerpt":{"rendered":"<p>La delegada de Reactivaci\u00f3n Econ\u00f3mica y presidenta del Instituto Municipal de Desarrollo Econ\u00f3mico y Empleo de C\u00f3rdoba (Imdeec), Blanca Torrent (PP), ha presentado este jueves el proyecto &#8216;C\u00f3rdoba, ciudad de experiencias&#8217; para posicionar la capital como destino tur\u00edstico y log\u00edstico, en el Seatrade Cruise Med 2022: la mayor feria profesional del mundo del sector cruceros, [&hellip;]<\/p>\n","protected":false},"author":4,"featured_media":389036,"comment_status":"open","ping_status":"closed","sticky":false,"template":"","format":"standard","meta":{"om_disable_all_campaigns":false,"jnews-multi-image_gallery":[],"jnews_single_post":[],"jnews_primary_category":[],"jnews_social_meta":[],"footnotes":""},"categories":[41],"tags":[558],"class_list":["post-389035","post","type-post","status-publish","format-standard","has-post-thumbnail","hentry","category-cruceros","tag-cordoba"],"_links":{"self":[{"href":"https:\/\/dimensionturistica.com\/es\/wp-json\/wp\/v2\/posts\/389035","targetHints":{"allow":["GET"]}}],"collection":[{"href":"https:\/\/dimensionturistica.com\/es\/wp-json\/wp\/v2\/posts"}],"about":[{"href":"https:\/\/dimensionturistica.com\/es\/wp-json\/wp\/v2\/types\/post"}],"author":[{"embeddable":true,"href":"https:\/\/dimensionturistica.com\/es\/wp-json\/wp\/v2\/users\/4"}],"replies":[{"embeddable":true,"href":"https:\/\/dimensionturistica.com\/es\/wp-json\/wp\/v2\/comments?post=389035"}],"version-history":[{"count":0,"href":"https:\/\/dimensionturistica.com\/es\/wp-json\/wp\/v2\/posts\/389035\/revisions"}],"wp:featuredmedia":[{"embeddable":true,"href":"https:\/\/dimensionturistica.com\/es\/wp-json\/wp\/v2\/media\/389036"}],"wp:attachment":[{"href":"https:\/\/dimensionturistica.com\/es\/wp-json\/wp\/v2\/media?parent=389035"}],"wp:term":[{"taxonomy":"category","embeddable":true,"href":"https:\/\/dimensionturistica.com\/es\/wp-json\/wp\/v2\/categories?post=389035"},{"taxonomy":"post_tag","embeddable":true,"href":"https:\/\/dimensionturistica.com\/es\/wp-json\/wp\/v2\/tags?post=389035"}],"curies":[{"name":"wp","href":"https:\/\/api.w.org\/{rel}","templated":true}]}}