{"id":388969,"date":"2022-09-17T22:55:00","date_gmt":"2022-09-17T22:55:00","guid":{"rendered":"https:\/\/dimensionturistica.com\/es\/?p=388969"},"modified":"2022-09-17T22:55:00","modified_gmt":"2022-09-17T22:55:00","slug":"queretaro-promueve-su-region-de-vinos-ante-lideres-mexicanos","status":"publish","type":"post","link":"https:\/\/dimensionturistica.com\/es\/queretaro-promueve-su-region-de-vinos-ante-lideres-mexicanos\/","title":{"rendered":"Quer\u00e9taro promueve su Regi\u00f3n de Vinos ante l\u00edderes mexicanos"},"content":{"rendered":"<p>Con el objetivo de promover activamente a la Regi\u00f3n de Vinos de Quer\u00e9taro, la Secretar\u00eda de Turismo del estado particip\u00f3 como entidad invitada en la \u201cComida Anual de los 300 l\u00edderes m\u00e1s influyentes de M\u00e9xico\u201d.<br \/>\nCon la renovada imagen como destino tur\u00edstico \u201cQuer\u00e9taro, y entonces encontr\u00e9 M\u00e9xico\u201d, la comitiva queretana encabezada por Adriana Vega V\u00e1zquez Mellado, Directora de Promoci\u00f3n Tur\u00edstica del estado, present\u00f3 ante los<img decoding=\"async\" class=\"size-medium wp-image-388971 alignright\" src=\"https:\/\/dimensionturistica.com\/es\/wp-content\/uploads\/2022\/09\/unnamed-2-15-300x200.jpg\" alt=\"\" width=\"300\" height=\"200\" srcset=\"https:\/\/dimensionturistica.com\/es\/wp-content\/uploads\/2022\/09\/unnamed-2-15-300x200.jpg 300w, https:\/\/dimensionturistica.com\/es\/wp-content\/uploads\/2022\/09\/unnamed-2-15-768x512.jpg 768w, https:\/\/dimensionturistica.com\/es\/wp-content\/uploads\/2022\/09\/unnamed-2-15-750x500.jpg 750w, https:\/\/dimensionturistica.com\/es\/wp-content\/uploads\/2022\/09\/unnamed-2-15.jpg 1024w\" sizes=\"(max-width: 300px) 100vw, 300px\" \/> asistentes los atractivos y la oferta tur\u00edstica que se encuentra en la zona vitivin\u00edcola de Quer\u00e9taro, considerada el segundo producto de mayor relevancia para el sector tur\u00edstico de la entidad.<br \/>\nDurante esta comida anual que re\u00fane a personalidades l\u00edderes en rubros como la pol\u00edtica, el deporte, la ciencia, el entretenimiento y la cultura, Quer\u00e9taro present\u00f3 su Regi\u00f3n de Vinos como una de sus cuatro regiones tur\u00edsticas, donde se <img decoding=\"async\" class=\"size-medium wp-image-388972 alignleft\" src=\"https:\/\/dimensionturistica.com\/es\/wp-content\/uploads\/2022\/09\/unnamed-1-21-300x200.jpg\" alt=\"\" width=\"300\" height=\"200\" srcset=\"https:\/\/dimensionturistica.com\/es\/wp-content\/uploads\/2022\/09\/unnamed-1-21-300x200.jpg 300w, https:\/\/dimensionturistica.com\/es\/wp-content\/uploads\/2022\/09\/unnamed-1-21-768x512.jpg 768w, https:\/\/dimensionturistica.com\/es\/wp-content\/uploads\/2022\/09\/unnamed-1-21-750x500.jpg 750w, https:\/\/dimensionturistica.com\/es\/wp-content\/uploads\/2022\/09\/unnamed-1-21.jpg 1024w\" sizes=\"(max-width: 300px) 100vw, 300px\" \/>pueden visitar m\u00e1s de 30 vi\u00f1edos o vin\u00edcolas, conocer el proceso artesanal del vino, degustar deliciosa gastronom\u00eda, conocer las impresionantes cavas queseras, recorrer tres Pueblos M\u00e1gicos y disfrutar de un sinf\u00edn de actividades y servicios tur\u00edsticos de alta calidad.<br \/>\nLa Regi\u00f3n de Vinos recibe alrededor de un mill\u00f3n de visitantes al a\u00f1o y genera una derrama econ\u00f3mica de m\u00e1s de cuatro mil millones de pesos. En la entidad hay vi\u00f1edos productores en siete de los 18 municipios, en poco m\u00e1s de 600 hect\u00e1reas.<br \/>\nLa entidad produce cerca de 3.5 millones de botellas cada a\u00f1o, en m\u00e1s 100 etiquetas; e incluso esta regi\u00f3n ha sido considerada como \u201cel nuevo Napa Valley\u201d por la Gu\u00eda Tur\u00edstica Internacional Travel Lemming.<br \/>\nLa Comida Anual de los 300 l\u00edderes m\u00e1s influyentes de M\u00e9xico es organizada por la publicaci\u00f3n de circulaci\u00f3n nacional \u201cL\u00edderes\u201d, donde a\u00f1o con a\u00f1o se reconoce a las m\u00e1s destacadas personalidades de m\u00faltiples sectores del pa\u00eds.<\/p>\n","protected":false},"excerpt":{"rendered":"<p>Con el objetivo de promover activamente a la Regi\u00f3n de Vinos de Quer\u00e9taro, la Secretar\u00eda de Turismo del estado particip\u00f3 como entidad invitada en la \u201cComida Anual de los 300 l\u00edderes m\u00e1s influyentes de M\u00e9xico\u201d. Con la renovada imagen como destino tur\u00edstico \u201cQuer\u00e9taro, y entonces encontr\u00e9 M\u00e9xico\u201d, la comitiva queretana encabezada por Adriana Vega V\u00e1zquez [&hellip;]<\/p>\n","protected":false},"author":1,"featured_media":388970,"comment_status":"open","ping_status":"closed","sticky":false,"template":"","format":"standard","meta":{"om_disable_all_campaigns":false,"jnews-multi-image_gallery":[],"jnews_single_post":{"source_name":"","source_url":"","via_name":"","via_url":"","override_template":"0","override":[{"template":"1","single_blog_custom":"","parallax":"1","fullscreen":"1","layout":"right-sidebar","sidebar":"default-sidebar","second_sidebar":"default-sidebar","sticky_sidebar":"1","share_position":"top","share_float_style":"share-monocrhome","show_share_counter":"1","show_view_counter":"1","show_featured":"1","show_post_meta":"1","show_post_author":"1","show_post_author_image":"1","show_post_date":"1","post_date_format":"default","post_date_format_custom":"Y\/m\/d","show_post_category":"1","show_post_reading_time":"0","post_reading_time_wpm":"300","show_zoom_button":"0","zoom_button_out_step":"2","zoom_button_in_step":"3","show_post_tag":"1","show_prev_next_post":"1","show_popup_post":"1","number_popup_post":"1","show_author_box":"0","show_post_related":"0","show_inline_post_related":"0"}],"override_image_size":"0","image_override":[{"single_post_thumbnail_size":"crop-500","single_post_gallery_size":"crop-500"}],"trending_post":"0","trending_post_position":"meta","trending_post_label":"Trending","sponsored_post":"0","sponsored_post_label":"Sponsored by","sponsored_post_name":"","sponsored_post_url":"","sponsored_post_logo_enable":"0","sponsored_post_logo":"","sponsored_post_desc":"","disable_ad":"0"},"jnews_primary_category":{"id":""},"jnews_social_meta":{"fb_title":"","fb_description":"","fb_image":"","twitter_title":"","twitter_description":"","twitter_image":""},"footnotes":""},"categories":[39],"tags":[],"class_list":["post-388969","post","type-post","status-publish","format-standard","has-post-thumbnail","hentry","category-viajes"],"_links":{"self":[{"href":"https:\/\/dimensionturistica.com\/es\/wp-json\/wp\/v2\/posts\/388969","targetHints":{"allow":["GET"]}}],"collection":[{"href":"https:\/\/dimensionturistica.com\/es\/wp-json\/wp\/v2\/posts"}],"about":[{"href":"https:\/\/dimensionturistica.com\/es\/wp-json\/wp\/v2\/types\/post"}],"author":[{"embeddable":true,"href":"https:\/\/dimensionturistica.com\/es\/wp-json\/wp\/v2\/users\/1"}],"replies":[{"embeddable":true,"href":"https:\/\/dimensionturistica.com\/es\/wp-json\/wp\/v2\/comments?post=388969"}],"version-history":[{"count":0,"href":"https:\/\/dimensionturistica.com\/es\/wp-json\/wp\/v2\/posts\/388969\/revisions"}],"wp:featuredmedia":[{"embeddable":true,"href":"https:\/\/dimensionturistica.com\/es\/wp-json\/wp\/v2\/media\/388970"}],"wp:attachment":[{"href":"https:\/\/dimensionturistica.com\/es\/wp-json\/wp\/v2\/media?parent=388969"}],"wp:term":[{"taxonomy":"category","embeddable":true,"href":"https:\/\/dimensionturistica.com\/es\/wp-json\/wp\/v2\/categories?post=388969"},{"taxonomy":"post_tag","embeddable":true,"href":"https:\/\/dimensionturistica.com\/es\/wp-json\/wp\/v2\/tags?post=388969"}],"curies":[{"name":"wp","href":"https:\/\/api.w.org\/{rel}","templated":true}]}}