{"id":388948,"date":"2022-09-17T22:39:40","date_gmt":"2022-09-17T22:39:40","guid":{"rendered":"https:\/\/dimensionturistica.com\/es\/?p=388948"},"modified":"2022-09-17T22:39:40","modified_gmt":"2022-09-17T22:39:40","slug":"los-rumberos-y-cielito-querido-cafe-apapachan-a-sus-fans","status":"publish","type":"post","link":"https:\/\/dimensionturistica.com\/es\/los-rumberos-y-cielito-querido-cafe-apapachan-a-sus-fans\/","title":{"rendered":"Los Rumberos y Cielito Querido Caf\u00e9 apapachan a sus fans"},"content":{"rendered":"<p>En medio de las \u00faltimas lluvias de la temporada y los fr\u00edos que cada vez se dejan sentir m\u00e1s, siempre cae muy bien un apapacho del sol y consentirse con algo que nos recuerde lo refrescante del mar y la arena. Y si esa experiencia es aderezada con la m\u00fasica de uno de los duetos alternativos mexicanos m\u00e1s sonados del<img decoding=\"async\" class=\"size-medium wp-image-388955 alignright\" src=\"https:\/\/dimensionturistica.com\/es\/wp-content\/uploads\/2022\/09\/unnamed-1-20-225x300.jpg\" alt=\"\" width=\"225\" height=\"300\" srcset=\"https:\/\/dimensionturistica.com\/es\/wp-content\/uploads\/2022\/09\/unnamed-1-20-225x300.jpg 225w, https:\/\/dimensionturistica.com\/es\/wp-content\/uploads\/2022\/09\/unnamed-1-20.jpg 580w\" sizes=\"(max-width: 225px) 100vw, 225px\" \/> momento, el resultado deja un gran sabor de boca.<br \/>\nEso es lo que sucedi\u00f3 la tarde del pasado mi\u00e9rcoles 7 de septiembre en la terraza de la sucursal de Cielito Querido Caf\u00e9 de Dakota (col. N\u00e1poles, CDMX), donde como parte de la campa\u00f1a \u201cSabores Que Suenan\u201d, que consiste en d\u00faos de alimentos y bebidas temporales desarrollados por la reconocida chef sinest\u00e9sica Gaby Ruiz a partir de canciones de artistas locales, se llev\u00f3 a cabo una firma de aut\u00f3grafos con Los Rumberos, quienes convivieron con 50 fans que pudieron formar parte de esta experiencia inolvidable, tras ganarse su lugar mediante las redes sociales de la cadena de cafeter\u00edas que emplea insumos y talento 100% mexicanos.<br \/>\nAparte de probar de forma muy especial el d\u00fao de temporada (el \u201cpaste de sol\u201d con su aderezo original y el \u201cagua de olas\u201d, una bebida refrescante con una combinaci\u00f3n muy interesante de sabores a partir de la naranja <img decoding=\"async\" class=\"size-medium wp-image-388954 alignleft\" src=\"https:\/\/dimensionturistica.com\/es\/wp-content\/uploads\/2022\/09\/unnamed-2-14-225x300.jpg\" alt=\"\" width=\"225\" height=\"300\" srcset=\"https:\/\/dimensionturistica.com\/es\/wp-content\/uploads\/2022\/09\/unnamed-2-14-225x300.jpg 225w, https:\/\/dimensionturistica.com\/es\/wp-content\/uploads\/2022\/09\/unnamed-2-14.jpg 580w\" sizes=\"(max-width: 225px) 100vw, 225px\" \/>para disfrutarse tanto granizada como fr\u00eda), las y los asistentes presenciaron en vivo tres canciones de Los Rumberos, empezando por \u201cLlorando frente al mar\u201d, que fue el tema que se lanz\u00f3 a la par de este men\u00fa por tiempo limitado y el cual fue transformado en el d\u00fao \u201cFrente al mar\u201d por Gaby Ruiz, considerada como la mejor chef mexicana en el 2019.<br \/>\nDurante hora y media, los presentes degustaron el d\u00fao, recibieron un kit especial con regalos de Cielito Querido Caf\u00e9 y Los Rumberos, corearon las refrescantes y pegajosas canciones del dueto conformado por Lito de la Isla y Paul Sefchovich, e incluso pudieron tomarse una foto con los artistas para presumir en sus redes sociales.<br \/>\nEl \u201cpaste de sol\u201d y el \u201cagua de olas\u201d est\u00e1n a la venta exclusivamente en los 80 Cielitos del pa\u00eds, as\u00ed como a trav\u00e9s de Rappi, desde el pasado 11 de julio y hasta el pr\u00f3ximo 18 de septiembre; por lo que si a\u00fan no lo pruebas,<img decoding=\"async\" class=\"size-medium wp-image-388953 alignright\" src=\"https:\/\/dimensionturistica.com\/es\/wp-content\/uploads\/2022\/09\/unnamed-3-7-225x300.jpg\" alt=\"\" width=\"225\" height=\"300\" srcset=\"https:\/\/dimensionturistica.com\/es\/wp-content\/uploads\/2022\/09\/unnamed-3-7-225x300.jpg 225w, https:\/\/dimensionturistica.com\/es\/wp-content\/uploads\/2022\/09\/unnamed-3-7.jpg 580w\" sizes=\"(max-width: 225px) 100vw, 225px\" \/> es momento de ir a tu sucursal m\u00e1s cercana, ponerle play a \u201cLlorando frente al mar\u201d y disfrutar de toda una experiencia de sinestesia y sabor nunca antes vista en las cafeter\u00edas de M\u00e9xico.<br \/>\nMantente al pendiente de las redes sociales de Cielito Querido Caf\u00e9 para descubrir cu\u00e1l ser\u00e1 el pr\u00f3ximo artista en colaborar con \u201cSabores Que Suenan\u201d, adem\u00e1s de poder participar en futuras actividades llenas de sabor y apapachos para el paladar con grandes talentos de la m\u00fasica alternativa nacional: Facebook, Instagram y Twitter.<\/p>\n<p>&nbsp;<\/p>\n","protected":false},"excerpt":{"rendered":"<p>En medio de las \u00faltimas lluvias de la temporada y los fr\u00edos que cada vez se dejan sentir m\u00e1s, siempre cae muy bien un apapacho del sol y consentirse con algo que nos recuerde lo refrescante del mar y la arena. Y si esa experiencia es aderezada con la m\u00fasica de uno de los duetos [&hellip;]<\/p>\n","protected":false},"author":1,"featured_media":388952,"comment_status":"open","ping_status":"closed","sticky":false,"template":"","format":"standard","meta":{"om_disable_all_campaigns":false,"jnews-multi-image_gallery":[],"jnews_single_post":{"source_name":"","source_url":"","via_name":"","via_url":"","override_template":"0","override":[{"template":"1","single_blog_custom":"","parallax":"1","fullscreen":"1","layout":"right-sidebar","sidebar":"default-sidebar","second_sidebar":"default-sidebar","sticky_sidebar":"1","share_position":"top","share_float_style":"share-monocrhome","show_share_counter":"1","show_view_counter":"1","show_featured":"1","show_post_meta":"1","show_post_author":"1","show_post_author_image":"1","show_post_date":"1","post_date_format":"default","post_date_format_custom":"Y\/m\/d","show_post_category":"1","show_post_reading_time":"0","post_reading_time_wpm":"300","show_zoom_button":"0","zoom_button_out_step":"2","zoom_button_in_step":"3","show_post_tag":"1","show_prev_next_post":"1","show_popup_post":"1","number_popup_post":"1","show_author_box":"0","show_post_related":"0","show_inline_post_related":"0"}],"override_image_size":"0","image_override":[{"single_post_thumbnail_size":"crop-500","single_post_gallery_size":"crop-500"}],"trending_post":"0","trending_post_position":"meta","trending_post_label":"Trending","sponsored_post":"0","sponsored_post_label":"Sponsored by","sponsored_post_name":"","sponsored_post_url":"","sponsored_post_logo_enable":"0","sponsored_post_logo":"","sponsored_post_desc":"","disable_ad":"0"},"jnews_primary_category":{"id":""},"jnews_social_meta":{"fb_title":"","fb_description":"","fb_image":"","twitter_title":"","twitter_description":"","twitter_image":""},"footnotes":""},"categories":[43],"tags":[],"class_list":["post-388948","post","type-post","status-publish","format-standard","has-post-thumbnail","hentry","category-gourmet"],"_links":{"self":[{"href":"https:\/\/dimensionturistica.com\/es\/wp-json\/wp\/v2\/posts\/388948","targetHints":{"allow":["GET"]}}],"collection":[{"href":"https:\/\/dimensionturistica.com\/es\/wp-json\/wp\/v2\/posts"}],"about":[{"href":"https:\/\/dimensionturistica.com\/es\/wp-json\/wp\/v2\/types\/post"}],"author":[{"embeddable":true,"href":"https:\/\/dimensionturistica.com\/es\/wp-json\/wp\/v2\/users\/1"}],"replies":[{"embeddable":true,"href":"https:\/\/dimensionturistica.com\/es\/wp-json\/wp\/v2\/comments?post=388948"}],"version-history":[{"count":0,"href":"https:\/\/dimensionturistica.com\/es\/wp-json\/wp\/v2\/posts\/388948\/revisions"}],"wp:featuredmedia":[{"embeddable":true,"href":"https:\/\/dimensionturistica.com\/es\/wp-json\/wp\/v2\/media\/388952"}],"wp:attachment":[{"href":"https:\/\/dimensionturistica.com\/es\/wp-json\/wp\/v2\/media?parent=388948"}],"wp:term":[{"taxonomy":"category","embeddable":true,"href":"https:\/\/dimensionturistica.com\/es\/wp-json\/wp\/v2\/categories?post=388948"},{"taxonomy":"post_tag","embeddable":true,"href":"https:\/\/dimensionturistica.com\/es\/wp-json\/wp\/v2\/tags?post=388948"}],"curies":[{"name":"wp","href":"https:\/\/api.w.org\/{rel}","templated":true}]}}