{"id":388928,"date":"2022-09-17T22:21:37","date_gmt":"2022-09-17T22:21:37","guid":{"rendered":"https:\/\/dimensionturistica.com\/es\/?p=388928"},"modified":"2022-09-17T22:22:45","modified_gmt":"2022-09-17T22:22:45","slug":"guanajuato-presente-en-la-14va-edicion-del-vallarta-nayarit-gastronomica","status":"publish","type":"post","link":"https:\/\/dimensionturistica.com\/es\/guanajuato-presente-en-la-14va-edicion-del-vallarta-nayarit-gastronomica\/","title":{"rendered":"Guanajuato presente en la 14va edici\u00f3n del Vallarta Nayarit Gastron\u00f3mica"},"content":{"rendered":"<p>Como parte de la estrategia de sustentabilidad de Guanajuato, el Estado participar\u00e1 en la 14va. edici\u00f3n del \u201cVallarta Nayarit Gastron\u00f3mica\u201d, evento que se llevar\u00e1 a cabo del 12 al 18 de octubre.<br \/>\nDurante la rueda de prensa en Ciudad de M\u00e9xico, para presentar las actividades del festival, en representaci\u00f3n<\/p>\n<p><img decoding=\"async\" class=\"size-medium wp-image-388930 alignright\" src=\"https:\/\/dimensionturistica.com\/es\/wp-content\/uploads\/2022\/09\/VALLARTA2-300x237.jpg\" alt=\"\" width=\"300\" height=\"237\" srcset=\"https:\/\/dimensionturistica.com\/es\/wp-content\/uploads\/2022\/09\/VALLARTA2-300x237.jpg 300w, https:\/\/dimensionturistica.com\/es\/wp-content\/uploads\/2022\/09\/VALLARTA2.jpg 450w\" sizes=\"(max-width: 300px) 100vw, 300px\" \/><\/p>\n<p>del maestro Juan Jos\u00e9 \u00c1lvarez Brunel, secretario de Turismo del Estado de Guanajuato; Javier Valverde Pol\u00edn, director general de Desarrollo Tur\u00edstico de la SECTUR, mencion\u00f3 que el destino se suma a la gastronom\u00eda sustentable y participar\u00e1 con todos los conocimientos gastron\u00f3micos en materia de sustentabilidad.<br \/>\nAdem\u00e1s, enfatiz\u00f3 que el Estado de Guanajuato es el \u00fanico destino en M\u00e9xico en contar con un modelo y manual de sustentabilidad, herramienta basada en los Criterios Globales de Turismo Sostenible y que tiene como objetivo principal el fomento de la implementaci\u00f3n de buenas pr\u00e1cticas en empresas, destinos y al interior de la SECTUR.<br \/>\nDel 12 al 18 de octubre, teniendo como sede el Hotel Sheraton Buganvilias de Puerto Vallarta, se llevar\u00e1 a cabo este encuentro que sirve de puente entre los actores m\u00e1s relevantes de la industria de la gastronom\u00eda y el turismo; y tendr\u00e1 la participaci\u00f3n de estados y pa\u00edses invitados, as\u00ed como una lista privilegiada de chefs, mix\u00f3logos, bartenders, sommeliers, expertos en sustentabilidad en sus diferentes temas, profesionales y conferencistas destacados.<br \/>\nDurante una semana, los asistentes podr\u00e1n disfrutar de actividades como Showcookings en vivo, Catas Premium, Talleres Gourmet, Zona Expo para conocer y degustar la gastronom\u00eda de los diferentes Estados invitados de la mano de sus Chefs Embajadores y tambi\u00e9n marcas de gran prestigio, conferencias magistrales de expertos.<br \/>\nAs\u00ed como Encuentros empresariales y de networking con selectos protagonistas y numerosos happenings y un Gran Panel de Sustentabilidad con expertos destacados de la pesca, ganader\u00eda, y deforestaci\u00f3n.<br \/>\nEste 2022 del VNG ser\u00e1 la edici\u00f3n de la esperanza, la de la confianza de volver a la normalidad, trabajando en que la industria tur\u00edstica y gastron\u00f3mica avance firme y fuerte. En esta ocasi\u00f3n, la 14va. edici\u00f3n, estar\u00e1 dedicada a un tema ineludible para el planeta como es la Sustentabilidad.<\/p>\n<p><img decoding=\"async\" class=\"size-medium wp-image-388932 alignright\" src=\"https:\/\/dimensionturistica.com\/es\/wp-content\/uploads\/2022\/09\/VALLARTA4-300x191.jpg\" alt=\"\" width=\"300\" height=\"191\" srcset=\"https:\/\/dimensionturistica.com\/es\/wp-content\/uploads\/2022\/09\/VALLARTA4-300x191.jpg 300w, https:\/\/dimensionturistica.com\/es\/wp-content\/uploads\/2022\/09\/VALLARTA4.jpg 450w\" sizes=\"(max-width: 300px) 100vw, 300px\" \/><\/p>\n<p>Durante la rueda de prensa tambi\u00e9n estuvieron presentes Carlos Elizondo Ramos, Director de Vallarta Nayarit Gastron\u00f3mica; Consuelo Elipe Ramos, Directora de Vallarta Nayarit Gastron\u00f3mica; Luis Villase\u00f1or, Director del Fideicomiso de Turismo de Puerto Vallarta; Jorge Olivarez Novalez, Coordinador del Sello de la Gastronom\u00eda Mexicana en el Exterior.<br \/>\nAs\u00ed como Fernando Villalba Torres, Consejero de Turismo de la Embajada de Espa\u00f1a en M\u00e9xico; Juan Enrique Su\u00e1rez Del Real Tostado, Secretario de Turismo del Estado de Nayarit; Antonio Montesinos, Director y Fundador del Centro de Turismo Gastron\u00f3mico Cegaho; y Bernardo Corral Mateos, Gerente General HS Hotsson CDMX Condesa.<\/p>\n","protected":false},"excerpt":{"rendered":"<p>Como parte de la estrategia de sustentabilidad de Guanajuato, el Estado participar\u00e1 en la 14va. edici\u00f3n del \u201cVallarta Nayarit Gastron\u00f3mica\u201d, evento que se llevar\u00e1 a cabo del 12 al 18 de octubre. Durante la rueda de prensa en Ciudad de M\u00e9xico, para presentar las actividades del festival, en representaci\u00f3n del maestro Juan Jos\u00e9 \u00c1lvarez Brunel, [&hellip;]<\/p>\n","protected":false},"author":1,"featured_media":388929,"comment_status":"open","ping_status":"closed","sticky":false,"template":"","format":"standard","meta":{"om_disable_all_campaigns":false,"jnews-multi-image_gallery":[],"jnews_single_post":{"source_name":"","source_url":"","via_name":"","via_url":"","override_template":"0","override":[{"template":"1","single_blog_custom":"","parallax":"1","fullscreen":"1","layout":"right-sidebar","sidebar":"default-sidebar","second_sidebar":"default-sidebar","sticky_sidebar":"1","share_position":"top","share_float_style":"share-monocrhome","show_share_counter":"1","show_view_counter":"1","show_featured":"1","show_post_meta":"1","show_post_author":"1","show_post_author_image":"1","show_post_date":"1","post_date_format":"default","post_date_format_custom":"Y\/m\/d","show_post_category":"1","show_post_reading_time":"0","post_reading_time_wpm":"300","show_zoom_button":"0","zoom_button_out_step":"2","zoom_button_in_step":"3","show_post_tag":"1","show_prev_next_post":"1","show_popup_post":"1","number_popup_post":"1","show_author_box":"0","show_post_related":"0","show_inline_post_related":"0"}],"override_image_size":"0","image_override":[{"single_post_thumbnail_size":"crop-500","single_post_gallery_size":"crop-500"}],"trending_post":"0","trending_post_position":"meta","trending_post_label":"Trending","sponsored_post":"0","sponsored_post_label":"Sponsored by","sponsored_post_name":"","sponsored_post_url":"","sponsored_post_logo_enable":"0","sponsored_post_logo":"","sponsored_post_desc":"","disable_ad":"0"},"jnews_primary_category":{"id":""},"jnews_social_meta":{"fb_title":"","fb_description":"","fb_image":"","twitter_title":"","twitter_description":"","twitter_image":""},"footnotes":""},"categories":[43],"tags":[],"class_list":["post-388928","post","type-post","status-publish","format-standard","has-post-thumbnail","hentry","category-gourmet"],"_links":{"self":[{"href":"https:\/\/dimensionturistica.com\/es\/wp-json\/wp\/v2\/posts\/388928","targetHints":{"allow":["GET"]}}],"collection":[{"href":"https:\/\/dimensionturistica.com\/es\/wp-json\/wp\/v2\/posts"}],"about":[{"href":"https:\/\/dimensionturistica.com\/es\/wp-json\/wp\/v2\/types\/post"}],"author":[{"embeddable":true,"href":"https:\/\/dimensionturistica.com\/es\/wp-json\/wp\/v2\/users\/1"}],"replies":[{"embeddable":true,"href":"https:\/\/dimensionturistica.com\/es\/wp-json\/wp\/v2\/comments?post=388928"}],"version-history":[{"count":0,"href":"https:\/\/dimensionturistica.com\/es\/wp-json\/wp\/v2\/posts\/388928\/revisions"}],"wp:featuredmedia":[{"embeddable":true,"href":"https:\/\/dimensionturistica.com\/es\/wp-json\/wp\/v2\/media\/388929"}],"wp:attachment":[{"href":"https:\/\/dimensionturistica.com\/es\/wp-json\/wp\/v2\/media?parent=388928"}],"wp:term":[{"taxonomy":"category","embeddable":true,"href":"https:\/\/dimensionturistica.com\/es\/wp-json\/wp\/v2\/categories?post=388928"},{"taxonomy":"post_tag","embeddable":true,"href":"https:\/\/dimensionturistica.com\/es\/wp-json\/wp\/v2\/tags?post=388928"}],"curies":[{"name":"wp","href":"https:\/\/api.w.org\/{rel}","templated":true}]}}