{"id":388725,"date":"2022-09-17T08:11:49","date_gmt":"2022-09-17T08:11:49","guid":{"rendered":"https:\/\/dimensionturistica.com\/es\/?p=388725"},"modified":"2022-09-17T08:11:50","modified_gmt":"2022-09-17T08:11:50","slug":"por-que-el-peru-es-considerado-uno-de-los-mejores-destinos-turisticos-del-mundo-noticias","status":"publish","type":"post","link":"https:\/\/dimensionturistica.com\/es\/por-que-el-peru-es-considerado-uno-de-los-mejores-destinos-turisticos-del-mundo-noticias\/","title":{"rendered":"\u00bfPor qu\u00e9 el Per\u00fa es considerado uno de los mejores destinos tur\u00edsticos del mundo? | Noticias"},"content":{"rendered":"<p> <br \/>\n<\/p>\n<p style=\"display: inline;\">\n                        El Per\u00fa es uno de los destinos tur\u00edsticos favoritos de viajeros nacionales e internacionales. De acuerdo con el Ministerio de Comercio Exterior y Turismo (Mincetur), solo entre el 1\u00b0 de enero y el 29 de mayo del presente a\u00f1o nos visitaron 514,000 turistas internacionales y se espera atraer 1.5 millones de visitantes al closing del a\u00f1o.<\/p>\n<div>\n<p>Y es que los turistas encuentran en nuestro pa\u00eds: diversidad cultural, riqueza pure, hist\u00f3rica y variedad gastron\u00f3mica.\u00a0\u00a0<\/p>\n<p>Ello convierte al Per\u00fa en el destino ideally suited para vivir experiencias \u00fanicas. De ello dan fe los importantes reconocimientos que se recibieron en los World Journey Awards Sudam\u00e9rica 2022, conocidos como \u201cLos Oscar del Turismo\u201d, d\u00f3nde nuestro pa\u00eds recibi\u00f3 galardones como: Mejor Destino Culinario de Sudam\u00e9rica, Mejor Destino Cultural de Sudam\u00e9rica y Mejor Atractivo Tur\u00edstico de Sudam\u00e9rica (Machu Picchu).\u00a0<\/p>\n<p>En ese contexto la agencia de viajes con presencia en Latinoam\u00e9rica, Costamar Journey, representante oficial de la empresa de cruceros Royal Caribbean en Per\u00fa, comparte las claves de por qu\u00e9 el Per\u00fa es considerado uno de los mejores destinos tur\u00edsticos del mundo:\u00a0<\/p>\n<p><strong>Gastronom\u00eda variada\u00a0<\/strong><\/p>\n<p>El Per\u00fa es un pa\u00eds multi premiado a nivel mundial por la gastronom\u00eda, lo que ha tra\u00eddo consigo una reputaci\u00f3n que atrae a cada vez m\u00e1s turistas. Dentro del perfil de los visitantes a nuestro pa\u00eds, est\u00e1n las edades a partir de los 25 a\u00f1os a m\u00e1s, quienes solicitan el que se incluya un circuito culinario, pues consideran la experiencia gastron\u00f3mica como parte de la cultura del pa\u00eds.\u00a0\u00a0<\/p>\n<p>As\u00ed tambi\u00e9n, el precise perfil demanda lo que son experiencias vivenciales, d\u00f3nde el turista aprende a preparar los platillos de la mano de cocineros nacionales. Promper\u00fa estima que este a\u00f1o los turistas motivados por la gastronom\u00eda generar\u00e1n un ingreso de m\u00e1s de 200 millones de d\u00f3lares y se proyecta que para el 2023 nos visitar\u00e1n 277,651 extranjeros con el &#8220;principal objetivo de conocer nuestra oferta culinaria&#8221;.\u00a0<\/p>\n<p><strong>Pa\u00eds multicultural\u00a0<\/strong><\/p>\n<p>El territorio nacional est\u00e1 habitado por diversos pueblos, cada uno con diferentes pr\u00e1cticas, costumbres y formas de concebir la vida y el bienestar. Ello es atractivo para la demanda tur\u00edstica pues pueden vivir miles de experiencias en un solo pa\u00eds.\u00a0\u00a0<\/p>\n<p>El perfil de esta demanda va a partir de los 22 a\u00f1os, d\u00f3nde son: grupo de amigos, parejas y familias. En cuanto a destinos culturales m\u00e1s solicitados, est\u00e1n: Cuzco, debido a la historia y atractivos visuales; luego est\u00e1 Nazca, atra\u00eddos principalmente por las L\u00edneas de Nazca; tambi\u00e9n Arequipa, d\u00f3nde los turistas sobretodo solicitan visitar el Ca\u00f1\u00f3n del Colca.\u00a0\u00a0<\/p>\n<p>Asimismo, se ha observado una creciente demanda por Turismo Vivencial, d\u00f3nde los viajeros conviven, participan con las comunidades visitadas.\u00a0<\/p>\n<p><strong>S\u00e9tima maravilla del mundo\u00a0<\/strong><\/p>\n<p>Machu Picchu es una de las siete nuevas maravillas del mundo, un reconocimiento que ha sido el principal issue de tantas visitas realizadas por turistas nacionales e internacionales, quienes tambi\u00e9n llega al destino por encontrarse en la \u201czona c\u00e9ntrica de Sudam\u00e9rica\u201d.\u00a0\u00a0<\/p>\n<p>Solo en el primer trimestre del 2022, Machu Picchu recibi\u00f3 a m\u00e1s de 144,000 visitantes, cifra que se espera siga en crecimiento para finales del presente a\u00f1o. Y es que actualmente, es \u00edcono tur\u00edstico peruano por excelencia, d\u00f3nde se experimenta aventura, historia y m\u00e1gica energ\u00eda.\u00a0<\/p>\n<p><strong>Nuevas demandas del turismo interno\u00a0<\/strong><\/p>\n<p>De igual manera, a nivel interno, se ha observado una creciente demanda por crucero, d\u00f3nde con respecto al 2021, las reservaciones en el mercado peruano por cruceros han crecido alrededor del 25% y se espera un incremento en las consultas del servicio de 35% especialmente a los denominados \u201cCruceros sin visa\u201d.\u00a0\u00a0<\/p>\n<p><strong>M\u00e1s en Andina:<\/strong><\/p>\n<blockquote class=\"twitter-tweet\">\n<p lang=\"es\" dir=\"ltr\">La pol\u00edtica de la Reserva Federal de EE.UU. desplegada para controlar la inflaci\u00f3n pone en riesgo la recuperaci\u00f3n de los activos financieros, sostuvo el vicepresidente de Soluciones de Portafolio de Credicorp Capital Asset Administration, Jorge Beingolea. <a rel=\"nofollow noopener\" target=\"_blank\" href=\"https:\/\/t.co\/oFSNEjlRTS\">https:\/\/t.co\/oFSNEjlRTS<\/a> <a rel=\"nofollow noopener\" target=\"_blank\" href=\"https:\/\/t.co\/saTMadAvuW\">pic.twitter.com\/saTMadAvuW<\/a><\/p>\n<p>\u2014 Agencia Andina (@Agencia_Andina) <a rel=\"nofollow noopener\" target=\"_blank\" href=\"https:\/\/twitter.com\/Agencia_Andina\/status\/1570123334678896642?ref_src=twsrc%5Etfw\">September 14, 2022<\/a><\/p><\/blockquote>\n<p>(FIN) NDP\/SDD<\/p>\n<\/div>\n<p><script async src=\"\/\/platform.twitter.com\/widgets.js\" charset=\"utf-8\"><\/script><br \/>\n<br \/><\/p>\n<p><em> &#8221; Fuentes andina.pe &#8221; <\/em><\/p>\n","protected":false},"excerpt":{"rendered":"<p>El Per\u00fa es uno de los destinos tur\u00edsticos favoritos de viajeros nacionales e internacionales. De acuerdo con el Ministerio de Comercio Exterior y Turismo (Mincetur), solo entre el 1\u00b0 de enero y el 29 de mayo del presente a\u00f1o nos visitaron 514,000 turistas internacionales y se espera atraer 1.5 millones de visitantes al closing del [&hellip;]<\/p>\n","protected":false},"author":4,"featured_media":388726,"comment_status":"open","ping_status":"closed","sticky":false,"template":"","format":"standard","meta":{"om_disable_all_campaigns":false,"jnews-multi-image_gallery":[],"jnews_single_post":[],"jnews_primary_category":[],"jnews_social_meta":[],"footnotes":""},"categories":[41],"tags":[715,544,545],"class_list":["post-388725","post","type-post","status-publish","format-standard","has-post-thumbnail","hentry","category-cruceros","tag-economia","tag-turismo","tag-viajes"],"_links":{"self":[{"href":"https:\/\/dimensionturistica.com\/es\/wp-json\/wp\/v2\/posts\/388725","targetHints":{"allow":["GET"]}}],"collection":[{"href":"https:\/\/dimensionturistica.com\/es\/wp-json\/wp\/v2\/posts"}],"about":[{"href":"https:\/\/dimensionturistica.com\/es\/wp-json\/wp\/v2\/types\/post"}],"author":[{"embeddable":true,"href":"https:\/\/dimensionturistica.com\/es\/wp-json\/wp\/v2\/users\/4"}],"replies":[{"embeddable":true,"href":"https:\/\/dimensionturistica.com\/es\/wp-json\/wp\/v2\/comments?post=388725"}],"version-history":[{"count":0,"href":"https:\/\/dimensionturistica.com\/es\/wp-json\/wp\/v2\/posts\/388725\/revisions"}],"wp:featuredmedia":[{"embeddable":true,"href":"https:\/\/dimensionturistica.com\/es\/wp-json\/wp\/v2\/media\/388726"}],"wp:attachment":[{"href":"https:\/\/dimensionturistica.com\/es\/wp-json\/wp\/v2\/media?parent=388725"}],"wp:term":[{"taxonomy":"category","embeddable":true,"href":"https:\/\/dimensionturistica.com\/es\/wp-json\/wp\/v2\/categories?post=388725"},{"taxonomy":"post_tag","embeddable":true,"href":"https:\/\/dimensionturistica.com\/es\/wp-json\/wp\/v2\/tags?post=388725"}],"curies":[{"name":"wp","href":"https:\/\/api.w.org\/{rel}","templated":true}]}}