{"id":388643,"date":"2022-09-17T00:02:45","date_gmt":"2022-09-17T00:02:45","guid":{"rendered":"https:\/\/dimensionturistica.com\/es\/?p=388643"},"modified":"2022-09-17T00:02:46","modified_gmt":"2022-09-17T00:02:46","slug":"profesionales-de-la-industria-global-de-viajes-se-reuniran-en-panama-la-proxima-semana","status":"publish","type":"post","link":"https:\/\/dimensionturistica.com\/es\/profesionales-de-la-industria-global-de-viajes-se-reuniran-en-panama-la-proxima-semana\/","title":{"rendered":"Profesionales de la industria global de viajes se reunir\u00e1n en Panam\u00e1, la pr\u00f3xima semana"},"content":{"rendered":"<p> <br \/>\n<\/p>\n<div>\n<p style=\"text-align: justify;\">Profesionales de la industria world de viajes se reunir\u00e1n del 21 al 23 de septiembre en la <strong>Ciudad de Panam\u00e1, durante TravelMart LatinAmerica 2022 (TMLA\u201922).<\/strong><\/p>\n<p style=\"text-align: justify;\">Para esta actividad se espera la asistencia de unos 250 operadores tur\u00edsticos, mayoristas, planificadores de reuniones, empresas de incentivos de turismo procedentes de <strong>Estados Unidos, Canad\u00e1, Europa y Latinoam\u00e9rica.<\/strong><\/p>\n<p style=\"text-align: justify;\">Panam\u00e1, por cuarta ocasi\u00f3n,\u00a0 vuelve a ser sede de este evento, por lo que se ha generado gran expectativa entre los compradores y proveedores visitantes.<\/p>\n<p style=\"text-align: justify;\">M\u00e1s de 2 mil citas han sido previamente agendadas, con un estimado de m\u00e1s de 3 millones de d\u00f3lares en oportunidades de negocio, permitiendo a los participantes discutir contratos existentes, desarrollar nuevos contactos <strong>y productos y llenar vacantes de viajes de \u00faltima hora.<\/strong><\/p>\n<p style=\"text-align: justify;\">&#8220;Desde la organizaci\u00f3n de mercadeo de destino, venimos trabajando en atraer los principales eventos internacionales al pa\u00eds, como una forma de continuar posicion\u00e1ndonos como referentes\u00a0 en la industria de reuniones y convenciones en la regi\u00f3n y tambi\u00e9n para el turismo de ocio o vacacional&#8221;, dijo Fernando Fondevila, director common de PromTur Panam\u00e1.\u00a0<\/p>\n<div class=\"temas-relacionados swiper-container-horizontal\"><span class=\"\">Reg\u00edstrate para recibir contenido exclusivo<\/span><\/div>\n<p style=\"text-align: justify;\">Fondevila agreg\u00f3 que el evento representa una oportunidad para dinamizar el turismo en el pa\u00eds, debido a que participar\u00e1n proveedores tur\u00edsticos locales, entre ellos hoteles, tour operadores, agencias de viajes\u00a0 y la purple de c\u00e1maras de turismo.<\/p>\n<style><![CDATA[\n.google-news-banner{\n}\narticle .notas-body figure:not(.l7).google-news-banner{\nmargin: 35px auto !important;\npadding: 7px 0 !important;\nbackground-color: #f1f1f1;\n}\narticle .notas-body  .google-news-banner a{\ndisplay:block;\ntext-align:center;\n}\narticle .notas-body .google-news-banner img{\nwidth:60% !important;\ndisplay: inline;\n}\n]]><\/style>\n<figure class=\"google-news-banner hide20-for-desktop-only\"><a rel=\"nofollow noopener\" target=\"_blank\" href=\"https:\/\/news.google.com\/publications\/CAAqBwgKMOOtwQQw3ppD?hl=es-419&amp;gl=US&amp;ceid=US:es-419\"><img decoding=\"async\" alt=\"Google noticias Panam\u00e1 Am\u00e9rica\" src=\"https:\/\/www.panamaamerica.com.pa\/img\/follow-us-google-news-420v6.png\" width=\"100%\" style=\"\"\/><\/a><\/figure>\n<\/p>\n<p style=\"text-align: justify;\"><strong>Durante los dos d\u00edas del evento, los participantes tendr\u00e1n la oportunidad de negociar productos y servicios en todos los segmentos <a rel=\"nofollow noopener\" target=\"_blank\" href=\"https:\/\/www.panamaamerica.com.pa\/tema\/turismo\">y precios de oferta tur\u00edstica.<\/a><\/strong><\/p>\n<p style=\"text-align: justify;\">De acuerdo con la organizaci\u00f3n, cerca del 80% de los compradores estar\u00e1n interesados en servicios de lujo; el 81% reservar\u00e1n productos\/servicios de precio &#8220;moderado&#8221; y el 30% por viajes de precio econ\u00f3mico.<\/p>\n<p style=\"text-align: justify;\"><strong>La \u00faltima edici\u00f3n\u00a0 de TMLA se desarroll\u00f3 en Quito, Ecuador en el a\u00f1o 2019.<\/strong><\/p>\n<p><strong>\u00a1Mira lo que tiene nuestro canal de YouTube!<\/strong><\/p>\n<p>\u00a0<\/p>\n<div class=\"jeg_video_container jeg_video_content\"><iframe loading=\"lazy\" title=\"Chiriqu\u00ed se encamina a un modelo de agricultura inteligente\" width=\"500\" height=\"281\" src=\"https:\/\/www.youtube.com\/embed\/scx9a3EGe70?feature=oembed\" frameborder=\"0\" allow=\"accelerometer; autoplay; clipboard-write; encrypted-media; gyroscope; picture-in-picture; web-share\" referrerpolicy=\"strict-origin-when-cross-origin\" allowfullscreen><\/iframe><\/div>\n<div class=\"jeg_video_container jeg_video_content\"><iframe loading=\"lazy\" title=\"\u00bfQu\u00e9 pas\u00f3 en Panam\u00e1 con el mara\u00f1\u00f3n &#039;pepita&#039;?\" width=\"500\" height=\"281\" src=\"https:\/\/www.youtube.com\/embed\/k9LlZ962DW4?feature=oembed\" frameborder=\"0\" allow=\"accelerometer; autoplay; clipboard-write; encrypted-media; gyroscope; picture-in-picture; web-share\" referrerpolicy=\"strict-origin-when-cross-origin\" allowfullscreen><\/iframe><\/div>\n<div class=\"jeg_video_container jeg_video_content\"><iframe loading=\"lazy\" title=\"Descubren en Chiriqu\u00ed 17 nuevas especies de macrohongos \u00fanicas en el mundo\" width=\"500\" height=\"281\" src=\"https:\/\/www.youtube.com\/embed\/eSZ1KtmRDcE?feature=oembed\" frameborder=\"0\" allow=\"accelerometer; autoplay; clipboard-write; encrypted-media; gyroscope; picture-in-picture; web-share\" referrerpolicy=\"strict-origin-when-cross-origin\" allowfullscreen><\/iframe><\/div>\n<\/div>\n<p><script type=\"249ca67586d9bc8840daa305-text\/javascript\">\n!function(f,b,e,v,n,t,s)\n{if(f.fbq)return;n=f.fbq=function(){n.callMethod?\nn.callMethod.apply(n,arguments):n.queue.push(arguments)};\nif(!f._fbq)f._fbq=n;n.push=n;n.loaded=!0;n.version='2.0';\nn.queue=[];t=b.createElement(e);t.async=!0;\nt.src=v;s=b.getElementsByTagName(e)[0];\ns.parentNode.insertBefore(t,s)}(window,document,'script',\n'https:\/\/connect.facebook.net\/en_US\/fbevents.js');\nfbq('init', '1993521960918834');\nfbq('track', 'PageView');\n<\/script><br \/>\n<br \/><\/p>\n<p><em> &#8221; Fuentes www.panamaamerica.com.pa &#8221; <\/em><\/p>\n","protected":false},"excerpt":{"rendered":"<p>Profesionales de la industria world de viajes se reunir\u00e1n del 21 al 23 de septiembre en la Ciudad de Panam\u00e1, durante TravelMart LatinAmerica 2022 (TMLA\u201922). Para esta actividad se espera la asistencia de unos 250 operadores tur\u00edsticos, mayoristas, planificadores de reuniones, empresas de incentivos de turismo procedentes de Estados Unidos, Canad\u00e1, Europa y Latinoam\u00e9rica. Panam\u00e1, [&hellip;]<\/p>\n","protected":false},"author":4,"featured_media":374783,"comment_status":"open","ping_status":"closed","sticky":false,"template":"","format":"standard","meta":{"om_disable_all_campaigns":false,"jnews-multi-image_gallery":[],"jnews_single_post":[],"jnews_primary_category":[],"jnews_social_meta":[],"footnotes":""},"categories":[39],"tags":[32962,53560,633],"class_list":["post-388643","post","type-post","status-publish","format-standard","has-post-thumbnail","hentry","category-viajes","tag-convencion","tag-promtour","tag-reuniones"],"_links":{"self":[{"href":"https:\/\/dimensionturistica.com\/es\/wp-json\/wp\/v2\/posts\/388643","targetHints":{"allow":["GET"]}}],"collection":[{"href":"https:\/\/dimensionturistica.com\/es\/wp-json\/wp\/v2\/posts"}],"about":[{"href":"https:\/\/dimensionturistica.com\/es\/wp-json\/wp\/v2\/types\/post"}],"author":[{"embeddable":true,"href":"https:\/\/dimensionturistica.com\/es\/wp-json\/wp\/v2\/users\/4"}],"replies":[{"embeddable":true,"href":"https:\/\/dimensionturistica.com\/es\/wp-json\/wp\/v2\/comments?post=388643"}],"version-history":[{"count":0,"href":"https:\/\/dimensionturistica.com\/es\/wp-json\/wp\/v2\/posts\/388643\/revisions"}],"wp:featuredmedia":[{"embeddable":true,"href":"https:\/\/dimensionturistica.com\/es\/wp-json\/wp\/v2\/media\/374783"}],"wp:attachment":[{"href":"https:\/\/dimensionturistica.com\/es\/wp-json\/wp\/v2\/media?parent=388643"}],"wp:term":[{"taxonomy":"category","embeddable":true,"href":"https:\/\/dimensionturistica.com\/es\/wp-json\/wp\/v2\/categories?post=388643"},{"taxonomy":"post_tag","embeddable":true,"href":"https:\/\/dimensionturistica.com\/es\/wp-json\/wp\/v2\/tags?post=388643"}],"curies":[{"name":"wp","href":"https:\/\/api.w.org\/{rel}","templated":true}]}}