{"id":388523,"date":"2022-09-16T17:57:49","date_gmt":"2022-09-16T17:57:49","guid":{"rendered":"https:\/\/dimensionturistica.com\/es\/?p=388523"},"modified":"2022-09-16T17:57:49","modified_gmt":"2022-09-16T17:57:49","slug":"opinion-antonio-quinones-calderon-desde-el-crucero-el-rumbo-de-la-tormenta-fiona","status":"publish","type":"post","link":"https:\/\/dimensionturistica.com\/es\/opinion-antonio-quinones-calderon-desde-el-crucero-el-rumbo-de-la-tormenta-fiona\/","title":{"rendered":"Opini\u00f3n | Antonio Qui\u00f1ones Calder\u00f3n: Desde el crucero: el rumbo de la tormenta Fiona"},"content":{"rendered":"<p> <br \/>\n<\/p>\n<div>\n<p class=\"content-element\">Creo que, excepto cinco de los cerca de 5,400 pasajeros que ocupan los 2,700 \u201cstaterooms\u201d del inmenso Oasis of the Seas de la empresa Royal Caribbean (a la hora en que escribo navegando desde Nassau, Bahamas, hacia Newark), <b>nadie m\u00e1s aqu\u00ed est\u00e1 pendiente de los mapas que describen la eventual ruta de Fiona<\/b>.<\/p>\n<\/div>\n\n<p><em> &#8221; Fuentes www.elnuevodia.com &#8221; <\/em><\/p>\n","protected":false},"excerpt":{"rendered":"<p>Creo que, excepto cinco de los cerca de 5,400 pasajeros que ocupan los 2,700 \u201cstaterooms\u201d del inmenso Oasis of the Seas de la empresa Royal Caribbean (a la hora en que escribo navegando desde Nassau, Bahamas, hacia Newark), nadie m\u00e1s aqu\u00ed est\u00e1 pendiente de los mapas que describen la eventual ruta de Fiona. &#8221; Fuentes [&hellip;]<\/p>\n","protected":false},"author":4,"featured_media":388524,"comment_status":"open","ping_status":"closed","sticky":false,"template":"","format":"standard","meta":{"om_disable_all_campaigns":false,"jnews-multi-image_gallery":[],"jnews_single_post":[],"jnews_primary_category":[],"jnews_social_meta":[],"footnotes":""},"categories":[41],"tags":[53549,2419,1736,1280,53486,12882],"class_list":["post-388523","post","type-post","status-publish","format-standard","has-post-thumbnail","hentry","category-cruceros","tag-antonio-quinones","tag-bahamas","tag-caribe","tag-crucero","tag-fiona","tag-tormenta"],"_links":{"self":[{"href":"https:\/\/dimensionturistica.com\/es\/wp-json\/wp\/v2\/posts\/388523","targetHints":{"allow":["GET"]}}],"collection":[{"href":"https:\/\/dimensionturistica.com\/es\/wp-json\/wp\/v2\/posts"}],"about":[{"href":"https:\/\/dimensionturistica.com\/es\/wp-json\/wp\/v2\/types\/post"}],"author":[{"embeddable":true,"href":"https:\/\/dimensionturistica.com\/es\/wp-json\/wp\/v2\/users\/4"}],"replies":[{"embeddable":true,"href":"https:\/\/dimensionturistica.com\/es\/wp-json\/wp\/v2\/comments?post=388523"}],"version-history":[{"count":0,"href":"https:\/\/dimensionturistica.com\/es\/wp-json\/wp\/v2\/posts\/388523\/revisions"}],"wp:featuredmedia":[{"embeddable":true,"href":"https:\/\/dimensionturistica.com\/es\/wp-json\/wp\/v2\/media\/388524"}],"wp:attachment":[{"href":"https:\/\/dimensionturistica.com\/es\/wp-json\/wp\/v2\/media?parent=388523"}],"wp:term":[{"taxonomy":"category","embeddable":true,"href":"https:\/\/dimensionturistica.com\/es\/wp-json\/wp\/v2\/categories?post=388523"},{"taxonomy":"post_tag","embeddable":true,"href":"https:\/\/dimensionturistica.com\/es\/wp-json\/wp\/v2\/tags?post=388523"}],"curies":[{"name":"wp","href":"https:\/\/api.w.org\/{rel}","templated":true}]}}