{"id":388478,"date":"2022-09-16T17:20:23","date_gmt":"2022-09-16T17:20:23","guid":{"rendered":"https:\/\/dimensionturistica.com\/es\/?p=388478"},"modified":"2022-09-16T17:20:23","modified_gmt":"2022-09-16T17:20:23","slug":"realiza-su-primer-vuelo-el-avion-raiders-de-viva-aerobus","status":"publish","type":"post","link":"https:\/\/dimensionturistica.com\/es\/realiza-su-primer-vuelo-el-avion-raiders-de-viva-aerobus\/","title":{"rendered":"Realiza su primer vuelo el Avi\u00f3n Raiders de Viva Aerobus"},"content":{"rendered":"<p>Hoy, a las 10:15 am, aterriz\u00f3 por primera vez en el Aeropuerto Internacional Harry Reid la aeronave Airbus de Viva Aerobus dedicada a la Raider Nation, proveniente de la Ciudad de M\u00e9xico. Y es que, recientemente, Viva fue nombrada como la aerol\u00ednea oficial de Las Vegas Raiders en M\u00e9xico y con esta aeronave reafirma su compromiso con el equipo.<br \/>\nSe trata de un Airbus A320ceo perteneciente a la flota m\u00e1s nueva de M\u00e9xico y tercera de toda Norteam\u00e9rica,<img decoding=\"async\" class=\" wp-image-388485 alignright\" src=\"https:\/\/dimensionturistica.com\/es\/wp-content\/uploads\/2022\/09\/Viva-Aerobus_Raiders-300x200.jpeg\" alt=\"\" width=\"404\" height=\"269\" srcset=\"https:\/\/dimensionturistica.com\/es\/wp-content\/uploads\/2022\/09\/Viva-Aerobus_Raiders-300x200.jpeg 300w, https:\/\/dimensionturistica.com\/es\/wp-content\/uploads\/2022\/09\/Viva-Aerobus_Raiders-768x512.jpeg 768w, https:\/\/dimensionturistica.com\/es\/wp-content\/uploads\/2022\/09\/Viva-Aerobus_Raiders-750x500.jpeg 750w, https:\/\/dimensionturistica.com\/es\/wp-content\/uploads\/2022\/09\/Viva-Aerobus_Raiders.jpeg 843w\" sizes=\"(max-width: 404px) 100vw, 404px\" \/> matr\u00edcula XA-VAK, que porta la ic\u00f3nica imagen de Raiders.<br \/>\nEsta aeronave se convierte en el nuevo jugador de este equipo de f\u00fatbol americano, contagiando a pasajeros y espectadores la emoci\u00f3n del deporte en los m\u00e1s de 2 mil vuelos que realizar\u00e1 de manera anual en todo M\u00e9xico y en los destinos que Viva conecta en Estados Unidos.<br \/>\nLa llegada de esta aeronave coincide con la fecha de celebraci\u00f3n del D\u00eda de la Independencia en M\u00e9xico, reforzando as\u00ed un mensaje de uni\u00f3n entre los aficionados de este equipo en <img decoding=\"async\" class=\" wp-image-388487 alignright\" src=\"https:\/\/dimensionturistica.com\/es\/wp-content\/uploads\/2022\/09\/Viva-Aerobus_Raiders-2.jpeg-300x176.jpg\" alt=\"\" width=\"387\" height=\"227\" srcset=\"https:\/\/dimensionturistica.com\/es\/wp-content\/uploads\/2022\/09\/Viva-Aerobus_Raiders-2.jpeg-300x176.jpg 300w, https:\/\/dimensionturistica.com\/es\/wp-content\/uploads\/2022\/09\/Viva-Aerobus_Raiders-2.jpeg-768x452.jpg 768w, https:\/\/dimensionturistica.com\/es\/wp-content\/uploads\/2022\/09\/Viva-Aerobus_Raiders-2.jpeg-750x441.jpg 750w, https:\/\/dimensionturistica.com\/es\/wp-content\/uploads\/2022\/09\/Viva-Aerobus_Raiders-2.jpeg.jpg 966w\" sizes=\"(max-width: 387px) 100vw, 387px\" \/>ambos pa\u00edses. En este contexto, y a manera de festejo por este primer vuelo comercial del avi\u00f3n Raiders, la banda de rock regiomontana, The Warning, ameniz\u00f3 el viaje desde la Ciudad de M\u00e9xico y ya en Las Vegas, Los Raiders entregaron un regalo sorpresa a todos los pasajeros.<br \/>\n&#8220;Somos el primer patrocinador mexicano de Las Vegas Raiders y nos enorgullece unir as\u00ed a las comunidades y aficionados entre M\u00e9xico y Estados Unidos. No s\u00f3lo ofrecemos los precios m\u00e1s bajos y los aviones m\u00e1s nuevos, tambi\u00e9n conectamos a nuestros pasajeros con aquello que les emociona y esta aeronave transmite toda la pasi\u00f3n y grandeza del equipo negro y plata&#8221;, afirm\u00f3 Juan Carlos Zuazua, Director General de Viva Aerobus. \u201c\u00a1Volemos alto con Los Raiders&#8230; Just Win Baby!\u201d.<br \/>\nActualmente, Viva Aerobus opera dos rutas directas a Las Vegas desde la Ciudad de M\u00e9xico y Monterrey, ofreciendo precios bajos, aviones nuevos y vuelos punto a punto.<\/p>\n","protected":false},"excerpt":{"rendered":"<p>Hoy, a las 10:15 am, aterriz\u00f3 por primera vez en el Aeropuerto Internacional Harry Reid la aeronave Airbus de Viva Aerobus dedicada a la Raider Nation, proveniente de la Ciudad de M\u00e9xico. Y es que, recientemente, Viva fue nombrada como la aerol\u00ednea oficial de Las Vegas Raiders en M\u00e9xico y con esta aeronave reafirma su [&hellip;]<\/p>\n","protected":false},"author":1,"featured_media":388486,"comment_status":"open","ping_status":"closed","sticky":false,"template":"","format":"standard","meta":{"om_disable_all_campaigns":false,"jnews-multi-image_gallery":[],"jnews_single_post":{"source_name":"","source_url":"","via_name":"","via_url":"","override_template":"0","override":[{"template":"1","single_blog_custom":"","parallax":"1","fullscreen":"1","layout":"right-sidebar","sidebar":"default-sidebar","second_sidebar":"default-sidebar","sticky_sidebar":"1","share_position":"top","share_float_style":"share-monocrhome","show_share_counter":"1","show_view_counter":"1","show_featured":"1","show_post_meta":"1","show_post_author":"1","show_post_author_image":"1","show_post_date":"1","post_date_format":"default","post_date_format_custom":"Y\/m\/d","show_post_category":"1","show_post_reading_time":"0","post_reading_time_wpm":"300","show_zoom_button":"0","zoom_button_out_step":"2","zoom_button_in_step":"3","show_post_tag":"1","show_prev_next_post":"1","show_popup_post":"1","number_popup_post":"1","show_author_box":"0","show_post_related":"0","show_inline_post_related":"0"}],"override_image_size":"0","image_override":[{"single_post_thumbnail_size":"crop-500","single_post_gallery_size":"crop-500"}],"trending_post":"0","trending_post_position":"meta","trending_post_label":"Trending","sponsored_post":"0","sponsored_post_label":"Sponsored by","sponsored_post_name":"","sponsored_post_url":"","sponsored_post_logo_enable":"0","sponsored_post_logo":"","sponsored_post_desc":"","disable_ad":"0"},"jnews_primary_category":{"id":""},"jnews_social_meta":{"fb_title":"","fb_description":"","fb_image":"","twitter_title":"","twitter_description":"","twitter_image":""},"footnotes":""},"categories":[39],"tags":[],"class_list":["post-388478","post","type-post","status-publish","format-standard","has-post-thumbnail","hentry","category-viajes"],"_links":{"self":[{"href":"https:\/\/dimensionturistica.com\/es\/wp-json\/wp\/v2\/posts\/388478","targetHints":{"allow":["GET"]}}],"collection":[{"href":"https:\/\/dimensionturistica.com\/es\/wp-json\/wp\/v2\/posts"}],"about":[{"href":"https:\/\/dimensionturistica.com\/es\/wp-json\/wp\/v2\/types\/post"}],"author":[{"embeddable":true,"href":"https:\/\/dimensionturistica.com\/es\/wp-json\/wp\/v2\/users\/1"}],"replies":[{"embeddable":true,"href":"https:\/\/dimensionturistica.com\/es\/wp-json\/wp\/v2\/comments?post=388478"}],"version-history":[{"count":0,"href":"https:\/\/dimensionturistica.com\/es\/wp-json\/wp\/v2\/posts\/388478\/revisions"}],"wp:featuredmedia":[{"embeddable":true,"href":"https:\/\/dimensionturistica.com\/es\/wp-json\/wp\/v2\/media\/388486"}],"wp:attachment":[{"href":"https:\/\/dimensionturistica.com\/es\/wp-json\/wp\/v2\/media?parent=388478"}],"wp:term":[{"taxonomy":"category","embeddable":true,"href":"https:\/\/dimensionturistica.com\/es\/wp-json\/wp\/v2\/categories?post=388478"},{"taxonomy":"post_tag","embeddable":true,"href":"https:\/\/dimensionturistica.com\/es\/wp-json\/wp\/v2\/tags?post=388478"}],"curies":[{"name":"wp","href":"https:\/\/api.w.org\/{rel}","templated":true}]}}