{"id":388458,"date":"2022-09-16T16:58:37","date_gmt":"2022-09-16T16:58:37","guid":{"rendered":"https:\/\/dimensionturistica.com\/es\/?p=388458"},"modified":"2022-09-16T16:58:37","modified_gmt":"2022-09-16T16:58:37","slug":"exposicion-del-fc-barcelona-llega-a-monterrey","status":"publish","type":"post","link":"https:\/\/dimensionturistica.com\/es\/exposicion-del-fc-barcelona-llega-a-monterrey\/","title":{"rendered":"Exposici\u00f3n del FC Barcelona llega a Monterrey"},"content":{"rendered":"<p><img decoding=\"async\" class=\"size-medium wp-image-388462 alignright\" src=\"https:\/\/dimensionturistica.com\/es\/wp-content\/uploads\/2022\/09\/Barcelona1-300x200.jpg\" alt=\"\" width=\"300\" height=\"200\" srcset=\"https:\/\/dimensionturistica.com\/es\/wp-content\/uploads\/2022\/09\/Barcelona1-300x200.jpg 300w, https:\/\/dimensionturistica.com\/es\/wp-content\/uploads\/2022\/09\/Barcelona1-1024x683.jpg 1024w, https:\/\/dimensionturistica.com\/es\/wp-content\/uploads\/2022\/09\/Barcelona1-768x512.jpg 768w, https:\/\/dimensionturistica.com\/es\/wp-content\/uploads\/2022\/09\/Barcelona1-750x500.jpg 750w, https:\/\/dimensionturistica.com\/es\/wp-content\/uploads\/2022\/09\/Barcelona1-1140x760.jpg 1140w, https:\/\/dimensionturistica.com\/es\/wp-content\/uploads\/2022\/09\/Barcelona1.jpg 1200w\" sizes=\"(max-width: 300px) 100vw, 300px\" \/>Del 15 de septiembre al 6 de noviembre del presente a\u00f1o, en la ciudad de Monterrey, se presentar\u00e1 Bar\u00e7a, The Exhibition, una exposici\u00f3n itinerante el Club de F\u00fatbol Barcelona que ofrece un recorrido hist\u00f3rico con experiencias interactivas y objetos de gran valor hist\u00f3rico y emotivo para el club blaugrana, as\u00ed como sentir la emoci\u00f3n de un d\u00eda de partido en el Nou Camp.<br \/>\nProducido por FB Barcelona en colaboraci\u00f3n con la empresa mundial de eventos y entretenimiento Proactiv, Bar\u00e7a, The Exhibition est\u00e1 compuesto por nueve salas y es la primera vez que pisa suelo en Am\u00e9rica Latina, as\u00ed, el visitante podr\u00e1 descubrir a trav\u00e9s de una visita audioguiada las haza\u00f1as <img decoding=\"async\" class=\"size-medium wp-image-388463 alignleft\" src=\"https:\/\/dimensionturistica.com\/es\/wp-content\/uploads\/2022\/09\/Barcelona2-300x225.jpg\" alt=\"\" width=\"300\" height=\"225\" srcset=\"https:\/\/dimensionturistica.com\/es\/wp-content\/uploads\/2022\/09\/Barcelona2-300x225.jpg 300w, https:\/\/dimensionturistica.com\/es\/wp-content\/uploads\/2022\/09\/Barcelona2-1024x768.jpg 1024w, https:\/\/dimensionturistica.com\/es\/wp-content\/uploads\/2022\/09\/Barcelona2-768x576.jpg 768w, https:\/\/dimensionturistica.com\/es\/wp-content\/uploads\/2022\/09\/Barcelona2-750x563.jpg 750w, https:\/\/dimensionturistica.com\/es\/wp-content\/uploads\/2022\/09\/Barcelona2-1140x855.jpg 1140w, https:\/\/dimensionturistica.com\/es\/wp-content\/uploads\/2022\/09\/Barcelona2.jpg 1200w\" sizes=\"(max-width: 300px) 100vw, 300px\" \/>deportivas del equipo, el estilo de juego, as\u00ed como vivir en primer persona, la ilusi\u00f3n de estar en el m\u00edtico estadio Nou Camp, gracias al espacio envolvente de 360\u00b0.<br \/>\nTrofeos, balones, playeras, tachones y diversos art\u00edculos utilizados en momentos hist\u00f3ricos del club cul\u00e9, son parte de los objetos de la exhibici\u00f3n que viene directamente del Museo del Bar\u00e7a. Por su parte, La Masia, es un centro formativo en el juego y los valores del Club, donde a trav\u00e9s de la tecnolog\u00eda el visitante podr\u00e1 vivir en primera persona la historia y el estilo de juego que distingue al Barcelona en todo el planeta.<br \/>\nFinalmente, tambi\u00e9n estar\u00e1 el Bar\u00e7a Innovation Hub (BIHUB), plataforma de conocimiento y laboratorio de innovaci\u00f3n deportiva, destinado a mejorar el rendimiento de los deportistas y a crear productos y servicios que beneficien a la sociedad en teneral. Cabe destacar que la exposici\u00f3n tendr\u00e1 una Tienda Oficial del Bar\u00e7a, con<img decoding=\"async\" class=\"size-medium wp-image-388464 alignright\" src=\"https:\/\/dimensionturistica.com\/es\/wp-content\/uploads\/2022\/09\/Barcelona3-300x200.jpg\" alt=\"\" width=\"300\" height=\"200\" srcset=\"https:\/\/dimensionturistica.com\/es\/wp-content\/uploads\/2022\/09\/Barcelona3-300x200.jpg 300w, https:\/\/dimensionturistica.com\/es\/wp-content\/uploads\/2022\/09\/Barcelona3-1024x683.jpg 1024w, https:\/\/dimensionturistica.com\/es\/wp-content\/uploads\/2022\/09\/Barcelona3-768x512.jpg 768w, https:\/\/dimensionturistica.com\/es\/wp-content\/uploads\/2022\/09\/Barcelona3-750x500.jpg 750w, https:\/\/dimensionturistica.com\/es\/wp-content\/uploads\/2022\/09\/Barcelona3-1140x760.jpg 1140w, https:\/\/dimensionturistica.com\/es\/wp-content\/uploads\/2022\/09\/Barcelona3.jpg 1200w\" sizes=\"(max-width: 300px) 100vw, 300px\" \/> art\u00edculos de colecci\u00f3n y exclusivas.<br \/>\nLa Bar\u00e7a, The Exhibition, inici\u00f3 su gira internacional en Tel-Aviv en julio del 2021, con una gran afluencia de seguidores y se estar\u00e1 presentando en el Espacio Alterno Esfera Monterrey, ubicado en Av. la Rioja 245, Residencial la Rioja, en Monterrey, Nuevo Le\u00f3n, el recorrido tiene una duraci\u00f3n aproximada de una hora y los boletos ya se encuentran a la venta en https:\/\/barcaexhibition.com\/<br \/>\nCon esta exhibici\u00f3n, Monterrey se consolida como una de las ciudades m\u00e1s importantes de Latinoam\u00e9rica para la exhibici\u00f3n y eventos de reuniones, y a trav\u00e9s de Bar\u00e7a, The Exhibition, se fortalecen los lazos con otros pa\u00edses y empresas, en este caso, con el mundialmente famoso Club de F\u00fatbol Barcelona<\/p>\n","protected":false},"excerpt":{"rendered":"<p>Del 15 de septiembre al 6 de noviembre del presente a\u00f1o, en la ciudad de Monterrey, se presentar\u00e1 Bar\u00e7a, The Exhibition, una exposici\u00f3n itinerante el Club de F\u00fatbol Barcelona que ofrece un recorrido hist\u00f3rico con experiencias interactivas y objetos de gran valor hist\u00f3rico y emotivo para el club blaugrana, as\u00ed como sentir la emoci\u00f3n de [&hellip;]<\/p>\n","protected":false},"author":1,"featured_media":388461,"comment_status":"open","ping_status":"closed","sticky":false,"template":"","format":"standard","meta":{"om_disable_all_campaigns":false,"jnews-multi-image_gallery":[],"jnews_single_post":{"source_name":"","source_url":"","via_name":"","via_url":"","override_template":"0","override":[{"template":"1","single_blog_custom":"","parallax":"1","fullscreen":"1","layout":"right-sidebar","sidebar":"default-sidebar","second_sidebar":"default-sidebar","sticky_sidebar":"1","share_position":"top","share_float_style":"share-monocrhome","show_share_counter":"1","show_view_counter":"1","show_featured":"1","show_post_meta":"1","show_post_author":"1","show_post_author_image":"1","show_post_date":"1","post_date_format":"default","post_date_format_custom":"Y\/m\/d","show_post_category":"1","show_post_reading_time":"0","post_reading_time_wpm":"300","show_zoom_button":"0","zoom_button_out_step":"2","zoom_button_in_step":"3","show_post_tag":"1","show_prev_next_post":"1","show_popup_post":"1","number_popup_post":"1","show_author_box":"0","show_post_related":"0","show_inline_post_related":"0"}],"override_image_size":"0","image_override":[{"single_post_thumbnail_size":"crop-500","single_post_gallery_size":"crop-500"}],"trending_post":"0","trending_post_position":"meta","trending_post_label":"Trending","sponsored_post":"0","sponsored_post_label":"Sponsored by","sponsored_post_name":"","sponsored_post_url":"","sponsored_post_logo_enable":"0","sponsored_post_logo":"","sponsored_post_desc":"","disable_ad":"0"},"jnews_primary_category":{"id":""},"jnews_social_meta":{"fb_title":"","fb_description":"","fb_image":"","twitter_title":"","twitter_description":"","twitter_image":""},"footnotes":""},"categories":[40],"tags":[],"class_list":["post-388458","post","type-post","status-publish","format-standard","has-post-thumbnail","hentry","category-industria"],"_links":{"self":[{"href":"https:\/\/dimensionturistica.com\/es\/wp-json\/wp\/v2\/posts\/388458","targetHints":{"allow":["GET"]}}],"collection":[{"href":"https:\/\/dimensionturistica.com\/es\/wp-json\/wp\/v2\/posts"}],"about":[{"href":"https:\/\/dimensionturistica.com\/es\/wp-json\/wp\/v2\/types\/post"}],"author":[{"embeddable":true,"href":"https:\/\/dimensionturistica.com\/es\/wp-json\/wp\/v2\/users\/1"}],"replies":[{"embeddable":true,"href":"https:\/\/dimensionturistica.com\/es\/wp-json\/wp\/v2\/comments?post=388458"}],"version-history":[{"count":0,"href":"https:\/\/dimensionturistica.com\/es\/wp-json\/wp\/v2\/posts\/388458\/revisions"}],"wp:featuredmedia":[{"embeddable":true,"href":"https:\/\/dimensionturistica.com\/es\/wp-json\/wp\/v2\/media\/388461"}],"wp:attachment":[{"href":"https:\/\/dimensionturistica.com\/es\/wp-json\/wp\/v2\/media?parent=388458"}],"wp:term":[{"taxonomy":"category","embeddable":true,"href":"https:\/\/dimensionturistica.com\/es\/wp-json\/wp\/v2\/categories?post=388458"},{"taxonomy":"post_tag","embeddable":true,"href":"https:\/\/dimensionturistica.com\/es\/wp-json\/wp\/v2\/tags?post=388458"}],"curies":[{"name":"wp","href":"https:\/\/api.w.org\/{rel}","templated":true}]}}