{"id":388446,"date":"2022-09-16T16:43:24","date_gmt":"2022-09-16T16:43:24","guid":{"rendered":"https:\/\/dimensionturistica.com\/es\/?p=388446"},"modified":"2022-09-16T16:43:24","modified_gmt":"2022-09-16T16:43:24","slug":"para-este-puente-de-fiestas-patrias-aprende-a-hacer-cupcakes","status":"publish","type":"post","link":"https:\/\/dimensionturistica.com\/es\/para-este-puente-de-fiestas-patrias-aprende-a-hacer-cupcakes\/","title":{"rendered":"Para este puente de \u201cFiestas Patrias \u201dAprende a Hacer Cupcakes"},"content":{"rendered":"<p>Este pr\u00f3ximo s\u00e1bado 17 de septiembre, a la 1 de la tarde en el Centro Comercial Manacar, se realizar\u00e1 The Bakery, una clase de cupcakes para todas aquellas personas interesadas en aprender a cocinar estos deliciosos y<img decoding=\"async\" class=\"size-medium wp-image-388449 alignright\" src=\"https:\/\/dimensionturistica.com\/es\/wp-content\/uploads\/2022\/09\/MANACAR-300x201.jpg\" alt=\"\" width=\"300\" height=\"201\" srcset=\"https:\/\/dimensionturistica.com\/es\/wp-content\/uploads\/2022\/09\/MANACAR-300x201.jpg 300w, https:\/\/dimensionturistica.com\/es\/wp-content\/uploads\/2022\/09\/MANACAR-1024x686.jpg 1024w, https:\/\/dimensionturistica.com\/es\/wp-content\/uploads\/2022\/09\/MANACAR-768x515.jpg 768w, https:\/\/dimensionturistica.com\/es\/wp-content\/uploads\/2022\/09\/MANACAR-750x503.jpg 750w, https:\/\/dimensionturistica.com\/es\/wp-content\/uploads\/2022\/09\/MANACAR-1140x764.jpg 1140w, https:\/\/dimensionturistica.com\/es\/wp-content\/uploads\/2022\/09\/MANACAR.jpg 1194w\" sizes=\"(max-width: 300px) 100vw, 300px\" \/> populares pastelitos con decorados llamativos.<br \/>\nDirigida por expertas reposteras y panaderos, esta clase de reposter\u00eda es una actividad completamente gratuita y se propone ense\u00f1ar de una forma f\u00e1cil y sencilla, la realizaci\u00f3n de estos populares postres en todo el mundo.<br \/>\nComo bien dice su nombre en ingl\u00e9s, cupcake quiere decir \u201cpastel-taza\u201d, y sobre este peculiar nombre, se sabe que en el a\u00f1o 1796, la cocinera estadounidense Amelia Simms, utiliz\u00f3 este t\u00e9rmino cuando se le ocurri\u00f3 hacer una tarta en varias tazas, hecho que document\u00f3 en su libro American Cookery.<br \/>\nEn The Bakery se aprender\u00e1n los procesos para elaborar estos pastelitos que son ideales para cualquier ocasi\u00f3n, la magia de ellos tambi\u00e9n consiste en la decoraci\u00f3n, que es el punto final de la preparaci\u00f3n y en donde cada<img decoding=\"async\" class=\"size-medium wp-image-388448 alignright\" src=\"https:\/\/dimensionturistica.com\/es\/wp-content\/uploads\/2022\/09\/Cupcakes-2-300x200.jpeg\" alt=\"\" width=\"300\" height=\"200\" srcset=\"https:\/\/dimensionturistica.com\/es\/wp-content\/uploads\/2022\/09\/Cupcakes-2-300x200.jpeg 300w, https:\/\/dimensionturistica.com\/es\/wp-content\/uploads\/2022\/09\/Cupcakes-2-1024x683.jpeg 1024w, https:\/\/dimensionturistica.com\/es\/wp-content\/uploads\/2022\/09\/Cupcakes-2-768x512.jpeg 768w, https:\/\/dimensionturistica.com\/es\/wp-content\/uploads\/2022\/09\/Cupcakes-2-750x500.jpeg 750w, https:\/\/dimensionturistica.com\/es\/wp-content\/uploads\/2022\/09\/Cupcakes-2-1140x761.jpeg 1140w, https:\/\/dimensionturistica.com\/es\/wp-content\/uploads\/2022\/09\/Cupcakes-2.jpeg 1280w\" sizes=\"(max-width: 300px) 100vw, 300px\" \/> repostero o<br \/>\nrepostera le da el toque personalizado o tem\u00e1tico.<br \/>\nCabe destacar que no es necesario tener conocimiento alguno en cocina para asistir a la clase, tan s\u00f3lo son las ganas y poner manos a la obra. Como dato curioso, a la medida oficial de los ingredientes del cupcake se le conoce como \u201c1234\u201d, que son derivados de 1 taza de mantequilla, dos tazas de az\u00facar, tres tazas de harina y 4 huevos.<br \/>\nAprovecha tu visita al Centro Comercial Manacar y visita alguna de sus tiendas especializadas en moda, deportes, tecnolog\u00eda, joyer\u00eda, accesorios, belleza, hogar y entretenimiento.<br \/>\nThe Bakery se realizar\u00e1 en el primer nivel del Centro Comercial Manacar, ubicado en Insurgentes Sur 1457. Para m\u00e1s informaci\u00f3n s\u00edguenos en nuestros canales oficiales de Instagram, Facebook y TikTok, nos encuentras como @manacarmx<\/p>\n","protected":false},"excerpt":{"rendered":"<p>Este pr\u00f3ximo s\u00e1bado 17 de septiembre, a la 1 de la tarde en el Centro Comercial Manacar, se realizar\u00e1 The Bakery, una clase de cupcakes para todas aquellas personas interesadas en aprender a cocinar estos deliciosos y populares pastelitos con decorados llamativos. Dirigida por expertas reposteras y panaderos, esta clase de reposter\u00eda es una actividad [&hellip;]<\/p>\n","protected":false},"author":1,"featured_media":388447,"comment_status":"open","ping_status":"closed","sticky":false,"template":"","format":"standard","meta":{"om_disable_all_campaigns":false,"jnews-multi-image_gallery":[],"jnews_single_post":{"source_name":"","source_url":"","via_name":"","via_url":"","override_template":"0","override":[{"template":"1","single_blog_custom":"","parallax":"1","fullscreen":"1","layout":"right-sidebar","sidebar":"default-sidebar","second_sidebar":"default-sidebar","sticky_sidebar":"1","share_position":"top","share_float_style":"share-monocrhome","show_share_counter":"1","show_view_counter":"1","show_featured":"1","show_post_meta":"1","show_post_author":"1","show_post_author_image":"1","show_post_date":"1","post_date_format":"default","post_date_format_custom":"Y\/m\/d","show_post_category":"1","show_post_reading_time":"0","post_reading_time_wpm":"300","show_zoom_button":"0","zoom_button_out_step":"2","zoom_button_in_step":"3","show_post_tag":"1","show_prev_next_post":"1","show_popup_post":"1","number_popup_post":"1","show_author_box":"0","show_post_related":"0","show_inline_post_related":"0"}],"override_image_size":"0","image_override":[{"single_post_thumbnail_size":"crop-500","single_post_gallery_size":"crop-500"}],"trending_post":"0","trending_post_position":"meta","trending_post_label":"Trending","sponsored_post":"0","sponsored_post_label":"Sponsored by","sponsored_post_name":"","sponsored_post_url":"","sponsored_post_logo_enable":"0","sponsored_post_logo":"","sponsored_post_desc":"","disable_ad":"0"},"jnews_primary_category":{"id":""},"jnews_social_meta":{"fb_title":"","fb_description":"","fb_image":"","twitter_title":"","twitter_description":"","twitter_image":""},"footnotes":""},"categories":[43],"tags":[],"class_list":["post-388446","post","type-post","status-publish","format-standard","has-post-thumbnail","hentry","category-gourmet"],"_links":{"self":[{"href":"https:\/\/dimensionturistica.com\/es\/wp-json\/wp\/v2\/posts\/388446","targetHints":{"allow":["GET"]}}],"collection":[{"href":"https:\/\/dimensionturistica.com\/es\/wp-json\/wp\/v2\/posts"}],"about":[{"href":"https:\/\/dimensionturistica.com\/es\/wp-json\/wp\/v2\/types\/post"}],"author":[{"embeddable":true,"href":"https:\/\/dimensionturistica.com\/es\/wp-json\/wp\/v2\/users\/1"}],"replies":[{"embeddable":true,"href":"https:\/\/dimensionturistica.com\/es\/wp-json\/wp\/v2\/comments?post=388446"}],"version-history":[{"count":0,"href":"https:\/\/dimensionturistica.com\/es\/wp-json\/wp\/v2\/posts\/388446\/revisions"}],"wp:featuredmedia":[{"embeddable":true,"href":"https:\/\/dimensionturistica.com\/es\/wp-json\/wp\/v2\/media\/388447"}],"wp:attachment":[{"href":"https:\/\/dimensionturistica.com\/es\/wp-json\/wp\/v2\/media?parent=388446"}],"wp:term":[{"taxonomy":"category","embeddable":true,"href":"https:\/\/dimensionturistica.com\/es\/wp-json\/wp\/v2\/categories?post=388446"},{"taxonomy":"post_tag","embeddable":true,"href":"https:\/\/dimensionturistica.com\/es\/wp-json\/wp\/v2\/tags?post=388446"}],"curies":[{"name":"wp","href":"https:\/\/api.w.org\/{rel}","templated":true}]}}