{"id":388356,"date":"2022-09-16T15:04:42","date_gmt":"2022-09-16T15:04:42","guid":{"rendered":"https:\/\/dimensionturistica.com\/es\/?p=388356"},"modified":"2022-09-16T15:04:42","modified_gmt":"2022-09-16T15:04:42","slug":"tres-consejos-para-celebrar-las-fiestas-patrias-evitando-los-conflictos-entre-vecinos","status":"publish","type":"post","link":"https:\/\/dimensionturistica.com\/es\/tres-consejos-para-celebrar-las-fiestas-patrias-evitando-los-conflictos-entre-vecinos\/","title":{"rendered":"Tres consejos para celebrar las fiestas patrias evitando los conflictos entre vecinos"},"content":{"rendered":"<p>Septiembre es un mes especial para los mexicanos y mexicanas, debido a que se conmemora nuestra<img decoding=\"async\" class=\"size-medium wp-image-388358 alignright\" src=\"https:\/\/dimensionturistica.com\/es\/wp-content\/uploads\/2022\/09\/61c252a0b49e968099625c60_01opT1pzz30r-OB48_K-mU8iptkITrqlcMA32pbpNOJ2nuZd3OKlPd2000wTWWV0O9FUW7ZSmRM1W9UGMZHh1iUWe7ol0dCbVNak2Vj-FgD3BhR8Uoq3eJgoMWacrvb-t-bmmuA4-300x200.png\" alt=\"\" width=\"300\" height=\"200\" srcset=\"https:\/\/dimensionturistica.com\/es\/wp-content\/uploads\/2022\/09\/61c252a0b49e968099625c60_01opT1pzz30r-OB48_K-mU8iptkITrqlcMA32pbpNOJ2nuZd3OKlPd2000wTWWV0O9FUW7ZSmRM1W9UGMZHh1iUWe7ol0dCbVNak2Vj-FgD3BhR8Uoq3eJgoMWacrvb-t-bmmuA4-300x200.png 300w, https:\/\/dimensionturistica.com\/es\/wp-content\/uploads\/2022\/09\/61c252a0b49e968099625c60_01opT1pzz30r-OB48_K-mU8iptkITrqlcMA32pbpNOJ2nuZd3OKlPd2000wTWWV0O9FUW7ZSmRM1W9UGMZHh1iUWe7ol0dCbVNak2Vj-FgD3BhR8Uoq3eJgoMWacrvb-t-bmmuA4.png 626w\" sizes=\"(max-width: 300px) 100vw, 300px\" \/> independencia. En las celebraciones del 15 se acostumbra a hacer festejos y reuniones con familia y amigos donde se honran las tradiciones, generalmente a trav\u00e9s de la comida y la bebida.<br \/>\nAunque un 13% de los mexicanos tiene previsto festejar en una plaza p\u00fablica como el Z\u00f3calo y un 7% acude a un bar o restaurante, el 80% &#8211; la inmensa mayor\u00eda- elige reunirse en una casa de alg\u00fan familiar o amigo, de acuerdo con datos de un sondeo en l\u00ednea de la Direcci\u00f3n General de Estudios sobre el Consumo. Estos n\u00fameros reflejan, adem\u00e1s, que muchas familias recuperar\u00e1n la tradici\u00f3n de reunirse con sus seres queridos despu\u00e9s de dos a\u00f1os de pandemia.<br \/>\nComidas tradicionales, tequila, mariachis\u2026 Las celebraciones prometen ser completas, y por eso mismo, tambi\u00e9n, ruidosas. Por lo que es importante no perder de vista que ni siquiera las fiestas patrias pueden ser una<img decoding=\"async\" class=\"size-medium wp-image-388359 alignright\" src=\"https:\/\/dimensionturistica.com\/es\/wp-content\/uploads\/2022\/09\/61c252a0d17bd1931acd9da3_DLTsi-kGDykeweufbyH49IFyZ1X_YrDRH7KjtSMbbsaqqa9gYPYNb4yiHblZPCIfoZTSiDK0Bj19mG25gFQAZx7wJlRMSU_F94PdIIUX1HMPMq1tG7KmeUuH63NYPHcazGqqYkN3-300x193.png\" alt=\"\" width=\"300\" height=\"193\" srcset=\"https:\/\/dimensionturistica.com\/es\/wp-content\/uploads\/2022\/09\/61c252a0d17bd1931acd9da3_DLTsi-kGDykeweufbyH49IFyZ1X_YrDRH7KjtSMbbsaqqa9gYPYNb4yiHblZPCIfoZTSiDK0Bj19mG25gFQAZx7wJlRMSU_F94PdIIUX1HMPMq1tG7KmeUuH63NYPHcazGqqYkN3-300x193.png 300w, https:\/\/dimensionturistica.com\/es\/wp-content\/uploads\/2022\/09\/61c252a0d17bd1931acd9da3_DLTsi-kGDykeweufbyH49IFyZ1X_YrDRH7KjtSMbbsaqqa9gYPYNb4yiHblZPCIfoZTSiDK0Bj19mG25gFQAZx7wJlRMSU_F94PdIIUX1HMPMq1tG7KmeUuH63NYPHcazGqqYkN3.png 626w\" sizes=\"(max-width: 300px) 100vw, 300px\" \/> excusa para vulnerar la buena convivencia entre vecinos.<br \/>\nPor eso, la plataforma de administraci\u00f3n de edificios y condominios ComunidadFeliz nos acerca una serie de consejos para evitar conflictos entre vecinos por las largas celebraciones nocturnas o la m\u00fasica fuerte que podr\u00eda molestar a quienes quieren descansar.<br \/>\n\u201cSabemos que ser un buen cond\u00f3mino consiste en el respeto a los vecinos y a sus espacios de descanso. Desde ComunidadFeliz, constantemente trabajamos a trav\u00e9s de nuestra plataforma para mejorar la convivencia y evitar conflictos, especialmente durante las fiestas\u201d, dijo Enrique G\u00f3mez, Director Comercial de ComunidadFeliz.<img decoding=\"async\" class=\"size-medium wp-image-388360 alignright\" src=\"https:\/\/dimensionturistica.com\/es\/wp-content\/uploads\/2022\/09\/61c252a0ff1ce5dc2ee724a0_T18eZZrbwCM9noXrR9Nj-D1Q8-uFCZzRz2WSMksZerkVa3sjkFqS9KAlWL79JeT-zp2ME7VHG2f7bykkQiZhMDh8mbKyFJpLb_1p3gOo6tfovwBOmN0kLOWJaBKvKm7GbXZ35-Z4-300x172.png\" alt=\"\" width=\"300\" height=\"172\" srcset=\"https:\/\/dimensionturistica.com\/es\/wp-content\/uploads\/2022\/09\/61c252a0ff1ce5dc2ee724a0_T18eZZrbwCM9noXrR9Nj-D1Q8-uFCZzRz2WSMksZerkVa3sjkFqS9KAlWL79JeT-zp2ME7VHG2f7bykkQiZhMDh8mbKyFJpLb_1p3gOo6tfovwBOmN0kLOWJaBKvKm7GbXZ35-Z4-300x172.png 300w, https:\/\/dimensionturistica.com\/es\/wp-content\/uploads\/2022\/09\/61c252a0ff1ce5dc2ee724a0_T18eZZrbwCM9noXrR9Nj-D1Q8-uFCZzRz2WSMksZerkVa3sjkFqS9KAlWL79JeT-zp2ME7VHG2f7bykkQiZhMDh8mbKyFJpLb_1p3gOo6tfovwBOmN0kLOWJaBKvKm7GbXZ35-Z4.png 626w\" sizes=\"(max-width: 300px) 100vw, 300px\" \/><br \/>\nPlanificar las reuniones y reducir el ruido:<br \/>\nDefinir horas de inicio y fin para tus reuniones te ayudar\u00e1 a planificar la hora de salida y regreso de tus invitados. En cualquier caso, considera la posibilidad de disminuir el volumen de la m\u00fasica y el tono de conversaci\u00f3n en las horas de descanso.<br \/>\nRecuerda que vives en un condominio y lo que hace cada cond\u00f3mino tiene impacto en la calidad de descanso de los dem\u00e1s, incluso durante estas fiestas patrias. M\u00fasica con volumen moderado acompa\u00f1ada de una conversaci\u00f3n suave ayudar\u00e1 a que todo el mundo disfrute de tu reuni\u00f3n, \u00a1incluidos los vecinos!<br \/>\nCuidar los espacios comunes y en especial las \u00e1reas verdes:<img decoding=\"async\" class=\"size-medium wp-image-388361 alignright\" src=\"https:\/\/dimensionturistica.com\/es\/wp-content\/uploads\/2022\/09\/61c252a158e16c7c13d0555a_ihoNa1cnmrU0xF3Lh3D1fT6l2Gh5H3ZBO36SpRGAAi9egEhin-GMgEXjhI1FB3B0Ssnjgo01Joel0VZHg6LuVa3Ry_4PhWk8bWD_XdcyOfKmM1PXM_Yyz2xf1Ai5wtoPNLDT5jQ-300x200.png\" alt=\"\" width=\"300\" height=\"200\" srcset=\"https:\/\/dimensionturistica.com\/es\/wp-content\/uploads\/2022\/09\/61c252a158e16c7c13d0555a_ihoNa1cnmrU0xF3Lh3D1fT6l2Gh5H3ZBO36SpRGAAi9egEhin-GMgEXjhI1FB3B0Ssnjgo01Joel0VZHg6LuVa3Ry_4PhWk8bWD_XdcyOfKmM1PXM_Yyz2xf1Ai5wtoPNLDT5jQ-300x200.png 300w, https:\/\/dimensionturistica.com\/es\/wp-content\/uploads\/2022\/09\/61c252a158e16c7c13d0555a_ihoNa1cnmrU0xF3Lh3D1fT6l2Gh5H3ZBO36SpRGAAi9egEhin-GMgEXjhI1FB3B0Ssnjgo01Joel0VZHg6LuVa3Ry_4PhWk8bWD_XdcyOfKmM1PXM_Yyz2xf1Ai5wtoPNLDT5jQ.png 626w\" sizes=\"(max-width: 300px) 100vw, 300px\" \/><br \/>\nNada mejor que celebrar las fiestas patrias en los espacios comunes y en las \u00e1reas verdes, pero es fundamental cuidar esos espacios. Para eso, recuerda depositar los desechos en el horario y lugar indicado. La administraci\u00f3n del condominio posee ciertas pautas para que los vecinos se hagan responsables de los residuos generados con la finalidad de evitar conflictos:<br \/>\nUtilizar diferentes bolsas, separando la basura para su posterior reciclaje. Se puede emplear una para reciclables, otra para botellas, y otra para la basura no reciclable.<br \/>\nEvitar botar colillas de cigarrillos en el pasto o suelo, o recoger las que puedan caerse.<br \/>\nTener a mano pa\u00f1os de microfibra por si alg\u00fan invitado derrama una bebida; para limpiar lo que se ensucie o evitar que se extienda el derrame.<br \/>\nReservar con antelaci\u00f3n los espacios comunes. Usa el m\u00f3dulo de reserva de espacios en la app de ComunidadFeliz para asegurar tu fecha y hora.<br \/>\nEstacionarse sin invadir:<br \/>\nDebido a que una gran mayor\u00eda de los mexicanos planea movilizarse en estas fiestas patrias, podemos esperar que haya una afluencia de coches aparcados en las calles. Es posible que sientas la tentaci\u00f3n de permitir a alg\u00fan familiar o amigo que aparque su coche en el espacio de un vecino. Sin embargo, debes abstenerte de hacerlo para evitar un conflicto.<br \/>\nSe recomienda preguntarle al conserje de turno si hay espacios disponibles para visitas y cu\u00e1nto es el tiempo m\u00e1ximo de estad\u00eda.<br \/>\n\u201cA veces, los peque\u00f1os gestos son los que m\u00e1s valen a la hora de garantizar una convivencia armoniosa. Consultar, mantener la limpieza y el orden, y dirigirte a tu administrador, podr\u00eda significar mucho a la hora de que t\u00fa y tus vecinos pasen unas fiestas patrias inolvidables\u201d, agreg\u00f3 G\u00f3mez, de ComunidadFeliz.<br \/>\nJustamente, y con motivo de las fiestas patrias, ComunidadFeliz ofrecer\u00e1 por el mes de septiembre dos promociones para aprovechar: En la contrataci\u00f3n de un plan mensual, el segundo mes no tendr\u00e1 costo; mientras que, en la contrataci\u00f3n de un plan anual, las comunidades se llevar\u00e1n dos meses sin cargo.<\/p>\n","protected":false},"excerpt":{"rendered":"<p>Septiembre es un mes especial para los mexicanos y mexicanas, debido a que se conmemora nuestra independencia. En las celebraciones del 15 se acostumbra a hacer festejos y reuniones con familia y amigos donde se honran las tradiciones, generalmente a trav\u00e9s de la comida y la bebida. Aunque un 13% de los mexicanos tiene previsto [&hellip;]<\/p>\n","protected":false},"author":1,"featured_media":388362,"comment_status":"open","ping_status":"closed","sticky":false,"template":"","format":"standard","meta":{"om_disable_all_campaigns":false,"jnews-multi-image_gallery":[],"jnews_single_post":{"source_name":"","source_url":"","via_name":"","via_url":"","override_template":"0","override":[{"template":"1","single_blog_custom":"","parallax":"1","fullscreen":"1","layout":"right-sidebar","sidebar":"default-sidebar","second_sidebar":"default-sidebar","sticky_sidebar":"1","share_position":"top","share_float_style":"share-monocrhome","show_share_counter":"1","show_view_counter":"1","show_featured":"1","show_post_meta":"1","show_post_author":"1","show_post_author_image":"1","show_post_date":"1","post_date_format":"default","post_date_format_custom":"Y\/m\/d","show_post_category":"1","show_post_reading_time":"0","post_reading_time_wpm":"300","show_zoom_button":"0","zoom_button_out_step":"2","zoom_button_in_step":"3","show_post_tag":"1","show_prev_next_post":"1","show_popup_post":"1","number_popup_post":"1","show_author_box":"0","show_post_related":"0","show_inline_post_related":"0"}],"override_image_size":"0","image_override":[{"single_post_thumbnail_size":"crop-500","single_post_gallery_size":"crop-500"}],"trending_post":"0","trending_post_position":"meta","trending_post_label":"Trending","sponsored_post":"0","sponsored_post_label":"Sponsored by","sponsored_post_name":"","sponsored_post_url":"","sponsored_post_logo_enable":"0","sponsored_post_logo":"","sponsored_post_desc":"","disable_ad":"0"},"jnews_primary_category":{"id":""},"jnews_social_meta":{"fb_title":"","fb_description":"","fb_image":"","twitter_title":"","twitter_description":"","twitter_image":""},"footnotes":""},"categories":[43],"tags":[],"class_list":["post-388356","post","type-post","status-publish","format-standard","has-post-thumbnail","hentry","category-gourmet"],"_links":{"self":[{"href":"https:\/\/dimensionturistica.com\/es\/wp-json\/wp\/v2\/posts\/388356","targetHints":{"allow":["GET"]}}],"collection":[{"href":"https:\/\/dimensionturistica.com\/es\/wp-json\/wp\/v2\/posts"}],"about":[{"href":"https:\/\/dimensionturistica.com\/es\/wp-json\/wp\/v2\/types\/post"}],"author":[{"embeddable":true,"href":"https:\/\/dimensionturistica.com\/es\/wp-json\/wp\/v2\/users\/1"}],"replies":[{"embeddable":true,"href":"https:\/\/dimensionturistica.com\/es\/wp-json\/wp\/v2\/comments?post=388356"}],"version-history":[{"count":0,"href":"https:\/\/dimensionturistica.com\/es\/wp-json\/wp\/v2\/posts\/388356\/revisions"}],"wp:featuredmedia":[{"embeddable":true,"href":"https:\/\/dimensionturistica.com\/es\/wp-json\/wp\/v2\/media\/388362"}],"wp:attachment":[{"href":"https:\/\/dimensionturistica.com\/es\/wp-json\/wp\/v2\/media?parent=388356"}],"wp:term":[{"taxonomy":"category","embeddable":true,"href":"https:\/\/dimensionturistica.com\/es\/wp-json\/wp\/v2\/categories?post=388356"},{"taxonomy":"post_tag","embeddable":true,"href":"https:\/\/dimensionturistica.com\/es\/wp-json\/wp\/v2\/tags?post=388356"}],"curies":[{"name":"wp","href":"https:\/\/api.w.org\/{rel}","templated":true}]}}