{"id":388342,"date":"2022-09-16T14:55:03","date_gmt":"2022-09-16T14:55:03","guid":{"rendered":"https:\/\/dimensionturistica.com\/es\/?p=388342"},"modified":"2022-09-16T14:55:03","modified_gmt":"2022-09-16T14:55:03","slug":"recibe-fernando-mandri-bellot-la-medalla-al-merito-turistico-de-la-cdmx","status":"publish","type":"post","link":"https:\/\/dimensionturistica.com\/es\/recibe-fernando-mandri-bellot-la-medalla-al-merito-turistico-de-la-cdmx\/","title":{"rendered":"Recibe Fernando Mandri Bellot, la Medalla al M\u00e9rito Tur\u00edstico de la CDMX."},"content":{"rendered":"<p>Se llev\u00f3 a cabo en el Honorable Congreso de la Ciudad de M\u00e9xico, la ceremonia que distingui\u00f3 con la Medalla<img decoding=\"async\" class=\"size-medium wp-image-388349 alignright\" src=\"https:\/\/dimensionturistica.com\/es\/wp-content\/uploads\/2022\/09\/004-225x300.jpg\" alt=\"\" width=\"225\" height=\"300\" srcset=\"https:\/\/dimensionturistica.com\/es\/wp-content\/uploads\/2022\/09\/004-225x300.jpg 225w, https:\/\/dimensionturistica.com\/es\/wp-content\/uploads\/2022\/09\/004-750x1000.jpg 750w, https:\/\/dimensionturistica.com\/es\/wp-content\/uploads\/2022\/09\/004.jpg 768w\" sizes=\"(max-width: 225px) 100vw, 225px\" \/> al M\u00e9rito \u201cEmbajador Tur\u00edstico de la Ciudad de M\u00e9xico\u201d, a personas destacadas que se han dedicado a promover el turismo, cada una en categor\u00edas diferentes de acuerdo a sus actividades y acciones dentro del turismo.<br \/>\nLa Diputada Frida Jimena Guill\u00e9n Ort\u00edz que encabeza la Comisi\u00f3n de Turismo en el mencionado recinto, reconoci\u00f3 la labor que estos empresarios galardonados han realizado en pro del turismo durante su trayectoria profesional, mediante acciones que han dado a conocer las riquezas con las que cuenta nuestro pa\u00eds, a nivel nacional e internacional.<br \/>\nFernando Mandri Bell\u00f3t, con una trayectoria de m\u00e1s de 20 a\u00f1os en diversas trincheras del turismo, cuenta con una amplia experiencia en liderazgo de equipos multidisciplinarios, atenci\u00f3n a clientes y desarrollo de relaciones <img decoding=\"async\" class=\"size-medium wp-image-388346 alignleft\" src=\"https:\/\/dimensionturistica.com\/es\/wp-content\/uploads\/2022\/09\/001-225x300.jpg\" alt=\"\" width=\"225\" height=\"300\" srcset=\"https:\/\/dimensionturistica.com\/es\/wp-content\/uploads\/2022\/09\/001-225x300.jpg 225w, https:\/\/dimensionturistica.com\/es\/wp-content\/uploads\/2022\/09\/001-750x1000.jpg 750w, https:\/\/dimensionturistica.com\/es\/wp-content\/uploads\/2022\/09\/001.jpg 768w\" sizes=\"(max-width: 225px) 100vw, 225px\" \/>humanas con comunidades ind\u00edgenas de diferentes nacionalidades. Ha trabajado en forma incansable llevando a cabo acciones que promueven el turismo, dejando el alto el nombre de M\u00e9xico pa\u00eds.<br \/>\nFernando Mandri Bell\u00f3t, es Doctor Honoris Causa por el Claustro doctoral Iberoamericano y Maestro en Turismo por la Universidad de las Palmas de Gran Canaria, Espa\u00f1a. Ha dirigido numerosos estudios en m\u00e1s de 18 pa\u00edses<img decoding=\"async\" class=\"size-medium wp-image-388347 alignright\" src=\"https:\/\/dimensionturistica.com\/es\/wp-content\/uploads\/2022\/09\/002-225x300.jpg\" alt=\"\" width=\"225\" height=\"300\" srcset=\"https:\/\/dimensionturistica.com\/es\/wp-content\/uploads\/2022\/09\/002-225x300.jpg 225w, https:\/\/dimensionturistica.com\/es\/wp-content\/uploads\/2022\/09\/002-750x1000.jpg 750w, https:\/\/dimensionturistica.com\/es\/wp-content\/uploads\/2022\/09\/002.jpg 768w\" sizes=\"(max-width: 225px) 100vw, 225px\" \/> y su experiencia destaca por su dinamismo, orientaci\u00f3n de resultados y completa satisfacci\u00f3n de sus clientes.<br \/>\nEs Fundador de la empresa Integra Tourism For Good, S.A. en Barcelona Espa\u00f1a, con representaci\u00f3n en la Ciudad de M\u00e9xico.<br \/>\nLa legisladora Guill\u00e9n Ort\u00edz mencion\u00f3 que la experiencia del Fernando Mandri Bell\u00f3t junto con las personalidades galardonadas, ser\u00e1 considerada en la Comisi\u00f3n para el Desarrollo de la nueva Ley de Turismo de la Ciudad de M\u00e9xico. Fernando Mandri Bell\u00f3t al recibir este honor mencion\u00f3 en su mensaje que, al recibir este reconocimiento, recibe tambi\u00e9n una gran responsabilidad, y enfatiz\u00f3 que el turismo sustentable debe beneficiar a los habitantes del territorio, as\u00ed como respetar y generar los recursos materiales y culturales, para que estos sean disfrutados por las nueva generaciones.<br \/>\nExpres\u00f3 que la ciudad de M\u00e9xico, es uno de los principales destinos del turismo nacional y extranjero, una fuente importante de generaci\u00f3n de empleos y oportunidades.<br \/>\nEl turismo es una noble actividad que enriquece el desarrollo de las personas en diversos \u00e1mbitos, cultural, art\u00edstico, gastron\u00f3mico, hist\u00f3rico, lenguajes y saberes.<\/p>\n","protected":false},"excerpt":{"rendered":"<p>Se llev\u00f3 a cabo en el Honorable Congreso de la Ciudad de M\u00e9xico, la ceremonia que distingui\u00f3 con la Medalla al M\u00e9rito \u201cEmbajador Tur\u00edstico de la Ciudad de M\u00e9xico\u201d, a personas destacadas que se han dedicado a promover el turismo, cada una en categor\u00edas diferentes de acuerdo a sus actividades y acciones dentro del turismo. [&hellip;]<\/p>\n","protected":false},"author":1,"featured_media":388348,"comment_status":"open","ping_status":"closed","sticky":false,"template":"","format":"standard","meta":{"om_disable_all_campaigns":false,"jnews-multi-image_gallery":[],"jnews_single_post":{"source_name":"","source_url":"","via_name":"","via_url":"","override_template":"0","override":[{"template":"1","single_blog_custom":"","parallax":"1","fullscreen":"1","layout":"right-sidebar","sidebar":"default-sidebar","second_sidebar":"default-sidebar","sticky_sidebar":"1","share_position":"top","share_float_style":"share-monocrhome","show_share_counter":"1","show_view_counter":"1","show_featured":"1","show_post_meta":"1","show_post_author":"1","show_post_author_image":"1","show_post_date":"1","post_date_format":"default","post_date_format_custom":"Y\/m\/d","show_post_category":"1","show_post_reading_time":"0","post_reading_time_wpm":"300","show_zoom_button":"0","zoom_button_out_step":"2","zoom_button_in_step":"3","show_post_tag":"1","show_prev_next_post":"1","show_popup_post":"1","number_popup_post":"1","show_author_box":"0","show_post_related":"0","show_inline_post_related":"0"}],"override_image_size":"0","image_override":[{"single_post_thumbnail_size":"crop-500","single_post_gallery_size":"crop-500"}],"trending_post":"0","trending_post_position":"meta","trending_post_label":"Trending","sponsored_post":"0","sponsored_post_label":"Sponsored by","sponsored_post_name":"","sponsored_post_url":"","sponsored_post_logo_enable":"0","sponsored_post_logo":"","sponsored_post_desc":"","disable_ad":"0"},"jnews_primary_category":{"id":""},"jnews_social_meta":{"fb_title":"","fb_description":"","fb_image":"","twitter_title":"","twitter_description":"","twitter_image":""},"footnotes":""},"categories":[39],"tags":[],"class_list":["post-388342","post","type-post","status-publish","format-standard","has-post-thumbnail","hentry","category-viajes"],"_links":{"self":[{"href":"https:\/\/dimensionturistica.com\/es\/wp-json\/wp\/v2\/posts\/388342","targetHints":{"allow":["GET"]}}],"collection":[{"href":"https:\/\/dimensionturistica.com\/es\/wp-json\/wp\/v2\/posts"}],"about":[{"href":"https:\/\/dimensionturistica.com\/es\/wp-json\/wp\/v2\/types\/post"}],"author":[{"embeddable":true,"href":"https:\/\/dimensionturistica.com\/es\/wp-json\/wp\/v2\/users\/1"}],"replies":[{"embeddable":true,"href":"https:\/\/dimensionturistica.com\/es\/wp-json\/wp\/v2\/comments?post=388342"}],"version-history":[{"count":0,"href":"https:\/\/dimensionturistica.com\/es\/wp-json\/wp\/v2\/posts\/388342\/revisions"}],"wp:featuredmedia":[{"embeddable":true,"href":"https:\/\/dimensionturistica.com\/es\/wp-json\/wp\/v2\/media\/388348"}],"wp:attachment":[{"href":"https:\/\/dimensionturistica.com\/es\/wp-json\/wp\/v2\/media?parent=388342"}],"wp:term":[{"taxonomy":"category","embeddable":true,"href":"https:\/\/dimensionturistica.com\/es\/wp-json\/wp\/v2\/categories?post=388342"},{"taxonomy":"post_tag","embeddable":true,"href":"https:\/\/dimensionturistica.com\/es\/wp-json\/wp\/v2\/tags?post=388342"}],"curies":[{"name":"wp","href":"https:\/\/api.w.org\/{rel}","templated":true}]}}