{"id":388328,"date":"2022-09-16T14:42:00","date_gmt":"2022-09-16T14:42:00","guid":{"rendered":"https:\/\/dimensionturistica.com\/es\/?p=388328"},"modified":"2022-09-16T14:42:00","modified_gmt":"2022-09-16T14:42:00","slug":"viaja-por-latinoamerica-a-traves-de-sus-sabores-en-el-comedor-de-los-milagros-y-celebra-su-5to-aniversario","status":"publish","type":"post","link":"https:\/\/dimensionturistica.com\/es\/viaja-por-latinoamerica-a-traves-de-sus-sabores-en-el-comedor-de-los-milagros-y-celebra-su-5to-aniversario\/","title":{"rendered":"Viaja por Latinoam\u00e9rica a trav\u00e9s de sus sabores en el Comedor de los Milagros y celebra su 5to Aniversario"},"content":{"rendered":"<p>La historia del Comedor de los Milagros inici\u00f3 en 2017, un concepto creado por un grupo de amigos quienes notaron que en la Ciudad de M\u00e9xico hac\u00eda falta un lugar que reuniera diversas cocinas de Latinoam\u00e9rica, de pa\u00edses como Venezuela, Colombia, Per\u00fa y Brasil, entre otros.<br \/>\nUbicado estrat\u00e9gicamente en el n\u00famero 221 de la calle de Medell\u00edn, en la colonia Roma Sur, frente al Mercado<img decoding=\"async\" class=\"size-medium wp-image-388337 alignright\" src=\"https:\/\/dimensionturistica.com\/es\/wp-content\/uploads\/2022\/09\/unnamed-2-12-202x300.jpg\" alt=\"\" width=\"202\" height=\"300\" srcset=\"https:\/\/dimensionturistica.com\/es\/wp-content\/uploads\/2022\/09\/unnamed-2-12-202x300.jpg 202w, https:\/\/dimensionturistica.com\/es\/wp-content\/uploads\/2022\/09\/unnamed-2-12.jpg 345w\" sizes=\"(max-width: 202px) 100vw, 202px\" \/> de Medell\u00edn, Comedor de los Milagros tiene 5 a\u00f1os de ser el spot moderno y urbano que tiene como misi\u00f3n ofrecer una propuesta urbana con comida latinoamericana de excelente calidad.<br \/>\nEs un escenario ecl\u00e9ctico y divertido que brinda a sus visitantes experiencias deliciosas e inolvidables.<br \/>\nEl gran festejo se llevar\u00e1 a cabo el jueves 22 de septiembre. Habr\u00e1 mucha diversi\u00f3n, sorpresas y la mejor gastronom\u00eda de la zona. En la parte musical habr\u00e1 un gran show con varios artistas: Carlos Montalvo, exintegrante de Los \u00c1ngeles Azules, el cantante venezolano Nando de la Gente, JE Manuel y la orquesta de salsa n\u00famero 1 en M\u00e9xico, los Panas de Venezuela, adem\u00e1s de un DJ.<br \/>\nPara esta ocasi\u00f3n tan especial, las mesas del sal\u00f3n (planta baja) se quitar\u00e1n para que el lugar se convierta en una gran pista de baile y s\u00f3lo habr\u00e1 periqueras, mientras que en el primer piso permanecer\u00e1n sus tradicionales mesas compartidas. Las personas las podr\u00e1n ocupar conforme vayan llegando, aunque se puede reservar una sola mesa adquiriendo los 8 lugares.<br \/>\nLa venta de boletos es directamente en Comedor de los Milagros, los cuales tendr\u00e1n un costo de $900 por persona para el primer piso y de $600 para el sal\u00f3n.<br \/>\nEl ingreso al festejo ser\u00e1 a partir de las 18:00 horas y el servicio terminar\u00e1 alrededor de la 1:30 horas del d\u00eda siguiente, viernes 23 de septiembre.<img decoding=\"async\" class=\" wp-image-388336 alignright\" src=\"https:\/\/dimensionturistica.com\/es\/wp-content\/uploads\/2022\/09\/unnamed-3-5-254x300.jpg\" alt=\"\" width=\"351\" height=\"415\" srcset=\"https:\/\/dimensionturistica.com\/es\/wp-content\/uploads\/2022\/09\/unnamed-3-5-254x300.jpg 254w, https:\/\/dimensionturistica.com\/es\/wp-content\/uploads\/2022\/09\/unnamed-3-5-867x1024.jpg 867w, https:\/\/dimensionturistica.com\/es\/wp-content\/uploads\/2022\/09\/unnamed-3-5-768x907.jpg 768w, https:\/\/dimensionturistica.com\/es\/wp-content\/uploads\/2022\/09\/unnamed-3-5-750x886.jpg 750w, https:\/\/dimensionturistica.com\/es\/wp-content\/uploads\/2022\/09\/unnamed-3-5.jpg 1080w\" sizes=\"(max-width: 351px) 100vw, 351px\" \/><br \/>\nSabores de Latinoam\u00e9rica<br \/>\nLos recuerdos y sabores latinoamericanos est\u00e1n hermanados en este espacio innovador y disruptivo, donde se fusionan la gastronom\u00eda, la cocteler\u00eda, la m\u00fasica y los deportes. Algunas de las propuestas que se encuentran ah\u00ed son:<br \/>\nAg\u00e1rrate Catalina. Pizza uruguaya por metro<br \/>\nMEU. Cocina de barrio de Brasil<br \/>\nValderrama. Cocina colombiana<br \/>\n\u00c1same Mucho. Parrilla popular argentina<br \/>\nLa Carajita. Cocina venezolana<br \/>\nLima M\u00eda. Barra cevichera<br \/>\nBonitas. Never\u00eda latina<br \/>\nAdem\u00e1s de estas cocinas, cuenta con una barra de mixolog\u00eda que acerca a sus visitantes a los tragos y destilados m\u00e1s ic\u00f3nicos de Latinoam\u00e9rica, as\u00ed como a una amplia variedad de cervezas artesanales y vinos mexicanos.<br \/>\nEl Almac\u00e9n de Los Milagros es la tienda donde se pueden encontrar mercanc\u00edas t\u00edpicas de diversos pa\u00edses, as\u00ed como productos elaborados artesanalmente.<br \/>\nAl Comedor de los Milagros se va uno a divertir y a disfrutar de la fiesta latinoamericana, es un espacio donde personas que no se conocen pueden compartir la mesa y convivir, especialmente los fines de semana, cuando hay m\u00fasica en vivo y se tocan los ritmos que identifican al continente.<br \/>\nComedor de los Milagros es una zona inclusiva, libre de discriminaci\u00f3n y con un ambiente casual y divertido, donde se disfruta de su cocteler\u00eda y de su oferta gastron\u00f3mica a un precio justo.<img decoding=\"async\" class=\" wp-image-388338 alignright\" src=\"https:\/\/dimensionturistica.com\/es\/wp-content\/uploads\/2022\/09\/unnamed-1-17-300x198.jpg\" alt=\"\" width=\"379\" height=\"250\" srcset=\"https:\/\/dimensionturistica.com\/es\/wp-content\/uploads\/2022\/09\/unnamed-1-17-300x198.jpg 300w, https:\/\/dimensionturistica.com\/es\/wp-content\/uploads\/2022\/09\/unnamed-1-17-768x506.jpg 768w, https:\/\/dimensionturistica.com\/es\/wp-content\/uploads\/2022\/09\/unnamed-1-17-750x494.jpg 750w, https:\/\/dimensionturistica.com\/es\/wp-content\/uploads\/2022\/09\/unnamed-1-17.jpg 772w\" sizes=\"(max-width: 379px) 100vw, 379px\" \/><br \/>\nHorarios habituales:<br \/>\nLunes a mi\u00e9rcoles: 12:00 pm a 12:00 am<br \/>\nJueves y viernes: 12:00 pm a 2:00 am<br \/>\nS\u00e1bados: 11:00 am a 2:00 am<br \/>\nDomingos: 11:00 am a 12:00 am<br \/>\n\u00a1Comedor de los Milagros, un espacio ecl\u00e9ctico y divertido con comida latinoamericana!<\/p>\n","protected":false},"excerpt":{"rendered":"<p>La historia del Comedor de los Milagros inici\u00f3 en 2017, un concepto creado por un grupo de amigos quienes notaron que en la Ciudad de M\u00e9xico hac\u00eda falta un lugar que reuniera diversas cocinas de Latinoam\u00e9rica, de pa\u00edses como Venezuela, Colombia, Per\u00fa y Brasil, entre otros. Ubicado estrat\u00e9gicamente en el n\u00famero 221 de la calle [&hellip;]<\/p>\n","protected":false},"author":1,"featured_media":388335,"comment_status":"open","ping_status":"closed","sticky":false,"template":"","format":"standard","meta":{"om_disable_all_campaigns":false,"jnews-multi-image_gallery":[],"jnews_single_post":{"source_name":"","source_url":"","via_name":"","via_url":"","override_template":"0","override":[{"template":"1","single_blog_custom":"","parallax":"1","fullscreen":"1","layout":"right-sidebar","sidebar":"default-sidebar","second_sidebar":"default-sidebar","sticky_sidebar":"1","share_position":"top","share_float_style":"share-monocrhome","show_share_counter":"1","show_view_counter":"1","show_featured":"1","show_post_meta":"1","show_post_author":"1","show_post_author_image":"1","show_post_date":"1","post_date_format":"default","post_date_format_custom":"Y\/m\/d","show_post_category":"1","show_post_reading_time":"0","post_reading_time_wpm":"300","show_zoom_button":"0","zoom_button_out_step":"2","zoom_button_in_step":"3","show_post_tag":"1","show_prev_next_post":"1","show_popup_post":"1","number_popup_post":"1","show_author_box":"0","show_post_related":"0","show_inline_post_related":"0"}],"override_image_size":"0","image_override":[{"single_post_thumbnail_size":"crop-500","single_post_gallery_size":"crop-500"}],"trending_post":"0","trending_post_position":"meta","trending_post_label":"Trending","sponsored_post":"0","sponsored_post_label":"Sponsored by","sponsored_post_name":"","sponsored_post_url":"","sponsored_post_logo_enable":"0","sponsored_post_logo":"","sponsored_post_desc":"","disable_ad":"0"},"jnews_primary_category":{"id":""},"jnews_social_meta":{"fb_title":"","fb_description":"","fb_image":"","twitter_title":"","twitter_description":"","twitter_image":""},"footnotes":""},"categories":[43],"tags":[],"class_list":["post-388328","post","type-post","status-publish","format-standard","has-post-thumbnail","hentry","category-gourmet"],"_links":{"self":[{"href":"https:\/\/dimensionturistica.com\/es\/wp-json\/wp\/v2\/posts\/388328","targetHints":{"allow":["GET"]}}],"collection":[{"href":"https:\/\/dimensionturistica.com\/es\/wp-json\/wp\/v2\/posts"}],"about":[{"href":"https:\/\/dimensionturistica.com\/es\/wp-json\/wp\/v2\/types\/post"}],"author":[{"embeddable":true,"href":"https:\/\/dimensionturistica.com\/es\/wp-json\/wp\/v2\/users\/1"}],"replies":[{"embeddable":true,"href":"https:\/\/dimensionturistica.com\/es\/wp-json\/wp\/v2\/comments?post=388328"}],"version-history":[{"count":0,"href":"https:\/\/dimensionturistica.com\/es\/wp-json\/wp\/v2\/posts\/388328\/revisions"}],"wp:featuredmedia":[{"embeddable":true,"href":"https:\/\/dimensionturistica.com\/es\/wp-json\/wp\/v2\/media\/388335"}],"wp:attachment":[{"href":"https:\/\/dimensionturistica.com\/es\/wp-json\/wp\/v2\/media?parent=388328"}],"wp:term":[{"taxonomy":"category","embeddable":true,"href":"https:\/\/dimensionturistica.com\/es\/wp-json\/wp\/v2\/categories?post=388328"},{"taxonomy":"post_tag","embeddable":true,"href":"https:\/\/dimensionturistica.com\/es\/wp-json\/wp\/v2\/tags?post=388328"}],"curies":[{"name":"wp","href":"https:\/\/api.w.org\/{rel}","templated":true}]}}