{"id":388318,"date":"2022-09-16T14:19:57","date_gmt":"2022-09-16T14:19:57","guid":{"rendered":"https:\/\/dimensionturistica.com\/es\/?p=388318"},"modified":"2022-09-16T14:19:57","modified_gmt":"2022-09-16T14:19:57","slug":"los-angeles-verdes-reciben-reconocimientos-por-62-anos-de-servicio","status":"publish","type":"post","link":"https:\/\/dimensionturistica.com\/es\/los-angeles-verdes-reciben-reconocimientos-por-62-anos-de-servicio\/","title":{"rendered":"Los \u00c1ngeles Verdes reciben reconocimientos por 62 a\u00f1os de servicio"},"content":{"rendered":"<p>El titular de la Secretar\u00eda de Turismo (Sectur) enfatiz\u00f3 que este programa naci\u00f3 en 1960 por iniciativa de<img decoding=\"async\" class=\"size-medium wp-image-388320 alignright\" src=\"https:\/\/dimensionturistica.com\/es\/wp-content\/uploads\/2022\/09\/Entrega-de-reconocimientos-Angeles-Verdes-9-300x201.jpeg\" alt=\"\" width=\"300\" height=\"201\" srcset=\"https:\/\/dimensionturistica.com\/es\/wp-content\/uploads\/2022\/09\/Entrega-de-reconocimientos-Angeles-Verdes-9-300x201.jpeg 300w, https:\/\/dimensionturistica.com\/es\/wp-content\/uploads\/2022\/09\/Entrega-de-reconocimientos-Angeles-Verdes-9-1024x685.jpeg 1024w, https:\/\/dimensionturistica.com\/es\/wp-content\/uploads\/2022\/09\/Entrega-de-reconocimientos-Angeles-Verdes-9-768x514.jpeg 768w, https:\/\/dimensionturistica.com\/es\/wp-content\/uploads\/2022\/09\/Entrega-de-reconocimientos-Angeles-Verdes-9-1536x1027.jpeg 1536w, https:\/\/dimensionturistica.com\/es\/wp-content\/uploads\/2022\/09\/Entrega-de-reconocimientos-Angeles-Verdes-9-750x502.jpeg 750w, https:\/\/dimensionturistica.com\/es\/wp-content\/uploads\/2022\/09\/Entrega-de-reconocimientos-Angeles-Verdes-9-1140x762.jpeg 1140w, https:\/\/dimensionturistica.com\/es\/wp-content\/uploads\/2022\/09\/Entrega-de-reconocimientos-Angeles-Verdes-9.jpeg 1600w\" sizes=\"(max-width: 300px) 100vw, 300px\" \/> Alfonso Garc\u00eda Gonz\u00e1lez, y despu\u00e9s de m\u00e1s de seis d\u00e9cadas de servicio, son ya un referente obligado en materia de asistencia, auxilio mec\u00e1nico, orientaci\u00f3n e informaci\u00f3n tur\u00edstica.<br \/>\nDetall\u00f3 que, como se dio a conocer en el Cuarto Informe del presidente, Andr\u00e9s Manuel L\u00f3pez Obrador, en el periodo de septiembre de 2021 a junio de 2022, se brindaron 133 mil 967 servicios de apoyo mec\u00e1nico, 352 apoyos en accidentes y se recorrieron en total 9.4 millones de kil\u00f3metros, siendo todas estas cifras, en promedio, tres veces m\u00e1s grandes que las obtenidas en el mismo periodo 2020-2021.<br \/>\n\u201cSabemos que el turismo de M\u00e9xico tiene en los \u2018\u00c1ngeles Verdes\u2019 a un gran aliado, con una alta aceptaci\u00f3n social, que ante los nuevos retos estar\u00e1 a la altura de las circunstancias, adapt\u00e1ndose a la cambiante realidad, implementando acciones innovadoras que potencialicen los recursos disponibles y aplicando nuevas y efectivas<img decoding=\"async\" class=\"size-medium wp-image-388321 alignright\" src=\"https:\/\/dimensionturistica.com\/es\/wp-content\/uploads\/2022\/09\/Entrega-de-reconocimientos-Angeles-Verdes-13-300x210.jpeg\" alt=\"\" width=\"300\" height=\"210\" srcset=\"https:\/\/dimensionturistica.com\/es\/wp-content\/uploads\/2022\/09\/Entrega-de-reconocimientos-Angeles-Verdes-13-300x210.jpeg 300w, https:\/\/dimensionturistica.com\/es\/wp-content\/uploads\/2022\/09\/Entrega-de-reconocimientos-Angeles-Verdes-13-1024x717.jpeg 1024w, https:\/\/dimensionturistica.com\/es\/wp-content\/uploads\/2022\/09\/Entrega-de-reconocimientos-Angeles-Verdes-13-768x538.jpeg 768w, https:\/\/dimensionturistica.com\/es\/wp-content\/uploads\/2022\/09\/Entrega-de-reconocimientos-Angeles-Verdes-13-1536x1075.jpeg 1536w, https:\/\/dimensionturistica.com\/es\/wp-content\/uploads\/2022\/09\/Entrega-de-reconocimientos-Angeles-Verdes-13-750x525.jpeg 750w, https:\/\/dimensionturistica.com\/es\/wp-content\/uploads\/2022\/09\/Entrega-de-reconocimientos-Angeles-Verdes-13-1140x798.jpeg 1140w, https:\/\/dimensionturistica.com\/es\/wp-content\/uploads\/2022\/09\/Entrega-de-reconocimientos-Angeles-Verdes-13.jpeg 1600w\" sizes=\"(max-width: 300px) 100vw, 300px\" \/> estrategias para la protecci\u00f3n de los viajeros\u201d, declar\u00f3.<br \/>\nTorruco Marqu\u00e9s enfatiz\u00f3 que, despu\u00e9s de 20 a\u00f1os de abandono, en la actual administraci\u00f3n se trabaja en la modernizaci\u00f3n de la Direcci\u00f3n General de Servicios al Turista \u00c1ngeles Verdes, con la puesta en marcha del \u201cCentro de Geointeligencia, Alfonso Garc\u00eda Gonz\u00e1lez\u201d, con el que ahora se puede analizar el comportamiento diario de las rutas carreteras estrat\u00e9gicas en tiempo real, y con ello, mejorar la gesti\u00f3n de incidentes, llevar un control \u00f3ptimo de las rutas y evaluar el desempe\u00f1o del capital humano.<br \/>\nEn el mismo sentido, ahora se cuenta tambi\u00e9n con la aplicaci\u00f3n \u201c\u00c1ngeles Verdes\u201d, que diariamente tiene un promedio de 21 solicitudes de apoyo, y se puso en marcha en mayo del presente a\u00f1o. Dicha herramienta ha crecido de manera exponencial en n\u00famero de usuarios, por lo que a mediano plazo se espera que se realicen<img decoding=\"async\" class=\"size-medium wp-image-388322 alignright\" src=\"https:\/\/dimensionturistica.com\/es\/wp-content\/uploads\/2022\/09\/Entrega-de-reconocimientos-Angeles-Verdes-11-300x198.jpeg\" alt=\"\" width=\"300\" height=\"198\" srcset=\"https:\/\/dimensionturistica.com\/es\/wp-content\/uploads\/2022\/09\/Entrega-de-reconocimientos-Angeles-Verdes-11-300x198.jpeg 300w, https:\/\/dimensionturistica.com\/es\/wp-content\/uploads\/2022\/09\/Entrega-de-reconocimientos-Angeles-Verdes-11-1024x676.jpeg 1024w, https:\/\/dimensionturistica.com\/es\/wp-content\/uploads\/2022\/09\/Entrega-de-reconocimientos-Angeles-Verdes-11-768x507.jpeg 768w, https:\/\/dimensionturistica.com\/es\/wp-content\/uploads\/2022\/09\/Entrega-de-reconocimientos-Angeles-Verdes-11-1536x1014.jpeg 1536w, https:\/\/dimensionturistica.com\/es\/wp-content\/uploads\/2022\/09\/Entrega-de-reconocimientos-Angeles-Verdes-11-750x495.jpeg 750w, https:\/\/dimensionturistica.com\/es\/wp-content\/uploads\/2022\/09\/Entrega-de-reconocimientos-Angeles-Verdes-11-1140x752.jpeg 1140w, https:\/\/dimensionturistica.com\/es\/wp-content\/uploads\/2022\/09\/Entrega-de-reconocimientos-Angeles-Verdes-11.jpeg 1600w\" sizes=\"(max-width: 300px) 100vw, 300px\" \/> m\u00e1s gestiones por este medio que por servicio telef\u00f3nico.<br \/>\n\u201cHoy nuestra cobertura carretera est\u00e1 totalmente digitalizada, con mapas y dise\u00f1o de circuitos tur\u00edsticos regionales, que hacen posible disponer de un volumen inmenso de datos, recabados por ustedes, para una mejor toma de decisiones\u201d, destac\u00f3 Torruco Marqu\u00e9s.<br \/>\nAgradeci\u00f3 al Sindicato Nacional de Trabajadores de la Secretar\u00eda de Turismo (SNTST), su colaboraci\u00f3n en la elecci\u00f3n de materiales y dise\u00f1os id\u00f3neos para la adquisici\u00f3n de uniformes para todo el personal adscrito a los \u00c1ngeles Verdes, mismos que ser\u00e1n confeccionados en las f\u00e1bricas de vestuario y equipo de la Secretar\u00eda de Defensa Nacional (Sedena).<br \/>\nEl secretario de Turismo tambi\u00e9n puntualiz\u00f3 que se lleva a cabo la renovaci\u00f3n del parque vehicular, pues hac\u00eda 10 a\u00f1os que no se adquir\u00eda una sola unidad. De forma paulatina y hasta el 2024, se renovar\u00e1n 250 veh\u00edculos, a los que se sumar\u00e1n 250, mismos que ser\u00e1n aportados por los gobiernos de las entidades federativas.<br \/>\nEl titular de Sectur se\u00f1al\u00f3 que el trabajo de los \u00c1ngeles Verdes en la red nacional de carreteras es pieza clave en la recuperaci\u00f3n del sector turismo, misma que ya es una realidad gracias a las pol\u00edticas implementadas por el<img decoding=\"async\" class=\"size-medium wp-image-388323 alignright\" src=\"https:\/\/dimensionturistica.com\/es\/wp-content\/uploads\/2022\/09\/Entrega-de-reconocimientos-Angeles-Verdes-10-300x200.jpeg\" alt=\"\" width=\"300\" height=\"200\" srcset=\"https:\/\/dimensionturistica.com\/es\/wp-content\/uploads\/2022\/09\/Entrega-de-reconocimientos-Angeles-Verdes-10-300x200.jpeg 300w, https:\/\/dimensionturistica.com\/es\/wp-content\/uploads\/2022\/09\/Entrega-de-reconocimientos-Angeles-Verdes-10-1024x682.jpeg 1024w, https:\/\/dimensionturistica.com\/es\/wp-content\/uploads\/2022\/09\/Entrega-de-reconocimientos-Angeles-Verdes-10-768x512.jpeg 768w, https:\/\/dimensionturistica.com\/es\/wp-content\/uploads\/2022\/09\/Entrega-de-reconocimientos-Angeles-Verdes-10-1536x1023.jpeg 1536w, https:\/\/dimensionturistica.com\/es\/wp-content\/uploads\/2022\/09\/Entrega-de-reconocimientos-Angeles-Verdes-10-750x500.jpeg 750w, https:\/\/dimensionturistica.com\/es\/wp-content\/uploads\/2022\/09\/Entrega-de-reconocimientos-Angeles-Verdes-10-1140x760.jpeg 1140w, https:\/\/dimensionturistica.com\/es\/wp-content\/uploads\/2022\/09\/Entrega-de-reconocimientos-Angeles-Verdes-10.jpeg 1600w\" sizes=\"(max-width: 300px) 100vw, 300px\" \/> presidente, Andr\u00e9s Manuel L\u00f3pez Obrador, de no restringir vuelos internacionales, implementar los protocolos biosanitarios y llevar a cabo la estrategia de vacunaci\u00f3n. De esta manera, al cierre de este a\u00f1o se recibir\u00e1n 42 millones 301 mil turistas, solo 6% por debajo del 2019; y se captar\u00e1n 26 mil 121 millones de d\u00f3lares, rebasando en 6.3% lo registrado en 2019.<br \/>\nPor su parte, Jos\u00e9 Carlos Navarro Valencia, presidente del <img decoding=\"async\" class=\"size-medium wp-image-388325 alignleft\" src=\"https:\/\/dimensionturistica.com\/es\/wp-content\/uploads\/2022\/09\/Entrega-de-reconocimientos-Angeles-Verdes-5-300x200.jpeg\" alt=\"\" width=\"300\" height=\"200\" srcset=\"https:\/\/dimensionturistica.com\/es\/wp-content\/uploads\/2022\/09\/Entrega-de-reconocimientos-Angeles-Verdes-5-300x200.jpeg 300w, https:\/\/dimensionturistica.com\/es\/wp-content\/uploads\/2022\/09\/Entrega-de-reconocimientos-Angeles-Verdes-5-1024x682.jpeg 1024w, https:\/\/dimensionturistica.com\/es\/wp-content\/uploads\/2022\/09\/Entrega-de-reconocimientos-Angeles-Verdes-5-768x512.jpeg 768w, https:\/\/dimensionturistica.com\/es\/wp-content\/uploads\/2022\/09\/Entrega-de-reconocimientos-Angeles-Verdes-5-1536x1023.jpeg 1536w, https:\/\/dimensionturistica.com\/es\/wp-content\/uploads\/2022\/09\/Entrega-de-reconocimientos-Angeles-Verdes-5-750x500.jpeg 750w, https:\/\/dimensionturistica.com\/es\/wp-content\/uploads\/2022\/09\/Entrega-de-reconocimientos-Angeles-Verdes-5-1140x760.jpeg 1140w, https:\/\/dimensionturistica.com\/es\/wp-content\/uploads\/2022\/09\/Entrega-de-reconocimientos-Angeles-Verdes-5.jpeg 1600w\" sizes=\"(max-width: 300px) 100vw, 300px\" \/>Comit\u00e9 Ejecutivo Nacional del Sindicato Nacional de Trabajadores de la Secretar\u00eda de Turismo, agradeci\u00f3 el apoyo del secretario Miguel Torruco Marqu\u00e9s, por impulsar el fortalecimiento de los \u00c1ngeles Verdes, y precis\u00f3 que esta agrupaci\u00f3n tambi\u00e9n apoya en casos de desastres naturales y emergencias.<br \/>\nEl secretario de Turismo encabez\u00f3 la entrega de reconocimientos, que se otorgar\u00e1n a 167 compa\u00f1eros que cumplen m\u00e1s de 30 a\u00f1os de trayectoria. Entre ellos destaca Francisco Selvera Medina, con 54 a\u00f1os de servicio; y se hizo un reconocimiento p\u00f3stumo a \u00c1ngel Ra\u00fal Alfonso del Moral, quien dedic\u00f3 42 a\u00f1os al servicio de \u00c1ngeles Verdes, siendo adem\u00e1s hijo de uno de los primeros elementos de la corporaci\u00f3n.<br \/>\nLa entrega const\u00f3 tambi\u00e9n de una presea con la imagen de Alfonso Garc\u00eda Gonz\u00e1lez; cuyo hijo, Alfonso Garc\u00eda<img decoding=\"async\" class=\"size-medium wp-image-388324 alignright\" src=\"https:\/\/dimensionturistica.com\/es\/wp-content\/uploads\/2022\/09\/Entrega-de-reconocimientos-Angeles-Verdes-6-300x200.jpeg\" alt=\"\" width=\"300\" height=\"200\" srcset=\"https:\/\/dimensionturistica.com\/es\/wp-content\/uploads\/2022\/09\/Entrega-de-reconocimientos-Angeles-Verdes-6-300x200.jpeg 300w, https:\/\/dimensionturistica.com\/es\/wp-content\/uploads\/2022\/09\/Entrega-de-reconocimientos-Angeles-Verdes-6-1024x682.jpeg 1024w, https:\/\/dimensionturistica.com\/es\/wp-content\/uploads\/2022\/09\/Entrega-de-reconocimientos-Angeles-Verdes-6-768x512.jpeg 768w, https:\/\/dimensionturistica.com\/es\/wp-content\/uploads\/2022\/09\/Entrega-de-reconocimientos-Angeles-Verdes-6-1536x1023.jpeg 1536w, https:\/\/dimensionturistica.com\/es\/wp-content\/uploads\/2022\/09\/Entrega-de-reconocimientos-Angeles-Verdes-6-750x500.jpeg 750w, https:\/\/dimensionturistica.com\/es\/wp-content\/uploads\/2022\/09\/Entrega-de-reconocimientos-Angeles-Verdes-6-1140x760.jpeg 1140w, https:\/\/dimensionturistica.com\/es\/wp-content\/uploads\/2022\/09\/Entrega-de-reconocimientos-Angeles-Verdes-6.jpeg 1600w\" sizes=\"(max-width: 300px) 100vw, 300px\" \/> Cacho, recibi\u00f3 como homenaje a la visi\u00f3n que tuvo su se\u00f1or padre de crear esta instituci\u00f3n.<br \/>\nLos elementos de \u00c1ngeles Verdes que tambi\u00e9n recibieron su reconocimiento de forma presencial fueron: Jorge C\u00e9sar Rodr\u00edguez Y\u00e1\u00f1ez, Venancio Hern\u00e1ndez Vald\u00e9s, Leticia Guadalupe Zamora Olgu\u00edn, Jes\u00fas Mendoza R\u00edos, \u00c1ngeles Karina Mercado Mendoza, Alberto \u00c1vila Aguilera, Jos\u00e9 Alfredo Mendoza Fuentes, Diego Fuentes Robledo, Georgina Ben\u00edtez Trejo, Francisco Javier Maya Casasola, Ana Paula Cruz Garc\u00eda, Francisco Alexis Estrada Flores, Jos\u00e9 Luis Vel\u00e1zquez Cruz, Jos\u00e9 Manuel Coyotzi Tlapapal, Yaira Berenice Villegas Mondrag\u00f3n y Benjam\u00edn L\u00f3pez Serrano.<br \/>\nEn la ceremonia estuvieron presentes, Humberto Hern\u00e1ndez Hadad, subsecretario de Turismo; Sandra Berenice Meza P\u00e9rez, titular de la Unidad de Administraci\u00f3n y Finanzas de Sectur; y Alejandro Z\u00fa\u00f1iga Bernal, director general de Servicios al Turista \u00c1ngeles Verdes.<\/p>\n","protected":false},"excerpt":{"rendered":"<p>El titular de la Secretar\u00eda de Turismo (Sectur) enfatiz\u00f3 que este programa naci\u00f3 en 1960 por iniciativa de Alfonso Garc\u00eda Gonz\u00e1lez, y despu\u00e9s de m\u00e1s de seis d\u00e9cadas de servicio, son ya un referente obligado en materia de asistencia, auxilio mec\u00e1nico, orientaci\u00f3n e informaci\u00f3n tur\u00edstica. Detall\u00f3 que, como se dio a conocer en el Cuarto [&hellip;]<\/p>\n","protected":false},"author":1,"featured_media":388319,"comment_status":"open","ping_status":"closed","sticky":false,"template":"","format":"standard","meta":{"om_disable_all_campaigns":false,"jnews-multi-image_gallery":[],"jnews_single_post":{"source_name":"","source_url":"","via_name":"","via_url":"","override_template":"0","override":[{"template":"1","single_blog_custom":"","parallax":"1","fullscreen":"1","layout":"right-sidebar","sidebar":"default-sidebar","second_sidebar":"default-sidebar","sticky_sidebar":"1","share_position":"top","share_float_style":"share-monocrhome","show_share_counter":"1","show_view_counter":"1","show_featured":"1","show_post_meta":"1","show_post_author":"1","show_post_author_image":"1","show_post_date":"1","post_date_format":"default","post_date_format_custom":"Y\/m\/d","show_post_category":"1","show_post_reading_time":"0","post_reading_time_wpm":"300","show_zoom_button":"0","zoom_button_out_step":"2","zoom_button_in_step":"3","show_post_tag":"1","show_prev_next_post":"1","show_popup_post":"1","number_popup_post":"1","show_author_box":"0","show_post_related":"0","show_inline_post_related":"0"}],"override_image_size":"0","image_override":[{"single_post_thumbnail_size":"crop-500","single_post_gallery_size":"crop-500"}],"trending_post":"0","trending_post_position":"meta","trending_post_label":"Trending","sponsored_post":"0","sponsored_post_label":"Sponsored by","sponsored_post_name":"","sponsored_post_url":"","sponsored_post_logo_enable":"0","sponsored_post_logo":"","sponsored_post_desc":"","disable_ad":"0"},"jnews_primary_category":{"id":""},"jnews_social_meta":{"fb_title":"","fb_description":"","fb_image":"","twitter_title":"","twitter_description":"","twitter_image":""},"footnotes":""},"categories":[39],"tags":[],"class_list":["post-388318","post","type-post","status-publish","format-standard","has-post-thumbnail","hentry","category-viajes"],"_links":{"self":[{"href":"https:\/\/dimensionturistica.com\/es\/wp-json\/wp\/v2\/posts\/388318","targetHints":{"allow":["GET"]}}],"collection":[{"href":"https:\/\/dimensionturistica.com\/es\/wp-json\/wp\/v2\/posts"}],"about":[{"href":"https:\/\/dimensionturistica.com\/es\/wp-json\/wp\/v2\/types\/post"}],"author":[{"embeddable":true,"href":"https:\/\/dimensionturistica.com\/es\/wp-json\/wp\/v2\/users\/1"}],"replies":[{"embeddable":true,"href":"https:\/\/dimensionturistica.com\/es\/wp-json\/wp\/v2\/comments?post=388318"}],"version-history":[{"count":0,"href":"https:\/\/dimensionturistica.com\/es\/wp-json\/wp\/v2\/posts\/388318\/revisions"}],"wp:featuredmedia":[{"embeddable":true,"href":"https:\/\/dimensionturistica.com\/es\/wp-json\/wp\/v2\/media\/388319"}],"wp:attachment":[{"href":"https:\/\/dimensionturistica.com\/es\/wp-json\/wp\/v2\/media?parent=388318"}],"wp:term":[{"taxonomy":"category","embeddable":true,"href":"https:\/\/dimensionturistica.com\/es\/wp-json\/wp\/v2\/categories?post=388318"},{"taxonomy":"post_tag","embeddable":true,"href":"https:\/\/dimensionturistica.com\/es\/wp-json\/wp\/v2\/tags?post=388318"}],"curies":[{"name":"wp","href":"https:\/\/api.w.org\/{rel}","templated":true}]}}