{"id":388296,"date":"2022-09-16T13:49:26","date_gmt":"2022-09-16T13:49:26","guid":{"rendered":"https:\/\/dimensionturistica.com\/es\/?p=388296"},"modified":"2022-09-16T13:49:26","modified_gmt":"2022-09-16T13:49:26","slug":"save-foods-anuncia-nuevas-ventas-con-envasadores-de-lima-mexicanos","status":"publish","type":"post","link":"https:\/\/dimensionturistica.com\/es\/save-foods-anuncia-nuevas-ventas-con-envasadores-de-lima-mexicanos\/","title":{"rendered":"Save Foods anuncia nuevas ventas con envasadores de lima mexicanos"},"content":{"rendered":"<p> <br \/>\n<\/p>\n<div itemprop=\"articleBody\">\n<p>Save Meals, Inc., una empresa de tecnolog\u00eda agroalimentaria especializada en la protecci\u00f3n ecol\u00f3gica de cultivos que ayuda a reducir el desperdicio de alimentos y a garantizar la seguridad alimentaria, a la vez que cut back el uso de pesticidas, ha anunciado recientemente una nueva adopci\u00f3n comercial de su tratamiento de protecci\u00f3n ecol\u00f3gica de cultivos por parte de unos envasadores de lima mexicanos, tras la reciente finalizaci\u00f3n con \u00e9xito de varios programas piloto en Veracruz, M\u00e9xico.<\/p>\n<p>&#8220;Estamos muy contentos con el resultado de los programas piloto, que han dado lugar a la adici\u00f3n de nuevos clientes a nuestra creciente red&#8221;, comenta Antonio Ruiz Garc\u00eda, representante native de Save Meals en M\u00e9xico, quien tambi\u00e9n es el exsubsecretario de Desarrollo Rural en M\u00e9xico. Garc\u00eda contin\u00faa: &#8220;Creemos que el creciente inter\u00e9s en nuestras soluciones por parte de los posibles clientes de la zona se traducir\u00e1 en un crecimiento constante a medida que continuemos mostrando nuestro tratamiento de protecci\u00f3n de cultivos ecol\u00f3gicos y su impacto positivo en la cadena de suministro de alimentos&#8221;.<\/p>\n<p>Dan Sztybel, director normal de Save Meals Ltd., la filial israel\u00ed de la empresa, cube que los beneficios tanto para los <em>retailers<\/em> como para los envasadores est\u00e1n probados. &#8220;Un importante <em>retailer<\/em> estadounidense inform\u00f3 de que las limas tratadas con nuestra protecci\u00f3n ecol\u00f3gica de cultivos ten\u00edan una vida \u00fatil ampliada de m\u00e1s de cinco d\u00edas en comparaci\u00f3n con las limas que no hab\u00edan sido tratadas&#8221;.<\/p>\n<p>&#8220;La prolongaci\u00f3n de la vida \u00fatil significa que se reducen los residuos y nuestros datos indican que eso podr\u00eda suponer para los <em>retailers<\/em> unos ingresos adicionales de 185 d\u00f3lares por tonelada de limas. Adem\u00e1s, el envasador se benefici\u00f3 de un aumento del 25% en el volumen de compra del producto por parte del <em>retailer<\/em> estadounidense&#8221;.<\/p>\n<p>M\u00e9xico es el segundo exportador mundial de limas, con casi el 18% del valor de las ventas mundiales. Seg\u00fan la Secretar\u00eda de Agricultura y Desarrollo Rural (Sader), las exportaciones de c\u00edtricos de M\u00e9xico aumentaron en 2021, alcanzando un valor complete de m\u00e1s de 912 millones de d\u00f3lares y produciendo m\u00e1s de 2,9 millones de toneladas de lima. El estado de Veracruz, donde se han producido las \u00faltimas incorporaciones de clientes de Save Meals, es la principal zona productora de lima persa en el pa\u00eds, donde se produce todo el a\u00f1o, con un 50-60% destinado a la exportaci\u00f3n.<\/p>\n<p>\u00a0<\/p>\n<p>Para m\u00e1s informaci\u00f3n:<br \/><a target=\"_blank\" href=\"https:\/\/www.freshplaza.es\/article\/9459962\/save-foods-anuncia-nuevas-ventas-con-envasadores-de-lima-mexicanos\/mailto:IR@savefoods.co?subject=Response%20to%20FreshPlaza.com%20article\" rel=\"noopener\">IR@savefoods.co<\/a><\/p>\n<\/p><\/div>\n<p>\n        Fecha de publicaci\u00f3n:<br \/>\n        <time datetime=\"2022-09-16T13:35:00.0000000\" itemprop=\"datePublished\"><br \/>\n            vi. 16 sep. 2022<br \/>\n        <\/time><\/p>\n\n<p><em> \u2018 The preceding article may include information circulated by third parties \u2019 <\/em><\/p>\n<p><em> \u2018 Some details of this article were extracted from the following source www.freshplaza.es \u2019 <\/em><\/p>\n","protected":false},"excerpt":{"rendered":"<p>Save Meals, Inc., una empresa de tecnolog\u00eda agroalimentaria especializada en la protecci\u00f3n ecol\u00f3gica de cultivos que ayuda a reducir el desperdicio de alimentos y a garantizar la seguridad alimentaria, a la vez que cut back el uso de pesticidas, ha anunciado recientemente una nueva adopci\u00f3n comercial de su tratamiento de protecci\u00f3n ecol\u00f3gica de cultivos por [&hellip;]<\/p>\n","protected":false},"author":2,"featured_media":388297,"comment_status":"open","ping_status":"closed","sticky":false,"template":"","format":"standard","meta":{"om_disable_all_campaigns":false,"jnews-multi-image_gallery":[],"jnews_single_post":[],"jnews_primary_category":[],"jnews_social_meta":[],"footnotes":""},"categories":[43],"tags":[],"class_list":["post-388296","post","type-post","status-publish","format-standard","has-post-thumbnail","hentry","category-gourmet"],"_links":{"self":[{"href":"https:\/\/dimensionturistica.com\/es\/wp-json\/wp\/v2\/posts\/388296","targetHints":{"allow":["GET"]}}],"collection":[{"href":"https:\/\/dimensionturistica.com\/es\/wp-json\/wp\/v2\/posts"}],"about":[{"href":"https:\/\/dimensionturistica.com\/es\/wp-json\/wp\/v2\/types\/post"}],"author":[{"embeddable":true,"href":"https:\/\/dimensionturistica.com\/es\/wp-json\/wp\/v2\/users\/2"}],"replies":[{"embeddable":true,"href":"https:\/\/dimensionturistica.com\/es\/wp-json\/wp\/v2\/comments?post=388296"}],"version-history":[{"count":0,"href":"https:\/\/dimensionturistica.com\/es\/wp-json\/wp\/v2\/posts\/388296\/revisions"}],"wp:featuredmedia":[{"embeddable":true,"href":"https:\/\/dimensionturistica.com\/es\/wp-json\/wp\/v2\/media\/388297"}],"wp:attachment":[{"href":"https:\/\/dimensionturistica.com\/es\/wp-json\/wp\/v2\/media?parent=388296"}],"wp:term":[{"taxonomy":"category","embeddable":true,"href":"https:\/\/dimensionturistica.com\/es\/wp-json\/wp\/v2\/categories?post=388296"},{"taxonomy":"post_tag","embeddable":true,"href":"https:\/\/dimensionturistica.com\/es\/wp-json\/wp\/v2\/tags?post=388296"}],"curies":[{"name":"wp","href":"https:\/\/api.w.org\/{rel}","templated":true}]}}