{"id":388155,"date":"2022-09-16T09:09:08","date_gmt":"2022-09-16T09:09:08","guid":{"rendered":"https:\/\/dimensionturistica.com\/es\/?p=388155"},"modified":"2022-09-16T09:09:08","modified_gmt":"2022-09-16T09:09:08","slug":"recuerdame-otra-vez-por-que-compre-whole-foods","status":"publish","type":"post","link":"https:\/\/dimensionturistica.com\/es\/recuerdame-otra-vez-por-que-compre-whole-foods\/","title":{"rendered":"Recu\u00e9rdame otra vez por qu\u00e9 compr\u00e9 Whole Foods"},"content":{"rendered":"<p> <br \/>\n<\/p>\n<div>\n<p>El d\u00eda de 2017 en que Amazon anunci\u00f3 que comprar\u00eda Complete Meals Market, Jeff Wilke, entonces zar de la venta al por menor de Amazon, trat\u00f3 de tranquilizar a un gran grupo de empleados reunidos en una sala de conferencias sobre la tienda insignia del supermercado de alta gama en Austin, dici\u00e9ndoles que sus vidas no dar\u00edan un vuelco por el acuerdo. Entonces se refiri\u00f3 a los ar\u00e1ndanos como una verdura.\u00a0<\/p>\n<p>Los ejecutivos de Complete Meals se abalanzaron. \u00abEso no son verduras\u00bb, ataj\u00f3 el cofundador John Mackey. \u00abAs\u00ed se empieza\u00bb, a\u00f1adi\u00f3 Walter Robb, antiguo codirector normal de Mackey, antes de que \u00e9ste ofreciera a Wilke una salida: \u00abEstamos aprendiendo\u00bb, dijo.\u00a0<\/p>\n<\/p><\/div>\n\n<p><em> \u2018 The preceding article may include information circulated by third parties \u2019 <\/em><\/p>\n<p><em> \u2018 Some details of this article were extracted from the following source www.finanzas.com \u2019 <\/em><\/p>\n","protected":false},"excerpt":{"rendered":"<p>El d\u00eda de 2017 en que Amazon anunci\u00f3 que comprar\u00eda Complete Meals Market, Jeff Wilke, entonces zar de la venta al por menor de Amazon, trat\u00f3 de tranquilizar a un gran grupo de empleados reunidos en una sala de conferencias sobre la tienda insignia del supermercado de alta gama en Austin, dici\u00e9ndoles que sus vidas [&hellip;]<\/p>\n","protected":false},"author":2,"featured_media":388156,"comment_status":"open","ping_status":"closed","sticky":false,"template":"","format":"standard","meta":{"om_disable_all_campaigns":false,"jnews-multi-image_gallery":[],"jnews_single_post":[],"jnews_primary_category":[],"jnews_social_meta":[],"footnotes":""},"categories":[43],"tags":[],"class_list":["post-388155","post","type-post","status-publish","format-standard","has-post-thumbnail","hentry","category-gourmet"],"_links":{"self":[{"href":"https:\/\/dimensionturistica.com\/es\/wp-json\/wp\/v2\/posts\/388155","targetHints":{"allow":["GET"]}}],"collection":[{"href":"https:\/\/dimensionturistica.com\/es\/wp-json\/wp\/v2\/posts"}],"about":[{"href":"https:\/\/dimensionturistica.com\/es\/wp-json\/wp\/v2\/types\/post"}],"author":[{"embeddable":true,"href":"https:\/\/dimensionturistica.com\/es\/wp-json\/wp\/v2\/users\/2"}],"replies":[{"embeddable":true,"href":"https:\/\/dimensionturistica.com\/es\/wp-json\/wp\/v2\/comments?post=388155"}],"version-history":[{"count":0,"href":"https:\/\/dimensionturistica.com\/es\/wp-json\/wp\/v2\/posts\/388155\/revisions"}],"wp:featuredmedia":[{"embeddable":true,"href":"https:\/\/dimensionturistica.com\/es\/wp-json\/wp\/v2\/media\/388156"}],"wp:attachment":[{"href":"https:\/\/dimensionturistica.com\/es\/wp-json\/wp\/v2\/media?parent=388155"}],"wp:term":[{"taxonomy":"category","embeddable":true,"href":"https:\/\/dimensionturistica.com\/es\/wp-json\/wp\/v2\/categories?post=388155"},{"taxonomy":"post_tag","embeddable":true,"href":"https:\/\/dimensionturistica.com\/es\/wp-json\/wp\/v2\/tags?post=388155"}],"curies":[{"name":"wp","href":"https:\/\/api.w.org\/{rel}","templated":true}]}}