{"id":387939,"date":"2022-09-15T22:12:35","date_gmt":"2022-09-15T22:12:35","guid":{"rendered":"https:\/\/dimensionturistica.com\/es\/?p=387939"},"modified":"2022-09-15T22:12:35","modified_gmt":"2022-09-15T22:12:35","slug":"los-viajes-del-imserso-a-destinos-de-interior-ya-tienen-fechas-de-salida","status":"publish","type":"post","link":"https:\/\/dimensionturistica.com\/es\/los-viajes-del-imserso-a-destinos-de-interior-ya-tienen-fechas-de-salida\/","title":{"rendered":"Los viajes del Imserso a destinos de interior ya tienen fechas de salida"},"content":{"rendered":"<p> <br \/>\n<\/p>\n<div>\n<p>Las fechas de salida de los viajes de <strong>Turismo de Inside<\/strong> del programa de vacaciones del <a rel=\"nofollow noopener\" target=\"_blank\" href=\"https:\/\/www.hosteltur.com\/tag\/viajes-imserso\">Imserso<\/a> ya pueden consultarse en la internet de <a rel=\"nofollow noopener\" target=\"_blank\" href=\"https:\/\/www.hosteltur.com\/tag\/turismo-social\">Turismo Social<\/a>, la mayorista de <a rel=\"nofollow noopener\" target=\"_blank\" href=\"https:\/\/www.hosteltur.com\/tag\/avoris-corporacion-empresarial\">\u00c1voris Corporaci\u00f3n Empresarial<\/a>. Por ahora, el turoperador ha programado 2.850 salidas, a las que prev\u00e9 a\u00f1adir m\u00e1s pr\u00f3ximamente, seg\u00fan han confirmado a HOSTELTUR.<\/p>\n<\/div>\n<div>\n<p>El primer grupo de viajeros de Turismo Social de esta temporada 2022-2023 partir\u00e1 el pr\u00f3ximo 3 de octubre y hay salidas programadas hasta el mes de junio de 2023.<\/p>\n<p>Para conocer las fechas de viaje disponibles hay que entrar el apartado &#8220;reservas&#8221; del men\u00fa principal de la internet <strong>turismosocial.com <\/strong>y completar los criterios de b\u00fasqueda: origen, plazas, modalidad de viaje, zona, transporte, intervalo de fechas de salida deseado y destinos.<\/p>\n<blockquote>\n<p><strong>M\u00e1s noticias sobre los viajes del Imserso:<\/strong><br \/><a rel=\"nofollow noopener\" target=\"_blank\" href=\"https:\/\/www.hosteltur.com\/153282_unav-insta-a-todas-las-partes-a-sentarse-negociar-y-mejorar-el-imserso.html\">El Imserso debe mejorar: UNAV propone sentarse y negociar<\/a><br \/><a rel=\"nofollow noopener\" target=\"_blank\" href=\"https:\/\/www.hosteltur.com\/153291_aprueban-el-decreto-para-regular-ayudas-al-imserso-en-comunidad-valenciana.html\">Aprueban el decreto para regular ayudas al Imserso en Comunidad Valenciana<\/a><br \/><a rel=\"nofollow noopener\" target=\"_blank\" href=\"https:\/\/www.hosteltur.com\/153272_hoteles-de-cataluna-se-borran-de-los-viajes-del-imserso.html\">Hoteles de Catalu\u00f1a se borran de los viajes del Imserso<\/a><br \/><a rel=\"nofollow noopener\" target=\"_blank\" href=\"https:\/\/www.hosteltur.com\/153317_los-hoteles-de-baleares-tambien-renuncian-al-imserso.html\">Hoteles de Baleares tambi\u00e9n se borran de los viajes del Imserso<\/a><\/p>\n<\/blockquote>\n<p>La mayorista de \u00c1voris gestiona esta temporada 142.103 plazas en las <a rel=\"nofollow noopener\" target=\"_blank\" href=\"https:\/\/www.hosteltur.com\/153322_ya-esta-disponible-la-oferta-de-viajes-del-imserso-de-turismo-social.html\">cuatro modalidades de viaje incluidas en el lote de Turismo de Interior<\/a> del programa de vacaciones de los mayores.<\/p>\n<div class=\"wysiwyg-photo\"><img decoding=\"async\" title=\"\" src=\"https:\/\/static.hosteltur.com\/app\/public\/uploads\/img\/articles\/2022\/09\/15\/L_175211_turismosocialweb.jpg\" alt=\"\" data-id=\"240976\"\/> <\/p>\n<p>Interfaz de b\u00fasqueda de viajes de la internet de Turismo Social.<\/p>\n<\/p><\/div>\n<p>Las modalidades de viajes son <strong>Circuitos Culturales<\/strong>, rutas de <strong>Turismo de Naturaleza<\/strong>, visitas a las <strong>Capitales de Provincia<\/strong> y visitas a <strong>Ceuta y Melilla<\/strong>. Turismo Social ya ha cerrado acuerdos con <a rel=\"nofollow noopener\" target=\"_blank\" href=\"https:\/\/www.hosteltur.com\/153351_estos-son-los-103-hoteles-de-los-destinos-del-interior-del-imserso.html\">m\u00e1s de cien hoteles<\/a> de todas las comunidades aut\u00f3nomas.<\/p>\n<h2>Plazas y ventas del Imserso<\/h2>\n<p>Las ventas de los viajes a los usuarios acreditados comenzar\u00e1n el pr\u00f3ximo 20 y 21 de septiembre en las agencias de viajes de Andaluc\u00eda, Cantabria, Catalu\u00f1a, Comunidad Valenciana, Extremadura, Madrid, Melilla y Murcia.<\/p>\n<p>El 22 y 23 de septiembre lo har\u00e1n en las agencias de Asturias, Arag\u00f3n, Castilla- La Mancha, Castilla y Le\u00f3n, Ceuta, Galicia, Baleares, Canarias, La Rioja, Navarra y Pa\u00eds Vasco.<\/p>\n<p>Solo podr\u00e1n reservar plaza aquellas personas que est\u00e9n <strong>acreditadas<\/strong> en el programa del Imserso y necesitar\u00e1n el DNI para completar su reserva en una agencia de viajes y tambi\u00e9n la Clave de la acreditaci\u00f3n si la reserva se realiza en la p\u00e1gina internet del turoperador.<\/p>\n<h2>Destinos y precios<\/h2>\n<p>Los paquetes de <strong>Circuitos Culturales<\/strong> para conocer todo el patrimonio del inside de Espa\u00f1a tienen un precio de 272,71 euros con estancias de 6 d\u00edas (5 noches) en las 17 comunidades aut\u00f3nomas, incluido un circuito cultural por la isla de <strong>Mallorca<\/strong> y otro por<strong> Gran<\/strong> <strong>Canaria<\/strong>.<\/p>\n<p>Los acreditados que quieran realizar rutas de <strong>Turismo de Naturaleza<\/strong> lo pueden hacer por 266,81 euros en estancias de 5 d\u00edas (4 noches) con itinerarios por todas las comunidades aut\u00f3nomas, excepto Murcia y Navarra, y con itinerarios tambi\u00e9n por <strong>Mallorca<\/strong> y <strong>Tenerife<\/strong>.<\/p>\n<div class=\"wysiwyg-photo\"><img decoding=\"async\" title=\"\" src=\"https:\/\/static.hosteltur.com\/app\/public\/uploads\/img\/articles\/2022\/09\/15\/L_191457_adobestock-242878227.jpg\" alt=\"\" data-id=\"240981\"\/> <\/p>\n<p>Turismo Social ha programado salidas de grupos hasta el mes de junio del pr\u00f3ximo a\u00f1o.<\/p>\n<\/p><\/div>\n<p>Las visitas a las <strong>Capitales de Provincia<\/strong>, con actividades tur\u00edstico-culturales en viajes sin transporte, se comercializan desde 115,98 euros en estancias de 4 d\u00edas (3 noches) y se pueden descubrir ciudades de 10 comunidades aut\u00f3nomas de la pen\u00ednsula.<\/p>\n<p>Por \u00faltimo, los viajes para descubrir las ciudades aut\u00f3nomas <strong>Ceuta y Melilla<\/strong> tienen un precio de 266,81 euros con estancias de 5 d\u00edas (4 noches).<\/p>\n<h2>Mundiplan<\/h2>\n<p>Por otro lado, hasta este jueves, <a rel=\"nofollow noopener\" target=\"_blank\" href=\"https:\/\/www.hosteltur.com\/tag\/mundiplan\">Mundiplan<\/a>, el turoperador que organiza los viajes del Imserso a las costas peninsulares y a las islas, contin\u00faa sin facilitar en su internet la informaci\u00f3n sobre su programaci\u00f3n y sobre los hoteles participantes.<\/p>\n<p>Seg\u00fan ha publicado HOSTELTUR, hoteles de costa y de las islas que han participado las \u00faltimas temporadas del Imserso este a\u00f1o han dedicido darse de baja ante la escasa remuneraci\u00f3n que perciben, un contratiempo ha generado preocupaci\u00f3n en las agencias de viajes.<\/p>\n<\/div>\n\n<p><em> &#8221; Fuentes www.hosteltur.com &#8221; <\/em><\/p>\n","protected":false},"excerpt":{"rendered":"<p>Las fechas de salida de los viajes de Turismo de Inside del programa de vacaciones del Imserso ya pueden consultarse en la internet de Turismo Social, la mayorista de \u00c1voris Corporaci\u00f3n Empresarial. Por ahora, el turoperador ha programado 2.850 salidas, a las que prev\u00e9 a\u00f1adir m\u00e1s pr\u00f3ximamente, seg\u00fan han confirmado a HOSTELTUR. El primer grupo [&hellip;]<\/p>\n","protected":false},"author":4,"featured_media":387940,"comment_status":"open","ping_status":"closed","sticky":false,"template":"","format":"standard","meta":{"om_disable_all_campaigns":false,"jnews-multi-image_gallery":[],"jnews_single_post":[],"jnews_primary_category":[],"jnews_social_meta":[],"footnotes":""},"categories":[40],"tags":[1140],"class_list":["post-387939","post","type-post","status-publish","format-standard","has-post-thumbnail","hentry","category-industria","tag-hoteles-y-alojamientos"],"_links":{"self":[{"href":"https:\/\/dimensionturistica.com\/es\/wp-json\/wp\/v2\/posts\/387939","targetHints":{"allow":["GET"]}}],"collection":[{"href":"https:\/\/dimensionturistica.com\/es\/wp-json\/wp\/v2\/posts"}],"about":[{"href":"https:\/\/dimensionturistica.com\/es\/wp-json\/wp\/v2\/types\/post"}],"author":[{"embeddable":true,"href":"https:\/\/dimensionturistica.com\/es\/wp-json\/wp\/v2\/users\/4"}],"replies":[{"embeddable":true,"href":"https:\/\/dimensionturistica.com\/es\/wp-json\/wp\/v2\/comments?post=387939"}],"version-history":[{"count":0,"href":"https:\/\/dimensionturistica.com\/es\/wp-json\/wp\/v2\/posts\/387939\/revisions"}],"wp:featuredmedia":[{"embeddable":true,"href":"https:\/\/dimensionturistica.com\/es\/wp-json\/wp\/v2\/media\/387940"}],"wp:attachment":[{"href":"https:\/\/dimensionturistica.com\/es\/wp-json\/wp\/v2\/media?parent=387939"}],"wp:term":[{"taxonomy":"category","embeddable":true,"href":"https:\/\/dimensionturistica.com\/es\/wp-json\/wp\/v2\/categories?post=387939"},{"taxonomy":"post_tag","embeddable":true,"href":"https:\/\/dimensionturistica.com\/es\/wp-json\/wp\/v2\/tags?post=387939"}],"curies":[{"name":"wp","href":"https:\/\/api.w.org\/{rel}","templated":true}]}}