{"id":387792,"date":"2022-09-15T18:22:39","date_gmt":"2022-09-15T18:22:39","guid":{"rendered":"https:\/\/dimensionturistica.com\/es\/?p=387792"},"modified":"2022-09-15T18:22:39","modified_gmt":"2022-09-15T18:22:39","slug":"la-celebracion-de-la-independencia-se-festeja-con-un-vino-bajacaliforniano-que-potencialice-los-sabores-de-mexico","status":"publish","type":"post","link":"https:\/\/dimensionturistica.com\/es\/la-celebracion-de-la-independencia-se-festeja-con-un-vino-bajacaliforniano-que-potencialice-los-sabores-de-mexico\/","title":{"rendered":"La celebraci\u00f3n de la Independencia se festeja con un vino Bajacaliforniano que potencialice los sabores de M\u00e9xico"},"content":{"rendered":"<p><img decoding=\"async\" class=\"size-medium wp-image-387804 alignright\" src=\"https:\/\/dimensionturistica.com\/es\/wp-content\/uploads\/2022\/09\/CALIF8-300x139.jpg\" alt=\"\" width=\"300\" height=\"139\" srcset=\"https:\/\/dimensionturistica.com\/es\/wp-content\/uploads\/2022\/09\/CALIF8-300x139.jpg 300w, https:\/\/dimensionturistica.com\/es\/wp-content\/uploads\/2022\/09\/CALIF8-768x356.jpg 768w, https:\/\/dimensionturistica.com\/es\/wp-content\/uploads\/2022\/09\/CALIF8-750x348.jpg 750w, https:\/\/dimensionturistica.com\/es\/wp-content\/uploads\/2022\/09\/CALIF8.jpg 837w\" sizes=\"(max-width: 300px) 100vw, 300px\" \/>Las fiestas patrias se acercan y con ello una temporada para enaltecer a todos los platillos que nos representan como mexicanos y que mejor que potencializar su sabor con un elemento muy nacional como el vino bajacaliforniano, una bebida que se ha convertido en el favorito para acompa\u00f1ar la mesa de familias, amigos y parejas.<br \/>\nTorta ahogada y Plan B de Vin\u00edcola Bruma<br \/>\nCon intenci\u00f3n de crear vinos que generen experiencias para todos los sentidos la en\u00f3loga Lul\u00fa Mart\u00ednez elabor\u00f3 el Plan B Ros\u00e9 2019, un vino de uva Grenache, de color durazno claro con reflejos de piel de cebolla, brillante,<img decoding=\"async\" class=\"size-medium wp-image-387805 alignright\" src=\"https:\/\/dimensionturistica.com\/es\/wp-content\/uploads\/2022\/09\/CALIF10-171x300.png\" alt=\"\" width=\"171\" height=\"300\" srcset=\"https:\/\/dimensionturistica.com\/es\/wp-content\/uploads\/2022\/09\/CALIF10-171x300.png 171w, https:\/\/dimensionturistica.com\/es\/wp-content\/uploads\/2022\/09\/CALIF10.png 400w\" sizes=\"(max-width: 171px) 100vw, 171px\" \/> con aromas a fresa dulce, durazno, chabacano, mandarina, higo y piedra de cartera rosa que va perfecto con deliciosa torta ahogada, una t\u00edpica receta jalisciense que consiste en pan con frijoles refritos, carne de cerdo, ba\u00f1ada en salsa de jitomate.<br \/>\nEste vino es una creaci\u00f3n de Bruma, un complejo de hospedaje, restaurante y vin\u00edcola que busca ser un recorrido que supere al paladar y te traslade hacia la tierra de su cosecha y a la vida detr\u00e1s del proceso por el que Lul\u00fa pasa para crear este sabor.<br \/>\nSin embargo, si piensas en un postre como churros azucarados doraditos o rellenos de queso cremoso, un excelente maridaje puede suceder con un Plan B Tinto 2018 de Bruma, una mezcla de uvas Merlot, Malbec, Mourvedre y Grenache, que dan un color rub\u00ed claro con reflejos al rojo de grosella, explosivo a nariz por su intenso perfume a frutos rojos, regaliz, canela, salvia, eucalipto que deja frescura en tu boca.<br \/>\nCl\u00e1sicos por excelencia con Madera 5<img decoding=\"async\" class=\"size-medium wp-image-387797 alignright\" src=\"https:\/\/dimensionturistica.com\/es\/wp-content\/uploads\/2022\/09\/CALIF2-300x200.jpg\" alt=\"\" width=\"300\" height=\"200\" srcset=\"https:\/\/dimensionturistica.com\/es\/wp-content\/uploads\/2022\/09\/CALIF2-300x200.jpg 300w, https:\/\/dimensionturistica.com\/es\/wp-content\/uploads\/2022\/09\/CALIF2-768x513.jpg 768w, https:\/\/dimensionturistica.com\/es\/wp-content\/uploads\/2022\/09\/CALIF2-750x501.jpg 750w, https:\/\/dimensionturistica.com\/es\/wp-content\/uploads\/2022\/09\/CALIF2.jpg 837w\" sizes=\"(max-width: 300px) 100vw, 300px\" \/><br \/>\nPara estas fiestas patrias no puede faltar un cl\u00e1sico pozole rojo de puerco, pollo o mariscos en tu mesa, un exquisito caldo hecho a base de granos de ma\u00edz y chile guajillo, que se come con col, or\u00e9gano y rabanitos; el cual en palabras de la sommelier bajacaliforniana Ana Ley, se disfruta m\u00e1s junto a un Rojo 126 de Madera 5, un vino producido con 28% de uvas Cabernet, 37% Sauvignon Sangiovese, 11% Malbec, 6% Petit Verdot y 18% Tempranillo; que dan a vista un rojo rub\u00ed, acidez media, sabor suave y aromas a cereza, zarzamora, clavo, pimienta y ciruela que va perfecto con este plato.<br \/>\nPero si esta temporada piensas m\u00e1s en los sabores intensos de moles y pipianes, pueden ir a la perfecci\u00f3n con<img decoding=\"async\" class=\"size-medium wp-image-387800 alignright\" src=\"https:\/\/dimensionturistica.com\/es\/wp-content\/uploads\/2022\/09\/CALIF5-300x199.jpg\" alt=\"\" width=\"300\" height=\"199\" srcset=\"https:\/\/dimensionturistica.com\/es\/wp-content\/uploads\/2022\/09\/CALIF5-300x199.jpg 300w, https:\/\/dimensionturistica.com\/es\/wp-content\/uploads\/2022\/09\/CALIF5-1024x681.jpg 1024w, https:\/\/dimensionturistica.com\/es\/wp-content\/uploads\/2022\/09\/CALIF5-768x511.jpg 768w, https:\/\/dimensionturistica.com\/es\/wp-content\/uploads\/2022\/09\/CALIF5-750x499.jpg 750w, https:\/\/dimensionturistica.com\/es\/wp-content\/uploads\/2022\/09\/CALIF5-1140x758.jpg 1140w, https:\/\/dimensionturistica.com\/es\/wp-content\/uploads\/2022\/09\/CALIF5.jpg 1280w\" sizes=\"(max-width: 300px) 100vw, 300px\" \/> un 100 % Nebbiolo de a\u00f1ejamiento de 12 meses en barrica, un vino que detona el sabor gracias a su acidez balanceada, larga permanencia en boca con aromas a frutos negros maduros, notas de cacao, especies y flores.<br \/>\nAmbos vinos provienen de Madera 5 \u2013una vin\u00edcola que nace en 2007\u2013, la primera bodega que puedes encontrar al entrar a la Ruta del Vino de Valle de Guadalupe que basa sus creaciones en la preparaci\u00f3n de buenos y agradables vinos, concebidos con uvas 100% provenientes de vi\u00f1edos del sur de Ensenada, es decir de sabores totalmente bajacalifornianos.<br \/>\nCochinita pibil y Chardonnay de Decantos<br \/>\nLa cochinita pibil es una destacada receta de la culinaria yucateca, compuesta por carne de puerco marinada en achiote y jugo de naranja, servida con cebollita morada curtida en lim\u00f3n, vinagre y habanero; esta sabrosa comida se combinar\u00e1 a la perfecci\u00f3n con un y Chardonnay 2016 de la vin\u00edcola Decantos, un vino joven con alta<img decoding=\"async\" class=\"size-medium wp-image-387799 alignright\" src=\"https:\/\/dimensionturistica.com\/es\/wp-content\/uploads\/2022\/09\/CALIF4-300x141.jpg\" alt=\"\" width=\"300\" height=\"141\" srcset=\"https:\/\/dimensionturistica.com\/es\/wp-content\/uploads\/2022\/09\/CALIF4-300x141.jpg 300w, https:\/\/dimensionturistica.com\/es\/wp-content\/uploads\/2022\/09\/CALIF4-1024x483.jpg 1024w, https:\/\/dimensionturistica.com\/es\/wp-content\/uploads\/2022\/09\/CALIF4-768x362.jpg 768w, https:\/\/dimensionturistica.com\/es\/wp-content\/uploads\/2022\/09\/CALIF4-1536x724.jpg 1536w, https:\/\/dimensionturistica.com\/es\/wp-content\/uploads\/2022\/09\/CALIF4-750x354.jpg 750w, https:\/\/dimensionturistica.com\/es\/wp-content\/uploads\/2022\/09\/CALIF4-1140x538.jpg 1140w, https:\/\/dimensionturistica.com\/es\/wp-content\/uploads\/2022\/09\/CALIF4.jpg 2000w\" sizes=\"(max-width: 300px) 100vw, 300px\" \/> intensidad, especial por estar reducido en acidez y concentrar con un color oro de tono paja brillante, aromas a pera, pi\u00f1a y mel\u00f3n; y sabores primaverales de c\u00edtrico fresco como naranja y toronja que se compaginan con lo condimentado de este platillo de origen Maya.<br \/>\nSe trata de una experiencia completa ya que Decantos es una bodega muy atractiva por tratarse de la primera vin\u00edcola de M\u00e9xico que produce sus vinos con base en decantaci\u00f3n o gravedad, es decir, ninguna bomba mec\u00e1nica, ni raros acelerantes pasan por la preparaci\u00f3n de este vino blanco.<br \/>\nTacos al pastor y un Grenache<br \/>\nLos tacos al pastor siempre ser\u00e1n un emblema mexicano por su deliciosa combinaci\u00f3n de carne de puerco adobada con achiote, chiles rojos y especias, servido con pi\u00f1a y verdurita en tortilla de harina o ma\u00edz. Este delicioso manjar de dioses fue elogiado por la gu\u00eda gastron\u00f3mica Taste Atlas como la mejor comida del mundo<img decoding=\"async\" class=\"size-medium wp-image-387803 alignright\" src=\"https:\/\/dimensionturistica.com\/es\/wp-content\/uploads\/2022\/09\/CALIF6-169x300.png\" alt=\"\" width=\"169\" height=\"300\" srcset=\"https:\/\/dimensionturistica.com\/es\/wp-content\/uploads\/2022\/09\/CALIF6-169x300.png 169w, https:\/\/dimensionturistica.com\/es\/wp-content\/uploads\/2022\/09\/CALIF6-576x1024.png 576w, https:\/\/dimensionturistica.com\/es\/wp-content\/uploads\/2022\/09\/CALIF6-768x1365.png 768w, https:\/\/dimensionturistica.com\/es\/wp-content\/uploads\/2022\/09\/CALIF6-864x1536.png 864w, https:\/\/dimensionturistica.com\/es\/wp-content\/uploads\/2022\/09\/CALIF6-750x1333.png 750w, https:\/\/dimensionturistica.com\/es\/wp-content\/uploads\/2022\/09\/CALIF6.png 1080w\" sizes=\"(max-width: 169px) 100vw, 169px\" \/> en 2019 y su mejor ensamble se logra con un vino estilo Grenache. La primera sugerencia es un Grenache 2019 de Monte Xanic, un vino vers\u00e1til seco, con acidez fresca, sabor a granada, fresas, toronja, cardamomo, violetas, lilas y regaliz. Posee un agradable de color rojo cereza y a nariz se percibe un aroma frutal.<br \/>\nMonte Xanic es parte de la tradici\u00f3n vin\u00edcola de Baja California, puesto que es una de las tres bodegas con mayor valor en la industria del vino en el pa\u00eds, que adem\u00e1s de ser multipremiada internacionalmente, transform\u00f3 la elaboraci\u00f3n del vino nacional. Conseguir este vino ser\u00e1 sencillo, pero si te gustan los retos que valen la pena, atr\u00e9vete a buscar un Kekoo, 100% Grenache de uvas de 35 a\u00f1os de edad, el cual goza de un color rosa casi durazno con sabor a notas de caf\u00e9, ligeramente <img decoding=\"async\" class=\"size-medium wp-image-387798 alignleft\" src=\"https:\/\/dimensionturistica.com\/es\/wp-content\/uploads\/2022\/09\/CALIF3-168x300.jpg\" alt=\"\" width=\"168\" height=\"300\" srcset=\"https:\/\/dimensionturistica.com\/es\/wp-content\/uploads\/2022\/09\/CALIF3-168x300.jpg 168w, https:\/\/dimensionturistica.com\/es\/wp-content\/uploads\/2022\/09\/CALIF3-574x1024.jpg 574w, https:\/\/dimensionturistica.com\/es\/wp-content\/uploads\/2022\/09\/CALIF3-768x1370.jpg 768w, https:\/\/dimensionturistica.com\/es\/wp-content\/uploads\/2022\/09\/CALIF3-861x1536.jpg 861w, https:\/\/dimensionturistica.com\/es\/wp-content\/uploads\/2022\/09\/CALIF3-750x1338.jpg 750w, https:\/\/dimensionturistica.com\/es\/wp-content\/uploads\/2022\/09\/CALIF3.jpg 1076w\" sizes=\"(max-width: 168px) 100vw, 168px\" \/>dulce y \u00e1cido; en aroma encontrar\u00e1s flores, c\u00edtricos y frutas frescas. Este vino rosado este hecho por Vinos Xecue \u2013(Checu\u00e9) palabra de origen Kiliwa que significa &#8220;amor&#8221;\u2013, un proyecto creado por Alberta Ceja Medina y Jos\u00e9 Luis Hern\u00e1ndez con la intenci\u00f3n de mostrar el amor a la tierra y acercar al consumidor a disfrutar las variedades de vid que se dan en la regi\u00f3n.<br \/>\nCon todo lo anterior, si ya los conoces estos vinos o tienes curiosidad por el maridaje junto a los platillos cl\u00e1sicos de nuestra gastronom\u00eda, debes saber que todos los paladares son distintos, pero amar\u00e1s aventurarte a un viaje de sabor junto a vinos bajacalifornianos, dado a que en los \u00faltimos a\u00f1os la producci\u00f3n de vino, proyectos y sala de degustaci\u00f3n de Baja California han aumentado y se trata de una industria multipremiada que ha permitido que nacionales y extranjeros volteen a ver esta naci\u00f3n. As\u00ed que no lo dudes y da el grito con uno de estos vinos.<\/p>\n","protected":false},"excerpt":{"rendered":"<p>Las fiestas patrias se acercan y con ello una temporada para enaltecer a todos los platillos que nos representan como mexicanos y que mejor que potencializar su sabor con un elemento muy nacional como el vino bajacaliforniano, una bebida que se ha convertido en el favorito para acompa\u00f1ar la mesa de familias, amigos y parejas. [&hellip;]<\/p>\n","protected":false},"author":1,"featured_media":387809,"comment_status":"open","ping_status":"closed","sticky":false,"template":"","format":"standard","meta":{"om_disable_all_campaigns":false,"jnews-multi-image_gallery":[],"jnews_single_post":{"source_name":"","source_url":"","via_name":"","via_url":"","override_template":"0","override":[{"template":"1","single_blog_custom":"","parallax":"1","fullscreen":"1","layout":"right-sidebar","sidebar":"default-sidebar","second_sidebar":"default-sidebar","sticky_sidebar":"1","share_position":"top","share_float_style":"share-monocrhome","show_share_counter":"1","show_view_counter":"1","show_featured":"1","show_post_meta":"1","show_post_author":"1","show_post_author_image":"1","show_post_date":"1","post_date_format":"default","post_date_format_custom":"Y\/m\/d","show_post_category":"1","show_post_reading_time":"0","post_reading_time_wpm":"300","show_zoom_button":"0","zoom_button_out_step":"2","zoom_button_in_step":"3","show_post_tag":"1","show_prev_next_post":"1","show_popup_post":"1","number_popup_post":"1","show_author_box":"0","show_post_related":"0","show_inline_post_related":"0"}],"override_image_size":"0","image_override":[{"single_post_thumbnail_size":"crop-500","single_post_gallery_size":"crop-500"}],"trending_post":"0","trending_post_position":"meta","trending_post_label":"Trending","sponsored_post":"0","sponsored_post_label":"Sponsored by","sponsored_post_name":"","sponsored_post_url":"","sponsored_post_logo_enable":"0","sponsored_post_logo":"","sponsored_post_desc":"","disable_ad":"0"},"jnews_primary_category":{"id":""},"jnews_social_meta":{"fb_title":"","fb_description":"","fb_image":"","twitter_title":"","twitter_description":"","twitter_image":""},"footnotes":""},"categories":[43],"tags":[],"class_list":["post-387792","post","type-post","status-publish","format-standard","has-post-thumbnail","hentry","category-gourmet"],"_links":{"self":[{"href":"https:\/\/dimensionturistica.com\/es\/wp-json\/wp\/v2\/posts\/387792","targetHints":{"allow":["GET"]}}],"collection":[{"href":"https:\/\/dimensionturistica.com\/es\/wp-json\/wp\/v2\/posts"}],"about":[{"href":"https:\/\/dimensionturistica.com\/es\/wp-json\/wp\/v2\/types\/post"}],"author":[{"embeddable":true,"href":"https:\/\/dimensionturistica.com\/es\/wp-json\/wp\/v2\/users\/1"}],"replies":[{"embeddable":true,"href":"https:\/\/dimensionturistica.com\/es\/wp-json\/wp\/v2\/comments?post=387792"}],"version-history":[{"count":0,"href":"https:\/\/dimensionturistica.com\/es\/wp-json\/wp\/v2\/posts\/387792\/revisions"}],"wp:featuredmedia":[{"embeddable":true,"href":"https:\/\/dimensionturistica.com\/es\/wp-json\/wp\/v2\/media\/387809"}],"wp:attachment":[{"href":"https:\/\/dimensionturistica.com\/es\/wp-json\/wp\/v2\/media?parent=387792"}],"wp:term":[{"taxonomy":"category","embeddable":true,"href":"https:\/\/dimensionturistica.com\/es\/wp-json\/wp\/v2\/categories?post=387792"},{"taxonomy":"post_tag","embeddable":true,"href":"https:\/\/dimensionturistica.com\/es\/wp-json\/wp\/v2\/tags?post=387792"}],"curies":[{"name":"wp","href":"https:\/\/api.w.org\/{rel}","templated":true}]}}