{"id":387597,"date":"2022-09-15T14:07:38","date_gmt":"2022-09-15T14:07:38","guid":{"rendered":"https:\/\/dimensionturistica.com\/es\/?p=387597"},"modified":"2022-09-15T14:07:39","modified_gmt":"2022-09-15T14:07:39","slug":"la-curiosa-historia-de-por-que-hay-restos-del-muro-de-berlin-en-madrid","status":"publish","type":"post","link":"https:\/\/dimensionturistica.com\/es\/la-curiosa-historia-de-por-que-hay-restos-del-muro-de-berlin-en-madrid\/","title":{"rendered":"La curiosa historia de por qu\u00e9 hay restos del muro de Berl\u00edn en Madrid"},"content":{"rendered":"<p> <br \/>\n<\/p>\n<div>\n<p class=\"paragraph \" id=\"m97-96-98\">Durante 28 a\u00f1os, el <strong>muro de Berl\u00edn <\/strong>dividi\u00f3 la ciudad en dos. Los tres sectores occidentales, la Rep\u00fablica Federal Alemana, y el sector oriental, la Rep\u00fablica Democr\u00e1tica Alemana, quedaron separados por una enorme y larga pared de hormig\u00f3n de 4 metros de altura. Finalmente, el <strong>9 de noviembre de 1989<\/strong>, lleg\u00f3 su last y fue destruido.<\/p>\n<p class=\"paragraph \" id=\"m102-101-103\">A d\u00eda de hoy, todav\u00eda pueden verse restos del muro en varios puntos de Berl\u00edn, como en la famosa East Facet Gallery o en algunos memoriales, museos y exposiciones. Sin embargo, lo que no muchos saben es que en la ciudad de <strong>Madrid <\/strong>tambi\u00e9n podemos encontrar <strong>varios fragmentos.<\/strong><\/p>\n<div id=\"m107-106-108\">\n<figure class=\"article-picture\">\n        <img decoding=\"async\" loading=\"lazy\" width=\"656\" height=\"558\" alt=\"Fragmentos del Muro de Berl\u00edn en Madrid.\" src=\"https:\/\/imagenes.20minutos.es\/files\/image_656_558\/uploads\/imagenes\/2022\/09\/15\/fotografia-fragmentos-del-muro-de-berlin-en-madrid-1.jpeg\" data-full-src=\"https:\/\/www.20minutos.es\/uploads\/imagenes\/2022\/09\/15\/fotografia-fragmentos-del-muro-de-berlin-en-madrid-1.jpeg\"\/><figcaption id=\"m118-117-119\">Fragmentos del Muro de Berl\u00edn en Madrid.<\/figcaption><span class=\"author \" id=\"m123-122-124\">Coral Hernandez \/ iStock<\/span><\/figure>\n<\/div>\n<h2 id=\"m134-133-135\">El Parque de Berl\u00edn<\/h2>\n<p class=\"paragraph \" id=\"m139-138-140\">En 1967, se construy\u00f3 el <strong>Parque de Berl\u00edn <\/strong>en el distrito de Chamart\u00edn, bautizado como tal por la visita a la ciudad del entonces alcalde de la capital alemana, Willy Brandt. Adem\u00e1s, este espacio verde se levant\u00f3 a escasos 200 metros del Colegio Alem\u00e1n.<\/p>\n<article class=\"media media-integrated \" id=\"m144-143-145\">\n<div>\n<figure class=\"figure-100\">\n            <a rel=\"nofollow noopener\" target=\"_blank\" href=\"https:\/\/www.20minutos.es\/viajes\/destinos\/cascada-97-metros-friburgo-mejores-ciudades-visitar-este-ano-segun-lonely-planet-5059446\/\"><br \/>\n                <span class=\"accessTypeIcon withImage\"><em class=\"member boxIcon\"\/><\/span><br \/>\n                <img decoding=\"async\" loading=\"lazy\" width=\"656\" height=\"370\" alt=\"Cascada de Todtnau.\" src=\"https:\/\/imagenes.20minutos.es\/files\/image_656_370\/uploads\/imagenes\/2022\/09\/14\/fotografia-cascada-de-todtnau.jpeg\" data-full-src=\"https:\/\/www.20minutos.es\/uploads\/imagenes\/2022\/09\/14\/fotografia-cascada-de-todtnau.jpeg\"\/><br \/>\n            <\/a><br \/>\n        <\/figure>\n<\/p><\/div>\n<\/article>\n<p class=\"paragraph \" id=\"m179-178-180\">Casi tres d\u00e9cadas despu\u00e9s, cuando se cumpl\u00eda un a\u00f1o de la ca\u00edda del muro, Alemania <strong>cedi\u00f3 tres fragmentos a Madrid<\/strong>, que se exponen hoy en la zona norte del parque. Fue el alcalde madrile\u00f1o, Agust\u00edn Rodr\u00edguez Sahag\u00fan, quien propuso traerlos, y finalmente fueron adquiridos por<strong> 9 millones de pesetas<\/strong>, lo que equivale a unos 54.000 euros actuales.\u00a0Las piezas, de 5 metros de alto y 1,20 de ancho, se encuentran en medio de una bonita fuente rodeada de \u00e1rboles, junto a una inscripci\u00f3n: &#8220;En memoria del derribo del muro de Berl\u00edn, parte de \u00e9l, queda aqu\u00ed&#8221;.<\/p>\n<div id=\"m184-183-185\">\n<figure class=\"article-picture\">\n        <img decoding=\"async\" loading=\"lazy\" width=\"656\" height=\"558\" alt=\"Fragmentos del Muro de Berl\u00edn en Madrid.\" src=\"https:\/\/imagenes.20minutos.es\/files\/image_656_558\/uploads\/imagenes\/2022\/09\/15\/fotografia-fragmentos-del-muro-de-berlin-en-madrid.jpeg\" data-full-src=\"https:\/\/www.20minutos.es\/uploads\/imagenes\/2022\/09\/15\/fotografia-fragmentos-del-muro-de-berlin-en-madrid.jpeg\"\/><figcaption id=\"m195-194-196\">Fragmentos del Muro de Berl\u00edn en Madrid.<\/figcaption><span class=\"author \" id=\"m200-199-201\">xuanxu \/ Wikimedia Commons<\/span><\/figure>\n<\/div>\n<p class=\"paragraph \" id=\"m211-210-212\">Adem\u00e1s, los fragmentos presentan <strong>grafitis originales<\/strong> que a\u00fan prevalecen. Sin embargo, muy cerca estuvieron de desaparecer esas pintadas, ya que un empleado municipal las quiso borrar pensando que hab\u00eda sido un acto de vandalismo.<\/p>\n<article class=\"media media-integrated \" id=\"m216-215-217\">\n<div>\n<figure class=\"figure-100\">\n            <a rel=\"nofollow noopener\" target=\"_blank\" href=\"https:\/\/www.20minutos.es\/viajes\/destinos\/20-castillos-en-tres-dias-rutas-fortalezas-comunidad-de-madrid-5046431\/\"><br \/>\n                <span class=\"accessTypeIcon withImage\"><em class=\"member boxIcon\"\/><\/span><br \/>\n                <img decoding=\"async\" loading=\"lazy\" width=\"656\" height=\"370\" alt=\"El castillo de Coracera en San Mart\u00edn de Valdeiglesias.\" src=\"https:\/\/imagenes.20minutos.es\/files\/image_656_370\/uploads\/imagenes\/2022\/09\/01\/fotografia-del-castillo-de-coracera-en-san-martin-de-valdeiglesias.jpeg\" data-full-src=\"https:\/\/www.20minutos.es\/uploads\/imagenes\/2022\/09\/01\/fotografia-del-castillo-de-coracera-en-san-martin-de-valdeiglesias.jpeg\"\/><br \/>\n            <\/a><br \/>\n        <\/figure>\n<\/p><\/div>\n<\/article>\n<h2 id=\"m250-249-251\">Otros monumentos a Alemania<\/h2>\n<p class=\"paragraph \" id=\"m255-254-256\">Los restos del muro no son los \u00fanicos elementos que evocan al pa\u00eds germano en el parque. Entre las fuentes ornamentales, los espacios de c\u00e9sped y las masas de \u00e1rboles, encontramos un busto del compositor alem\u00e1n <strong>Ludwig von Beethoven <\/strong>sobre una escultura de un piano y una estatua de un <strong>oso<\/strong>, animal que representa a la ciudad de Berl\u00edn.\u00a0Por \u00faltimo, hay un monolito en honor al alcalde alem\u00e1n Willy Brandt.<\/p>\n<p class=\"paragraph \" id=\"m260-259-261\"><a rel=\"nofollow noopener\" target=\"_blank\" href=\"https:\/\/www.20minutos.es\/estaticos\/newsletter-viajes\/\">Ap\u00fantate a la newsletter y recibe en tu correo las mejores propuestas para viajar por el mundo.<\/a><\/p>\n<\/div>\n\n<p><em> &#8221; Fuentes www.20minutos.es &#8221; <\/em><\/p>\n","protected":false},"excerpt":{"rendered":"<p>Durante 28 a\u00f1os, el muro de Berl\u00edn dividi\u00f3 la ciudad en dos. Los tres sectores occidentales, la Rep\u00fablica Federal Alemana, y el sector oriental, la Rep\u00fablica Democr\u00e1tica Alemana, quedaron separados por una enorme y larga pared de hormig\u00f3n de 4 metros de altura. Finalmente, el 9 de noviembre de 1989, lleg\u00f3 su last y fue [&hellip;]<\/p>\n","protected":false},"author":4,"featured_media":387598,"comment_status":"open","ping_status":"closed","sticky":false,"template":"","format":"standard","meta":{"om_disable_all_campaigns":false,"jnews-multi-image_gallery":[],"jnews_single_post":[],"jnews_primary_category":[],"jnews_social_meta":[],"footnotes":""},"categories":[39],"tags":[13096,1228,700,545],"class_list":["post-387597","post","type-post","status-publish","format-standard","has-post-thumbnail","hentry","category-viajes","tag-berlin","tag-destinos","tag-madrid","tag-viajes"],"_links":{"self":[{"href":"https:\/\/dimensionturistica.com\/es\/wp-json\/wp\/v2\/posts\/387597","targetHints":{"allow":["GET"]}}],"collection":[{"href":"https:\/\/dimensionturistica.com\/es\/wp-json\/wp\/v2\/posts"}],"about":[{"href":"https:\/\/dimensionturistica.com\/es\/wp-json\/wp\/v2\/types\/post"}],"author":[{"embeddable":true,"href":"https:\/\/dimensionturistica.com\/es\/wp-json\/wp\/v2\/users\/4"}],"replies":[{"embeddable":true,"href":"https:\/\/dimensionturistica.com\/es\/wp-json\/wp\/v2\/comments?post=387597"}],"version-history":[{"count":0,"href":"https:\/\/dimensionturistica.com\/es\/wp-json\/wp\/v2\/posts\/387597\/revisions"}],"wp:featuredmedia":[{"embeddable":true,"href":"https:\/\/dimensionturistica.com\/es\/wp-json\/wp\/v2\/media\/387598"}],"wp:attachment":[{"href":"https:\/\/dimensionturistica.com\/es\/wp-json\/wp\/v2\/media?parent=387597"}],"wp:term":[{"taxonomy":"category","embeddable":true,"href":"https:\/\/dimensionturistica.com\/es\/wp-json\/wp\/v2\/categories?post=387597"},{"taxonomy":"post_tag","embeddable":true,"href":"https:\/\/dimensionturistica.com\/es\/wp-json\/wp\/v2\/tags?post=387597"}],"curies":[{"name":"wp","href":"https:\/\/api.w.org\/{rel}","templated":true}]}}