{"id":387587,"date":"2022-09-15T14:30:07","date_gmt":"2022-09-15T14:30:07","guid":{"rendered":"https:\/\/dimensionturistica.com\/es\/?p=387587"},"modified":"2022-09-15T14:30:07","modified_gmt":"2022-09-15T14:30:07","slug":"el-hay-festival-y-el-lviv-bookforum-presenta-el-programa-en-forma-hibrido-gratuito","status":"publish","type":"post","link":"https:\/\/dimensionturistica.com\/es\/el-hay-festival-y-el-lviv-bookforum-presenta-el-programa-en-forma-hibrido-gratuito\/","title":{"rendered":"El Hay Festival y el LVIV Bookforum, presenta el programa en forma h\u00edbrido gratuito"},"content":{"rendered":"<p><img decoding=\"async\" class=\"size-medium wp-image-387614 alignright\" src=\"https:\/\/dimensionturistica.com\/es\/wp-content\/uploads\/2022\/09\/Abdulrazak-Gurnah-internet-300x169.jpg\" alt=\"\" width=\"300\" height=\"169\" srcset=\"https:\/\/dimensionturistica.com\/es\/wp-content\/uploads\/2022\/09\/Abdulrazak-Gurnah-internet-300x169.jpg 300w, https:\/\/dimensionturistica.com\/es\/wp-content\/uploads\/2022\/09\/Abdulrazak-Gurnah-internet.jpg 450w\" sizes=\"(max-width: 300px) 100vw, 300px\" \/>Aclamados escritores ucranianos se unir\u00e1n a autores internacionales en el programa h\u00edbrido del Lviv BookForum. El evento se emitir\u00e1 de forma online a nivel mundial del 6 al 9 de octubre gracias a la colaboraci\u00f3n con la organizaci\u00f3n literaria de referencia, el Hay Festival.<br \/>\nEsta ser\u00e1 la 29\u00aa edici\u00f3n de Lviv BookForum, el mayor festival literario de Ucrania, cuyo objetivo es crear un espacio compartido para el intercambio libre y tolerante de ideas entre escritores y lectores de todo el mundo.<br \/>\nEl programa h\u00edbrido -parte en persona y parte a trav\u00e9s de apariciones virtuales en directo- re\u00fane a 40 escritores y pensadores en 15 eventos que abarcan temas como el arte en tiempos de guerra, la memoria, la igualdad de g\u00e9nero, la p\u00e9rdida, la corrupci\u00f3n, el imperialismo y la esperanza.<img decoding=\"async\" class=\"size-medium wp-image-387615 alignright\" src=\"https:\/\/dimensionturistica.com\/es\/wp-content\/uploads\/2022\/09\/Cacho-Lydia-8Z0A3086-m-300x200.jpg\" alt=\"\" width=\"300\" height=\"200\" srcset=\"https:\/\/dimensionturistica.com\/es\/wp-content\/uploads\/2022\/09\/Cacho-Lydia-8Z0A3086-m-300x200.jpg 300w, https:\/\/dimensionturistica.com\/es\/wp-content\/uploads\/2022\/09\/Cacho-Lydia-8Z0A3086-m.jpg 450w\" sizes=\"(max-width: 300px) 100vw, 300px\" \/><br \/>\nAlguno de los eventos m\u00e1s destacados del programa incluyen un coloquio entre la novelista canadiense Margaret Atwood y el psic\u00f3logo ucraniano Yurii Prokhasko; una conversaci\u00f3n entre la escritora turca Elif Shafak y la novelista ucraniana Kateryna Kalytko; una m\u00e1s entre el antrop\u00f3logo israel\u00ed Yuval Noah Harari, el narrador brit\u00e1nico Neil Gaiman y la periodista ucraniana Sevgil Musayeva; otra entre la historiadora ucraniana Olena Stiazhkina, el novelista brit\u00e1nico de origen tanzano Abdulrazak Gurnah y la activista mexicana Lydia Cacho centrada en el poscolonialismo; y otro coloquio m\u00e1s entre la historiadora brit\u00e1nica Margaret MacMillan y los historiadores ucranianos Serhii Plokhii y Yaroslav Hrytsak sobre la esperanza.<br \/>\nComo colaborador digital, el Hay Festival transmitir\u00e1 estos eventos gratuitamente en ingl\u00e9s, espa\u00f1ol y<img decoding=\"async\" class=\"size-medium wp-image-387619 alignright\" src=\"https:\/\/dimensionturistica.com\/es\/wp-content\/uploads\/2022\/09\/CLARKE-Rachel-300x200.jpg\" alt=\"\" width=\"300\" height=\"200\" srcset=\"https:\/\/dimensionturistica.com\/es\/wp-content\/uploads\/2022\/09\/CLARKE-Rachel-300x200.jpg 300w, https:\/\/dimensionturistica.com\/es\/wp-content\/uploads\/2022\/09\/CLARKE-Rachel.jpg 450w\" sizes=\"(max-width: 300px) 100vw, 300px\" \/> ucraniano a trav\u00e9s de la web hayfestival.org\/lviv-bookforum para una audiencia global de millones de personas, a la vez que completar\u00e1 el programa con una serie de eventos en l\u00ednea especialmente comisariados en los que participan escritores de renombre internacional junto con sus coet\u00e1neos ucranianos.<br \/>\nExplora el programa al completo y s\u00edguelo a trav\u00e9s de hayfestival.org\/lviv-bookforum<br \/>\nEn palabras de la periodista y comisaria del Lviv Bookforum, Sofia Cheliak: &#8220;El papel de los intelectuales p\u00fablicos no es solo interpretar la realidad, sino tambi\u00e9n iluminarla y, al hacerlo, influir en el mundo que nos rodea y en los caminos que tomamos. Nuestro programa est\u00e1 pensado para abordar cuestiones inc\u00f3modas para las que puede no haber una respuesta inequ\u00edvoca. Se trata de un espacio para que escritores y lectores se planteen preguntas y<img decoding=\"async\" class=\"size-medium wp-image-387620 alignright\" src=\"https:\/\/dimensionturistica.com\/es\/wp-content\/uploads\/2022\/09\/Diana-Berg-1-300x200.jpg\" alt=\"\" width=\"300\" height=\"200\" srcset=\"https:\/\/dimensionturistica.com\/es\/wp-content\/uploads\/2022\/09\/Diana-Berg-1-300x200.jpg 300w, https:\/\/dimensionturistica.com\/es\/wp-content\/uploads\/2022\/09\/Diana-Berg-1.jpg 450w\" sizes=\"(max-width: 300px) 100vw, 300px\" \/> cuenten sus historias, en una conversaci\u00f3n que se desarrolle desafiando el mal que pretende aplastar nuestra libertad. Por favor, \u00fananse a nosotros&#8221;.<br \/>\nLa directora internacional del Hay Festival, Cristina Fuentes La Roche, ha dicho: &#8220;En estos tiempos dif\u00edciles, este es un programa repleto de voces que buscan explorar e inspirar. A trav\u00e9s de nuestros eventos en l\u00ednea, llevaremos Ucrania al mundo, ofreciendo a un p\u00fablico m\u00e1s amplio estas historias tan necesarias, a la vez que favorecemos el intercambio de ideas con sus contempor\u00e1neos internacionales. Este programa es un acto de rebeld\u00eda, un desaf\u00edo a quienes quieren coartar la libertad de expresi\u00f3n y el intercambio tolerante de ideas, y un catalizador para el cambio global. Acomp\u00e1\u00f1ennos en este acto de solidaridad, en vivo a trav\u00e9s de nuestra web&#8221;.<br \/>\nLa directora ejecutiva del Hay Festival, Julie Finch, ha a\u00f1adido: &#8220;Admiramos enormemente a nuestros colegas<\/p>\n<figure id=\"attachment_387621\" aria-describedby=\"caption-attachment-387621\" style=\"width: 200px\" class=\"wp-caption alignright\"><img decoding=\"async\" class=\"size-medium wp-image-387621\" src=\"https:\/\/dimensionturistica.com\/es\/wp-content\/uploads\/2022\/09\/Emma-GRAHAM-HARRISON_Byline-photo-200x300.jpg\" alt=\"\" width=\"200\" height=\"300\" srcset=\"https:\/\/dimensionturistica.com\/es\/wp-content\/uploads\/2022\/09\/Emma-GRAHAM-HARRISON_Byline-photo-200x300.jpg 200w, https:\/\/dimensionturistica.com\/es\/wp-content\/uploads\/2022\/09\/Emma-GRAHAM-HARRISON_Byline-photo.jpg 450w\" sizes=\"(max-width: 200px) 100vw, 200px\" \/><figcaption id=\"caption-attachment-387621\" class=\"wp-caption-text\">Observer Byline January 2018 Emma Graham-Harrison<\/figcaption><\/figure>\n<p>del Lviv BookForum y agradecemos la oportunidad de apoyar su festival como parte de nuestro trabajo con el British Council y la UK\/Ukraine Season of Culture. Durante 36 a\u00f1os, el Hay Festival ha mantenido prendida la llama de la cultura, reuniendo a escritores y lectores en eventos que buscan inspirar, explorar y entretener. Esta nueva colaboraci\u00f3n representa el siguiente cap\u00edtulo de esa labor a nivel mundial y esto es solo el principio\u201d.<br \/>\nEl proyecto supone una continuaci\u00f3n del apoyo mostrado por el Hay Festival al pa\u00eds tras el nombramiento del Comit\u00e9 de Emergencia Humanitaria Ucraniano como socio oficial durante la \u00faltima edici\u00f3n del festival en Gales.<\/p>\n<p>Entre los invitados se incluyen al ganador del Premio Nobel de Literatura Abdulrazak Gurnah; la ganadora del Premio Booker Margaret Atwood; el antrop\u00f3logo Yuval Noah Harari; los autores Elif Shafak, Neil Gaiman, Victoria Amelina, Jonathan Littell y Liuba Tsybulska; el neurocirujano Henry Marsh; la doctora en cuidados paliativos Rachel Clarke; los psic\u00f3logos Yurii Prokhasko y Volodymyr Stanchyshyn; los abogados y activistas Larysa Denysenko y Philippe Sands; los poetas Kateryna Kalytko y Ostap Slyvynsky; el fil\u00f3sofo Volodymyr Yermolenko; el asesor pol\u00edtico Bruno Macaes; la portavoz del Congreso de Mujeres Ucranianas Vadym Karpiak; el fot\u00f3grafo Michael Katakis; los historiadores Olena Stiazhkina, Margaret MacMillan, Serhii Plokhii, Yaroslav Hrytsak; y los periodistas Masih Alinejad, Peter Pomerantsev, Jon Lee Anderson, Nataliya Gumenyuk, Alim Aliev, Andrii Kulykov, Emma Graham-Harrison, Stanislav Aseev, Tetiana Oharkova, Sevgil Musayeva, Misha Glenny, Lydia Cacho, Catherine Belton y<img decoding=\"async\" class=\"size-medium wp-image-387622 alignright\" src=\"https:\/\/dimensionturistica.com\/es\/wp-content\/uploads\/2022\/09\/Jon-Lee-Anderson-300x300.jpg\" alt=\"\" width=\"300\" height=\"300\" srcset=\"https:\/\/dimensionturistica.com\/es\/wp-content\/uploads\/2022\/09\/Jon-Lee-Anderson-300x300.jpg 300w, https:\/\/dimensionturistica.com\/es\/wp-content\/uploads\/2022\/09\/Jon-Lee-Anderson-150x150.jpg 150w, https:\/\/dimensionturistica.com\/es\/wp-content\/uploads\/2022\/09\/Jon-Lee-Anderson-75x75.jpg 75w, https:\/\/dimensionturistica.com\/es\/wp-content\/uploads\/2022\/09\/Jon-Lee-Anderson-350x350.jpg 350w, https:\/\/dimensionturistica.com\/es\/wp-content\/uploads\/2022\/09\/Jon-Lee-Anderson.jpg 450w\" sizes=\"(max-width: 300px) 100vw, 300px\" \/> Oliver Bullough.<\/p>\n<p>El Lviv BookForum cuenta con el respaldo de la Agencia de los Estados Unidos para el Desarrollo Internacional (USAID) y con el Zinc Network como principal socio de apoyo.<br \/>\nMantente al d\u00eda de las novedades del Hay Festival suscribi\u00e9ndote a nuestra newsletter o sigui\u00e9ndonos a trav\u00e9s de:<br \/>\nTwitter: @hayfestival \/ @hayfestival_esp<br \/>\nFacebook: hayfestival \/ hayfestivalesp<br \/>\nInstagram: @hayfestival \/ @hayfestival_esp<br \/>\nTikTok: @hayfestival \/ @hayfestival_esp<\/p>\n","protected":false},"excerpt":{"rendered":"<p>Aclamados escritores ucranianos se unir\u00e1n a autores internacionales en el programa h\u00edbrido del Lviv BookForum. El evento se emitir\u00e1 de forma online a nivel mundial del 6 al 9 de octubre gracias a la colaboraci\u00f3n con la organizaci\u00f3n literaria de referencia, el Hay Festival. Esta ser\u00e1 la 29\u00aa edici\u00f3n de Lviv BookForum, el mayor festival [&hellip;]<\/p>\n","protected":false},"author":1,"featured_media":387623,"comment_status":"open","ping_status":"closed","sticky":false,"template":"","format":"standard","meta":{"om_disable_all_campaigns":false,"jnews-multi-image_gallery":[],"jnews_single_post":{"source_name":"","source_url":"","via_name":"","via_url":"","override_template":"0","override":[{"template":"1","single_blog_custom":"","parallax":"1","fullscreen":"1","layout":"right-sidebar","sidebar":"default-sidebar","second_sidebar":"default-sidebar","sticky_sidebar":"1","share_position":"top","share_float_style":"share-monocrhome","show_share_counter":"1","show_view_counter":"1","show_featured":"1","show_post_meta":"1","show_post_author":"1","show_post_author_image":"1","show_post_date":"1","post_date_format":"default","post_date_format_custom":"Y\/m\/d","show_post_category":"1","show_post_reading_time":"0","post_reading_time_wpm":"300","show_zoom_button":"0","zoom_button_out_step":"2","zoom_button_in_step":"3","show_post_tag":"1","show_prev_next_post":"1","show_popup_post":"1","number_popup_post":"1","show_author_box":"0","show_post_related":"0","show_inline_post_related":"0"}],"override_image_size":"0","image_override":[{"single_post_thumbnail_size":"crop-500","single_post_gallery_size":"crop-500"}],"trending_post":"0","trending_post_position":"meta","trending_post_label":"Trending","sponsored_post":"0","sponsored_post_label":"Sponsored by","sponsored_post_name":"","sponsored_post_url":"","sponsored_post_logo_enable":"0","sponsored_post_logo":"","sponsored_post_desc":"","disable_ad":"0"},"jnews_primary_category":{"id":""},"jnews_social_meta":{"fb_title":"","fb_description":"","fb_image":"","twitter_title":"","twitter_description":"","twitter_image":""},"footnotes":""},"categories":[40],"tags":[],"class_list":["post-387587","post","type-post","status-publish","format-standard","has-post-thumbnail","hentry","category-industria"],"_links":{"self":[{"href":"https:\/\/dimensionturistica.com\/es\/wp-json\/wp\/v2\/posts\/387587","targetHints":{"allow":["GET"]}}],"collection":[{"href":"https:\/\/dimensionturistica.com\/es\/wp-json\/wp\/v2\/posts"}],"about":[{"href":"https:\/\/dimensionturistica.com\/es\/wp-json\/wp\/v2\/types\/post"}],"author":[{"embeddable":true,"href":"https:\/\/dimensionturistica.com\/es\/wp-json\/wp\/v2\/users\/1"}],"replies":[{"embeddable":true,"href":"https:\/\/dimensionturistica.com\/es\/wp-json\/wp\/v2\/comments?post=387587"}],"version-history":[{"count":0,"href":"https:\/\/dimensionturistica.com\/es\/wp-json\/wp\/v2\/posts\/387587\/revisions"}],"wp:featuredmedia":[{"embeddable":true,"href":"https:\/\/dimensionturistica.com\/es\/wp-json\/wp\/v2\/media\/387623"}],"wp:attachment":[{"href":"https:\/\/dimensionturistica.com\/es\/wp-json\/wp\/v2\/media?parent=387587"}],"wp:term":[{"taxonomy":"category","embeddable":true,"href":"https:\/\/dimensionturistica.com\/es\/wp-json\/wp\/v2\/categories?post=387587"},{"taxonomy":"post_tag","embeddable":true,"href":"https:\/\/dimensionturistica.com\/es\/wp-json\/wp\/v2\/tags?post=387587"}],"curies":[{"name":"wp","href":"https:\/\/api.w.org\/{rel}","templated":true}]}}