{"id":387489,"date":"2022-09-15T12:18:19","date_gmt":"2022-09-15T12:18:19","guid":{"rendered":"https:\/\/dimensionturistica.com\/es\/?p=387489"},"modified":"2022-09-15T12:18:19","modified_gmt":"2022-09-15T12:18:19","slug":"caribe-mexicano-asiste-al-neextt-travel-trade","status":"publish","type":"post","link":"https:\/\/dimensionturistica.com\/es\/caribe-mexicano-asiste-al-neextt-travel-trade\/","title":{"rendered":"Caribe mexicano asiste al Neextt Travel Trade"},"content":{"rendered":"<p> <br \/>\n<\/p>\n<div>\n<p class=\"jsx-3954459878\">Canc\u00fan, QR. El Caribe mexicano particip\u00f3 en la novena edici\u00f3n del evento Neextt Journey Commerce organizado por la plataforma NEEXTT. Este foro de citas y capacitaciones uno a uno, cont\u00f3 con la asistencia de los m\u00e1s importantes compradores de viajes premium y de placer de M\u00e9xico, Centroam\u00e9rica y Sudam\u00e9rica.<\/p>\n<p class=\"jsx-3954459878\">El evento celebrado en la Ciudad de M\u00e9xico reuni\u00f3 a 50 selectos compradores, entre los que se encontraban tanto ejecutivos de agencias de viajes y tour operadores como expositores de productos tur\u00edsticos, incluidos destinos, hoteles, aerol\u00edneas y cruceros.<\/p>\n<p class=\"jsx-3954459878\">El programa del foro se enfoca principalmente en presentaciones y paneles basados en las \u00faltimas tecnolog\u00edas y tendencias para la industria de viajes que permite a los participantes conocer, aprender y generar conexiones con otros expertos de la industria.<\/p>\n<p class=\"jsx-3954459878\">\u201cGracias a la oferta que ofrecen los destinos del Caribe mexicano, la participaci\u00f3n en eventos de esta \u00edndole siempre genera impactos positivos. Se atendieron 30 citas de negocios, en las que el principal punto de enfoque fue conocer lo que los clientes de estos operadores y agentes de viajes est\u00e1n buscando y brindarles informaci\u00f3n actualizada de nuestros destinos. Con esto continuamos reforzando el liderazgo de los destinos tur\u00edsticos\u201d, coment\u00f3 Lizzie Cole, directora ejecutiva de promoci\u00f3n del Consejo de Promoci\u00f3n Tur\u00edstica de Quintana Roo (CPTQ).<\/p>\n<p class=\"jsx-3954459878\">Neextt Journey Commerce es un evento boutique internacional que ofrece oportunidades comerciales y de networking inigualables para profesionales de la industria enfocados en viajes de placer, negocios, reuniones e incentivos, principalmente de las Am\u00e9ricas. El evento es parte de la plataforma NEEXTT de soluciones de negocios y eventos, a\u00f1adi\u00f3 la funcionaria.<\/p>\n<p class=\"jsx-3954459878\">Recientemente, el Caribe mexicano tambi\u00e9n particip\u00f3 en la 12\u00b0 edici\u00f3n del Congreso de Bodas LAT, celebrado en Monterrey, Nuevo Le\u00f3n del 5 al 8 de septiembre; en el que se anunci\u00f3 que Riviera Maya ser\u00e1 la pr\u00f3xima sede de este congreso, el cual re\u00fane a m\u00e1s de 450 profesionales de la industria de romance y es organizado por la Asociaci\u00f3n Internacional de Profesionales de Bodas de Destino, (IADWP, por sus siglas en ingl\u00e9s).<\/p>\n<p class=\"jsx-3954459878\">\u201cEstamos muy contentos de anunciar que Caribe mexicano ser\u00e1 sede del pr\u00f3ximo Congreso de Bodas LAT, en su 13a edici\u00f3n, uno de los eventos m\u00e1s importantes de este segmento en Latinoam\u00e9rica. La derrama econ\u00f3mica por boda en el Caribe mexicano es alrededor de 20,000 d\u00f3lares y 51% de las bodas que se realizan en el destino contratan un wedding planner local. Gracias a nuestra excelente conectividad a nivel internacional y nacional adem\u00e1s de una gran variedad de locaciones para eventos, nos encontramos dentro de los destinos favoritos\u201d, coment\u00f3 Dar\u00edo Flota, director del CPTQ.<\/p>\n<p class=\"jsx-3954459878\"><a rel=\"nofollow noopener\" target=\"_blank\" href=\"https:\/\/www.eleconomista.com.mx\/estados\/mailto:estados@eleconomista.mx\">estados@eleconomista.mx<\/a><\/p>\n<\/div>\n<p><script>\n            !function(f,b,e,v,n,t,s)\n            {if(f.fbq)return;n=f.fbq=function(){n.callMethod?\n            n.callMethod.apply(n,arguments):n.queue.push(arguments)};\n            if(!f._fbq)f._fbq=n;n.push=n;n.loaded=!0;n.version='2.0';\n            n.queue=[];t=b.createElement(e);t.async=!0;\n            t.src=v;s=b.getElementsByTagName(e)[0];\n            s.parentNode.insertBefore(t,s)}(window,document,'script',\n            'https:\/\/connect.facebook.net\/es_MX\/fbevents.js');\n             fbq('init', '307764907300134'); \n            fbq('track', 'PageView');<\/script><script>\n            !function(f,b,e,v,n,t,s)\n            {if(f.fbq)return;n=f.fbq=function(){n.callMethod?\n            n.callMethod.apply(n,arguments):n.queue.push(arguments)};\n            if(!f._fbq)f._fbq=n;n.push=n;n.loaded=!0;n.version='2.0';\n            n.queue=[];t=b.createElement(e);t.async=!0;\n            t.src=v;s=b.getElementsByTagName(e)[0];\n            s.parentNode.insertBefore(t,s)}(window,document,'script',\n            'https:\/\/connect.facebook.net\/es_MX\/fbevents.js');\n             fbq('init', '809027795973656'); \n            fbq('track', 'PageView');<\/script><br \/>\n<br \/><\/p>\n<p><em> &#8221; Fuentes www.eleconomista.com.mx &#8221; <\/em><\/p>\n","protected":false},"excerpt":{"rendered":"<p>Canc\u00fan, QR. El Caribe mexicano particip\u00f3 en la novena edici\u00f3n del evento Neextt Journey Commerce organizado por la plataforma NEEXTT. Este foro de citas y capacitaciones uno a uno, cont\u00f3 con la asistencia de los m\u00e1s importantes compradores de viajes premium y de placer de M\u00e9xico, Centroam\u00e9rica y Sudam\u00e9rica. El evento celebrado en la Ciudad [&hellip;]<\/p>\n","protected":false},"author":4,"featured_media":0,"comment_status":"open","ping_status":"closed","sticky":false,"template":"","format":"standard","meta":{"om_disable_all_campaigns":false,"jnews-multi-image_gallery":[],"jnews_single_post":[],"jnews_primary_category":[],"jnews_social_meta":[],"footnotes":""},"categories":[40],"tags":[1064],"class_list":["post-387489","post","type-post","status-publish","format-standard","hentry","category-industria","tag-quintana-roo"],"_links":{"self":[{"href":"https:\/\/dimensionturistica.com\/es\/wp-json\/wp\/v2\/posts\/387489","targetHints":{"allow":["GET"]}}],"collection":[{"href":"https:\/\/dimensionturistica.com\/es\/wp-json\/wp\/v2\/posts"}],"about":[{"href":"https:\/\/dimensionturistica.com\/es\/wp-json\/wp\/v2\/types\/post"}],"author":[{"embeddable":true,"href":"https:\/\/dimensionturistica.com\/es\/wp-json\/wp\/v2\/users\/4"}],"replies":[{"embeddable":true,"href":"https:\/\/dimensionturistica.com\/es\/wp-json\/wp\/v2\/comments?post=387489"}],"version-history":[{"count":0,"href":"https:\/\/dimensionturistica.com\/es\/wp-json\/wp\/v2\/posts\/387489\/revisions"}],"wp:attachment":[{"href":"https:\/\/dimensionturistica.com\/es\/wp-json\/wp\/v2\/media?parent=387489"}],"wp:term":[{"taxonomy":"category","embeddable":true,"href":"https:\/\/dimensionturistica.com\/es\/wp-json\/wp\/v2\/categories?post=387489"},{"taxonomy":"post_tag","embeddable":true,"href":"https:\/\/dimensionturistica.com\/es\/wp-json\/wp\/v2\/tags?post=387489"}],"curies":[{"name":"wp","href":"https:\/\/api.w.org\/{rel}","templated":true}]}}