{"id":387282,"date":"2022-09-15T04:13:40","date_gmt":"2022-09-15T04:13:40","guid":{"rendered":"https:\/\/dimensionturistica.com\/es\/?p=387282"},"modified":"2022-09-15T04:13:40","modified_gmt":"2022-09-15T04:13:40","slug":"el-pspv-atribuye-a-una-pataleta-de-podemos-el-cuestionamiento-de-las-ayudas-a-los-hoteleros","status":"publish","type":"post","link":"https:\/\/dimensionturistica.com\/es\/el-pspv-atribuye-a-una-pataleta-de-podemos-el-cuestionamiento-de-las-ayudas-a-los-hoteleros\/","title":{"rendered":"El PSPV atribuye a una &#8220;pataleta&#8221; de Podemos el cuestionamiento de las ayudas a los hoteleros"},"content":{"rendered":"<p> <br \/>\n<\/p>\n<div>\n<p>VAL\u00c8NCIA. Las dudas legales que el Gobierno central ha planteado sobre la<span>\u00a0<\/span>subvenci\u00f3n de 5 millones de euros que la Generalitat dar\u00e1 a los hoteles<span>\u00a0<\/span>de la Comunitat Valenciana para afrontar el programa del Imserso parece que ha pillado por sorpresa a una parte del Ejecutivo auton\u00f3mico. Desde el PSPV creen que se debe a una &#8220;pataleta&#8221; de Podemos. Y en Presidencia descartan modificar algo.\u00a0<\/p>\n<p>La discrepancia parte del decreto de articulaci\u00f3n de las ayudas, <a rel=\"nofollow noopener\" target=\"_blank\" href=\"https:\/\/valenciaplaza.com\/el-gobierno-amenaza-con-recurrir-el-decreto-de-ayudas-al-turismo-del-consell\">como ha informado <em><strong>Valencia Plaza<\/strong><\/em><\/a>. Aprobado el pasado viernes por el Consell y publicado el lunes en el Diari Oficial de la Generalitat Valenciana (DOGV), podr\u00eda entrar en conflicto con las competencias del Gobierno central y derivar, a su vez, en competencia desleal.<\/p>\n<p>El texto consiste en una subvenci\u00f3n directa de 5 millones de euros a aquellas empresas hoteleras que oferten plazas del Imserso para paliar el aumento de precios generado por la inflaci\u00f3n<span>\u00a0debido a<\/span><span>\u00a0<\/span>la disaster derivada de la invasi\u00f3n de Ucrania por parte de Rusia. Las ayudas son de <strong>6 euros por habitaci\u00f3n contratada al d\u00eda<\/strong><span>\u00a0hasta el l\u00edmite de 900 euros por habitaci\u00f3n.\u00a0<\/span><\/p>\n<p>El impulsor fue el propio presidente de la Generalitat, <strong>Ximo Puig<\/strong>, quien anunci\u00f3 la medida a finales de agosto tras una reuni\u00f3n con la patronal hotelera Hosbec. Si bien el decreto fue aprobado por todo el Consell y, por tanto, tambi\u00e9n por Comprom\u00eds y Unides Podem, ahora se encuentra en el foco del Ministerio de Derechos Sociales y Agenda 2030 que dirige <strong>Ione Belarra<\/strong><span>\u00a0<\/span>(Podemos).\u00a0<\/p>\n<p><img decoding=\"async\" src=\"https:\/\/alicanteplaza.es\/public\/Image\/2022\/9\/colomer-puig-mayor-kiketaberner_forCrop.jpg\" class=\"fr-fic fr-dib\" alt=\"Foto: KIKE TABERNER\"\/><\/p>\n<p>La Comisi\u00f3n de Valores del citado Ministerio, seg\u00fan ha podido saber este diario, ha trasladado sus dudas sobre estas ayudas por varios motivos, pero principalmente porque su aplicaci\u00f3n podr\u00eda <strong>derivar en una competencia desleal entre las distintas empresas del sector\u00a0<\/strong>debido a que algunas decidieron no presentarse al programa del Imserso porque no les resultaba rentable al no saber en ese momento que pod\u00edan recibir ayudas p\u00fablicas.\u00a0<\/p>\n<p>Fuentes del Ejecutivo central consideran que el decreto puede chocar con dos leyes:<span>\u00a0<\/span><strong>la de precios y la de contratos p\u00fablicos<\/strong>. El problema es que la forma de otorgar las subvenciones supone que se revisen o fijen precios \u2013algo que no puede hacer el Consell\u2013 y una vulneraci\u00f3n de la igualdad y libre concurrencia de las empresas a la hora de aspirar a las subvenciones.\u00a0<\/p>\n<p>El decreto es inclined de acabar en manos de la <strong>Comisi\u00f3n Nacional de los Mercados y la Competencia\u00a0<\/strong>y, paralelamente, se deber\u00eda abordar en una comisi\u00f3n bilateral entre Gobierno auton\u00f3mico y central. Un \u00f3rgano recurring en el que se tratan los reparos relacionados con normativa auton\u00f3mica para tratar de solucionarlos antes de que se plantee el siguiente paso: un recurso ante el Tribunal Constitucional.\u00a0<\/p>\n<p>Por el momento, no ha habido comunicaci\u00f3n oficial por escrito al respecto, tal como confirman ambas partes. Ni para comisi\u00f3n bilateral ni para otra cuesti\u00f3n. Algo que resulta razonable dado que el decreto se public\u00f3 hace tres d\u00edas. Desde Presidencia de la Generalitat se\u00f1alan a este peri\u00f3dico que no tienen constancia de ninguna discrepancia por parte del Gobierno y que no se ha producido interlocuci\u00f3n sobre el asunto. Motivo por el que, aseguran, no se plantean dar marcha atr\u00e1s o modificar nada del texto. <strong>&#8220;Seguimos adelante&#8221;<\/strong>, indican, a la vez que destacan que no van a hacer &#8220;nada&#8221; por &#8220;una noticia de prensa&#8221;. \u00a0\u00a0<\/p>\n<p><img decoding=\"async\" src=\"https:\/\/alicanteplaza.es\/public\/Image\/2022\/9\/toni-mayor-kiketaberner_forCrop.jpg\" class=\"fr-fic fr-dib\" alt=\"Foto: KIKE TABERNER\"\/><\/p>\n<p>Eso s\u00ed, parece que desde el PSPV no han recibido muy bien esa noticia. Afirman que el cuestionamiento <strong>responde a una &#8220;pataleta&#8221; de Podemos<\/strong> (formaci\u00f3n que dirige el Ministerio de Derechos Sociales) e interpelan a los <em>morados<\/em> sobre c\u00f3mo pretenden subir los sueldos del sector tur\u00edstico con los 25 euros por persona y d\u00eda que los adjudicatarios del Imerso pagan a los hoteles que participan en el programa.\u00a0<\/p>\n<p>Por su parte, desde la patronal hotelera Hosbec se limitan a comentar que van a esperar a ver &#8220;en qu\u00e9 se sustancia&#8221; la discrepancia del Gobierno y que no tienen conocimiento de ese cuestionamiento. Aun as\u00ed, remarcan que se trata de un decreto &#8220;positivo para mantener empleos, el programa del Imserso y la actividad econ\u00f3mica&#8221;.\u00a0<\/p>\n<p>Una postura que comparten en la Federaci\u00f3n Hotelera de la Comunitat Valenciana. Su presidente <strong>Luis Mart\u00ed<\/strong> cuestiona la postura del Gobierno central y advierte de que en caso de que no permitan a la Generalitat seguir adelante con estas ayudas va a haber &#8220;hoteles que cierren y m\u00e1s paro&#8221; y suceder\u00e1 lo mismo que ha ocurrido en Baleares: &#8220;Los hoteles se borrar\u00e1n del Imserso, que era el programa que permit\u00eda el mantenimiento del empleo en invierno&#8221;.\u00a0<\/p>\n<h4>Comprom\u00eds critica el modelo<\/h4>\n<p>En Comprom\u00eds, de momento, prefieren ser m\u00e1s prudentes y no se aventuran a tachar la reacci\u00f3n del Gobierno como una &#8220;pataleta&#8221; de Podemos. Por lo pronto prefieren esperar a que las dudas del Ejecutivo se materialicen en una acci\u00f3n concreta, como bien podr\u00eda ser la constituci\u00f3n de una comisi\u00f3n bilateral en la que exponer los dilemas que este decreto ley plantea para evitar el recurso en el Tribunal Constitucional.\u00a0<\/p>\n<p>Ahora bien, la noticia no ha asombrado en exceso en la coalici\u00f3n. Fuentes de Comprom\u00eds en el Consell trasladan a este diario que, a pesar de que la normativa fue validada por las tres patas del Bot\u00e0nic, la concept de Presidencia daba pie a que otros actores participantes en el programa del Imserso &#8220;pusieran el grito en el cielo, tal y como sucedi\u00f3 con las agencias de viajes&#8221;.\u00a0<\/p>\n<p>La Asociaci\u00f3n Empresarial Valenciana de Agencias de Viajes (AEVAV) censur\u00f3 que con estas ayudas el Gobierno valenciano estaban generando un &#8220;agravio comparativo&#8221; porque hab\u00edan dejado fuera del decreto a las agencias de viajes, que no podr\u00edan optar a ser beneficiarias de las subvenciones.\u00a0<\/p>\n<p>El modelo de turismo de los valencianistas difiere del que tienen los socialistas y fuentes del Consell no esconden que ellos hubieran optado por ofrecer otro tipo de apoyo al sector si lo que se pretend\u00eda period &#8220;desestacionalizar&#8221; el turismo en la Comunitat. &#8220;La soluci\u00f3n hubiera pasado por incidir m\u00e1s en el bono viaje o en acciones puntuales como el Benidorm Fest&#8221;, concluyen. \u00a0<\/p>\n<h4>En Podem enmudecen\u00a0<\/h4>\n<p>En Podem, directamente, rechazan valorar el asunto. Aunque es un Ministerio de su shade el que cuestiona el texto, el partido en la Comunitat no quiere hablar. Los <em>morados<\/em>, al igual que Comprom\u00eds, dieron su voto favorable al decreto pese al escaso convencimiento. Pero tras el cuestionamiento desde Madrid parece que prefieren enmudecer.\u00a0<\/p>\n<p>Desde la oposici\u00f3n, en el PPCV indican que Pedro S\u00e1nchez tiene que &#8220;devolver a los valencianos el dinero que est\u00e1 poniendo la Generalitat para salvar el Imserso porque no puede volver a burlarse de nosotros con el silencio de Puig&#8221;.<\/p>\n<\/div>\n\n<p><em> &#8221; Fuentes alicanteplaza.es &#8221; <\/em><\/p>\n","protected":false},"excerpt":{"rendered":"<p>VAL\u00c8NCIA. Las dudas legales que el Gobierno central ha planteado sobre la\u00a0subvenci\u00f3n de 5 millones de euros que la Generalitat dar\u00e1 a los hoteles\u00a0de la Comunitat Valenciana para afrontar el programa del Imserso parece que ha pillado por sorpresa a una parte del Ejecutivo auton\u00f3mico. Desde el PSPV creen que se debe a una &#8220;pataleta&#8221; [&hellip;]<\/p>\n","protected":false},"author":4,"featured_media":387283,"comment_status":"open","ping_status":"closed","sticky":false,"template":"","format":"standard","meta":{"om_disable_all_campaigns":false,"jnews-multi-image_gallery":[],"jnews_single_post":[],"jnews_primary_category":[],"jnews_social_meta":[],"footnotes":""},"categories":[40],"tags":[813,544],"class_list":["post-387282","post","type-post","status-publish","format-standard","has-post-thumbnail","hentry","category-industria","tag-imserso","tag-turismo"],"_links":{"self":[{"href":"https:\/\/dimensionturistica.com\/es\/wp-json\/wp\/v2\/posts\/387282","targetHints":{"allow":["GET"]}}],"collection":[{"href":"https:\/\/dimensionturistica.com\/es\/wp-json\/wp\/v2\/posts"}],"about":[{"href":"https:\/\/dimensionturistica.com\/es\/wp-json\/wp\/v2\/types\/post"}],"author":[{"embeddable":true,"href":"https:\/\/dimensionturistica.com\/es\/wp-json\/wp\/v2\/users\/4"}],"replies":[{"embeddable":true,"href":"https:\/\/dimensionturistica.com\/es\/wp-json\/wp\/v2\/comments?post=387282"}],"version-history":[{"count":0,"href":"https:\/\/dimensionturistica.com\/es\/wp-json\/wp\/v2\/posts\/387282\/revisions"}],"wp:featuredmedia":[{"embeddable":true,"href":"https:\/\/dimensionturistica.com\/es\/wp-json\/wp\/v2\/media\/387283"}],"wp:attachment":[{"href":"https:\/\/dimensionturistica.com\/es\/wp-json\/wp\/v2\/media?parent=387282"}],"wp:term":[{"taxonomy":"category","embeddable":true,"href":"https:\/\/dimensionturistica.com\/es\/wp-json\/wp\/v2\/categories?post=387282"},{"taxonomy":"post_tag","embeddable":true,"href":"https:\/\/dimensionturistica.com\/es\/wp-json\/wp\/v2\/tags?post=387282"}],"curies":[{"name":"wp","href":"https:\/\/api.w.org\/{rel}","templated":true}]}}