{"id":387076,"date":"2022-09-14T20:45:50","date_gmt":"2022-09-14T20:45:50","guid":{"rendered":"https:\/\/dimensionturistica.com\/es\/?p=387076"},"modified":"2022-09-14T20:45:51","modified_gmt":"2022-09-14T20:45:51","slug":"el-pp-exige-las-facturas-del-viaje-a-paris-donde-estuvo-ribo-y-su-mujer","status":"publish","type":"post","link":"https:\/\/dimensionturistica.com\/es\/el-pp-exige-las-facturas-del-viaje-a-paris-donde-estuvo-ribo-y-su-mujer\/","title":{"rendered":"El PP exige las facturas del viaje a Par\u00eds, donde estuvo Rib\u00f3 y su mujer"},"content":{"rendered":"<p> <br \/>\n<\/p>\n<p>\n        \u00a0El PP de Val\u00e8ncia ha reclamado m\u00e1s informaci\u00f3n, m\u00e1s documentaci\u00f3n y m\u00e1s facturas al gobierno municipal y al Palau de la M\u00fasica para determinar c\u00f3mo se pag\u00f3 el viaje de la esposa del alcalde<strong> Joan Rib\u00f3<\/strong> a Par\u00eds, con motivo de un concierto de la Orquesta de Val\u00e8ncia, en el que los m\u00fasicos estuvieron acompa\u00f1ados por una serie de personalidades y t\u00e9cnicos.\n<\/p>\n<div>\n<p class=\"article-body__text \">\n        \u00abLa informaci\u00f3n entregada hasta la fecha al Grupo Standard -subraya esta formaci\u00f3n en un comunicado- es incompleta, pues no se detallan los gastos del alcalde, por lo que desconocemos qui\u00e9n pag\u00f3 el viaje tanto de su esposa como de los asesores de Comprom\u00eds que viajaban\u00bb.\u00a0\u00a0\n<\/p>\n<article class=\"article-quote article-quote--middle-quote\">\n<h3>La esposa de Joan Rib\u00f3 \u00abse ha pagado de su bolsillo el avi\u00f3n y la estancia\u00bb, confirman fuentes de alcald\u00eda. El dinero no ha salido del erario p\u00fablico.<\/h3>\n<\/article>\n<p class=\"article-body__text \">\n        \u00abDesde el Grupo Municipal Standard, vamos a seguir insistiendo para que se nos facilite toda la documentaci\u00f3n, y en specific, las facturas que afectan al alcalde y a sus acompa\u00f1antes\u00bb, afirman fuentes del grupo municipal standard.\u00a0\n<\/p>\n<p class=\"article-body__text \">\n        Seg\u00fan las cifras facilitadas por los populares, a partir de los datos municipales, \u00abel ayuntamiento de Val\u00e8ncia gast\u00f3 cerca de 90.000 euros en esta expedici\u00f3n cultural, donde viajaban, adem\u00e1s de los m\u00fasicos, 20 personas m\u00e1s, entre ellas, la mujer del alcalde, la jefa de gabinete de alcald\u00eda, la concejala de Cultura, asesores de Comprom\u00eds y t\u00e9cnicos del Palau de la M\u00fasica\u00bb.\u00a0\n<\/p>\n<h3 class=\"article-body__ladillo\">Respuesta de alcald\u00eda<\/h3>\n<p class=\"article-body__text \">\n        Fuentes de alcald\u00eda han asegurado a <strong>Levante-EMV <\/strong>que las facturas que ha solicitado el PP, al igual que el expediente, se les han entregado el martes. Adem\u00e1s, gran parte de estos documentos y facturas \u00abest\u00e1n colgados en el portal de transparencia al que pueden acceder perfectamente\u00bb.\n<\/p>\n<p class=\"article-body__text \">\n        En ese sentido, han aclarado tambi\u00e9n que la esposa de Rib\u00f3 \u00abse ha pagado de su\u00a0bolsillo el avi\u00f3n y la estancia\u00bb. Respecto al gasto que denuncia el PP que habr\u00eda superado lo permitido por ley, las mismas fuentes se\u00f1alan que hay que separar lo que pag\u00f3 el Palau de la M\u00fasica para el whole de los m\u00fasicos y el resto de private, de los gastos de protocolo de alcald\u00eda.\u00a0\n<\/p>\n<p class=\"article-body__text \">\n        En este \u00faltimo caso, el erario p\u00fablico corri\u00f3 a cargo, \u00abcon el viaje y la estancia as\u00ed como el coche de alquiler\u00bb del employees del alcalde: Rib\u00f3, un escolta y su jefa de gabinete.\u00a0\u00a0\n<\/p>\n<p class=\"article-body__text \">\n        En cuanto a otras personas que viajaron, consideraron \u00abregular y justificado\u00bb que la concejala de Cultura y el jefe de prensa del Palau de la M\u00fasica viajasen en esta expedici\u00f3n cultural. Al igual que varios periodistas de la prensa valenciana que cubrieron el acto.\n<\/p>\n<p class=\"article-body__text \">\n        Adem\u00e1s, una nota inside del ayuntamiento remitida a otro partido de la oposici\u00f3n que tambi\u00e9n ha preguntado por este asunto,\u00a0remarca que excepto la factura correspondiente al alojamiento que todav\u00eda no ha sido presentada por la propia empresa, todos los gastos del alcalde aparecen en el portal de transparencia, confirman las fuentes consultadas.\n<\/p>\n<p class=\"article-body__text \">\n        Igualmente, \u00abno se realizaron contratos en referencia a este viaje\u00bb\u00a0m\u00e1s all\u00e1 de las correspondientes a la reservas de vuelos, alojamiento y alquiler de veh\u00edculo.\n<\/p>\n<p class=\"article-body__text \">\n        Por \u00faltimo, \u00aben cualquier caso, no se han atendido gastos distintos\u00bb a los estrictamente comprendidos dentro de la norma y \u00absiguiendo en todo momento lo establecido por las normas de ejecuci\u00f3n del presupuesto\u00bb.\u00a0\n<\/p>\n<\/p><\/div>\n\n<p><em> &#8221; Fuentes www.levante-emv.com &#8221; <\/em><\/p>\n","protected":false},"excerpt":{"rendered":"<p>\u00a0El PP de Val\u00e8ncia ha reclamado m\u00e1s informaci\u00f3n, m\u00e1s documentaci\u00f3n y m\u00e1s facturas al gobierno municipal y al Palau de la M\u00fasica para determinar c\u00f3mo se pag\u00f3 el viaje de la esposa del alcalde Joan Rib\u00f3 a Par\u00eds, con motivo de un concierto de la Orquesta de Val\u00e8ncia, en el que los m\u00fasicos estuvieron acompa\u00f1ados [&hellip;]<\/p>\n","protected":false},"author":4,"featured_media":387077,"comment_status":"open","ping_status":"closed","sticky":false,"template":"","format":"standard","meta":{"om_disable_all_campaigns":false,"jnews-multi-image_gallery":[],"jnews_single_post":[],"jnews_primary_category":[],"jnews_social_meta":[],"footnotes":""},"categories":[39],"tags":[13183,6994,2289,10744,681],"class_list":["post-387076","post","type-post","status-publish","format-standard","has-post-thumbnail","hentry","category-viajes","tag-exige","tag-facturas","tag-paris","tag-pp","tag-viaje"],"_links":{"self":[{"href":"https:\/\/dimensionturistica.com\/es\/wp-json\/wp\/v2\/posts\/387076","targetHints":{"allow":["GET"]}}],"collection":[{"href":"https:\/\/dimensionturistica.com\/es\/wp-json\/wp\/v2\/posts"}],"about":[{"href":"https:\/\/dimensionturistica.com\/es\/wp-json\/wp\/v2\/types\/post"}],"author":[{"embeddable":true,"href":"https:\/\/dimensionturistica.com\/es\/wp-json\/wp\/v2\/users\/4"}],"replies":[{"embeddable":true,"href":"https:\/\/dimensionturistica.com\/es\/wp-json\/wp\/v2\/comments?post=387076"}],"version-history":[{"count":0,"href":"https:\/\/dimensionturistica.com\/es\/wp-json\/wp\/v2\/posts\/387076\/revisions"}],"wp:featuredmedia":[{"embeddable":true,"href":"https:\/\/dimensionturistica.com\/es\/wp-json\/wp\/v2\/media\/387077"}],"wp:attachment":[{"href":"https:\/\/dimensionturistica.com\/es\/wp-json\/wp\/v2\/media?parent=387076"}],"wp:term":[{"taxonomy":"category","embeddable":true,"href":"https:\/\/dimensionturistica.com\/es\/wp-json\/wp\/v2\/categories?post=387076"},{"taxonomy":"post_tag","embeddable":true,"href":"https:\/\/dimensionturistica.com\/es\/wp-json\/wp\/v2\/tags?post=387076"}],"curies":[{"name":"wp","href":"https:\/\/api.w.org\/{rel}","templated":true}]}}