{"id":386690,"date":"2022-09-14T13:10:55","date_gmt":"2022-09-14T13:10:55","guid":{"rendered":"https:\/\/dimensionturistica.com\/es\/?p=386690"},"modified":"2022-09-14T13:10:55","modified_gmt":"2022-09-14T13:10:55","slug":"arajet-aterriza-en-mexico-este-22-de-septiembre-con-tres-rutas-directas-que-conectaran-con-republica-dominicana","status":"publish","type":"post","link":"https:\/\/dimensionturistica.com\/es\/arajet-aterriza-en-mexico-este-22-de-septiembre-con-tres-rutas-directas-que-conectaran-con-republica-dominicana\/","title":{"rendered":"Arajet aterriza en M\u00e9xico este 22 de septiembre con tres rutas directas que conectar\u00e1n con Rep\u00fablica Dominicana."},"content":{"rendered":"<p>Arajet, la aerol\u00ednea dominicana de precios bajos, alista sus motores para aterrizar en M\u00e9xico este 22 de septiembre con tres rutas directas desde el Aeropuerto Internacional Las Am\u00e9ricas en Santo Domingo, que robustecen la conectividad a\u00e9rea entre M\u00e9xico y la zona Caribe, al tiempo que permite a m\u00e1s personas que<img decoding=\"async\" class=\"size-medium wp-image-386753 alignright\" src=\"https:\/\/dimensionturistica.com\/es\/wp-content\/uploads\/2022\/09\/Arajet-3-Tails-300x200.jpg\" alt=\"\" width=\"300\" height=\"200\" srcset=\"https:\/\/dimensionturistica.com\/es\/wp-content\/uploads\/2022\/09\/Arajet-3-Tails-300x200.jpg 300w, https:\/\/dimensionturistica.com\/es\/wp-content\/uploads\/2022\/09\/Arajet-3-Tails.jpg 450w\" sizes=\"(max-width: 300px) 100vw, 300px\" \/> puedan viajar con el trato c\u00e1lido que caracteriza al pueblo dominicano.<br \/>\nArajet aterriza en M\u00e9xico el pr\u00f3ximo jueves 22 de septiembre con el primer vuelo a Ciudad de M\u00e9xico, que contar\u00e1 con tres frecuencias semanales (lunes, jueves y s\u00e1bado con salida a las 07:15 horas y llegada a las 09:40 horas) con llegada al Aeropuerto Internacional Felipe \u00c1ngeles. A partir del 30 de septiembre llegar\u00e1 a Monterrey, con dos frecuencias semanales (martes y viernes con salida a las 07:15 horas y llegada a las 11:05 horas) con arribo al Aeropuerto Internacional de Monterrey. El mismo d\u00eda aterrizar\u00e1 en Canc\u00fan con tres frecuencias semanales (martes y viernes con salida 18:40 horas y llegada 20:30 horas, y domingo con salida 17:20 horas y llegada 19:10 horas) al Aeropuerto Internacional de Canc\u00fan.<br \/>\n\u201cEl arribo de Arajet a M\u00e9xico es un parteaguas para fortalecer la conectividad e impulsar el tr\u00e1nsito de visitantes en beneficio del desarrollo econ\u00f3mico, cultural y comercial entre ambos pa\u00edses; adem\u00e1s de brindarnos una oportunidad \u00fanica para convertirnos en un aliado estrat\u00e9gico de la industria y el consumidor en M\u00e9xico\u201d, coment\u00f3 V\u00edctor Pacheco, CEO de Arajet.<br \/>\nArajet brinda una oferta de valor diferenciada que le permitir\u00e1 al viajero nacional disfrutar de la vasta oferta<img decoding=\"async\" class=\"size-medium wp-image-386756 alignright\" src=\"https:\/\/dimensionturistica.com\/es\/wp-content\/uploads\/2022\/09\/Victor-Pacheco-2-300x199.jpg\" alt=\"\" width=\"300\" height=\"199\" srcset=\"https:\/\/dimensionturistica.com\/es\/wp-content\/uploads\/2022\/09\/Victor-Pacheco-2-300x199.jpg 300w, https:\/\/dimensionturistica.com\/es\/wp-content\/uploads\/2022\/09\/Victor-Pacheco-2.jpg 450w\" sizes=\"(max-width: 300px) 100vw, 300px\" \/> tur\u00edstica de Rep\u00fablica Dominicana, con vuelos directos, seguros y con precios que van desde los 160 d\u00f3lares, impuestos incluidos, disponibles en www.arajet.com.<br \/>\nLa flota inicial de Arajet consta de cinco aeronaves nuevas Boeing 737 MAX-8 de \u00faltima generaci\u00f3n, con una experiencia de vuelo confortable, segura y eco-sostenible, con motores que ahorran hasta un 14% m\u00e1s en combustible, lo que permite transferir ahorros en boletos a los clientes.<br \/>\nEste mes Arajet tambi\u00e9n inicia operaciones en Colombia, Per\u00fa, El Salvador, Aruba, Saint Marteen, Costa Rica y Ecuador. En octubre, la aerol\u00ednea ampliar\u00e1 su oferta desde m\u00e1s ciudades en las Am\u00e9ricas, a la espera de la negociaci\u00f3n de cielos abiertos que ya adelantan los gobiernos de Rep\u00fablica Dominicana y Estados Unidos para completar la primera etapa en su red destinos.<\/p>\n","protected":false},"excerpt":{"rendered":"<p>Arajet, la aerol\u00ednea dominicana de precios bajos, alista sus motores para aterrizar en M\u00e9xico este 22 de septiembre con tres rutas directas desde el Aeropuerto Internacional Las Am\u00e9ricas en Santo Domingo, que robustecen la conectividad a\u00e9rea entre M\u00e9xico y la zona Caribe, al tiempo que permite a m\u00e1s personas que puedan viajar con el trato [&hellip;]<\/p>\n","protected":false},"author":1,"featured_media":386755,"comment_status":"open","ping_status":"closed","sticky":false,"template":"","format":"standard","meta":{"om_disable_all_campaigns":false,"jnews-multi-image_gallery":[],"jnews_single_post":{"source_name":"","source_url":"","via_name":"","via_url":"","override_template":"0","override":[{"template":"1","single_blog_custom":"","parallax":"1","fullscreen":"1","layout":"right-sidebar","sidebar":"default-sidebar","second_sidebar":"default-sidebar","sticky_sidebar":"1","share_position":"top","share_float_style":"share-monocrhome","show_share_counter":"1","show_view_counter":"1","show_featured":"1","show_post_meta":"1","show_post_author":"1","show_post_author_image":"1","show_post_date":"1","post_date_format":"default","post_date_format_custom":"Y\/m\/d","show_post_category":"1","show_post_reading_time":"0","post_reading_time_wpm":"300","show_zoom_button":"0","zoom_button_out_step":"2","zoom_button_in_step":"3","show_post_tag":"1","show_prev_next_post":"1","show_popup_post":"1","number_popup_post":"1","show_author_box":"0","show_post_related":"0","show_inline_post_related":"0"}],"override_image_size":"0","image_override":[{"single_post_thumbnail_size":"crop-500","single_post_gallery_size":"crop-500"}],"trending_post":"0","trending_post_position":"meta","trending_post_label":"Trending","sponsored_post":"0","sponsored_post_label":"Sponsored by","sponsored_post_name":"","sponsored_post_url":"","sponsored_post_logo_enable":"0","sponsored_post_logo":"","sponsored_post_desc":"","disable_ad":"0"},"jnews_primary_category":{"id":""},"jnews_social_meta":{"fb_title":"","fb_description":"","fb_image":"","twitter_title":"","twitter_description":"","twitter_image":""},"footnotes":""},"categories":[39],"tags":[],"class_list":["post-386690","post","type-post","status-publish","format-standard","has-post-thumbnail","hentry","category-viajes"],"_links":{"self":[{"href":"https:\/\/dimensionturistica.com\/es\/wp-json\/wp\/v2\/posts\/386690","targetHints":{"allow":["GET"]}}],"collection":[{"href":"https:\/\/dimensionturistica.com\/es\/wp-json\/wp\/v2\/posts"}],"about":[{"href":"https:\/\/dimensionturistica.com\/es\/wp-json\/wp\/v2\/types\/post"}],"author":[{"embeddable":true,"href":"https:\/\/dimensionturistica.com\/es\/wp-json\/wp\/v2\/users\/1"}],"replies":[{"embeddable":true,"href":"https:\/\/dimensionturistica.com\/es\/wp-json\/wp\/v2\/comments?post=386690"}],"version-history":[{"count":0,"href":"https:\/\/dimensionturistica.com\/es\/wp-json\/wp\/v2\/posts\/386690\/revisions"}],"wp:featuredmedia":[{"embeddable":true,"href":"https:\/\/dimensionturistica.com\/es\/wp-json\/wp\/v2\/media\/386755"}],"wp:attachment":[{"href":"https:\/\/dimensionturistica.com\/es\/wp-json\/wp\/v2\/media?parent=386690"}],"wp:term":[{"taxonomy":"category","embeddable":true,"href":"https:\/\/dimensionturistica.com\/es\/wp-json\/wp\/v2\/categories?post=386690"},{"taxonomy":"post_tag","embeddable":true,"href":"https:\/\/dimensionturistica.com\/es\/wp-json\/wp\/v2\/tags?post=386690"}],"curies":[{"name":"wp","href":"https:\/\/api.w.org\/{rel}","templated":true}]}}