{"id":386665,"date":"2022-09-14T12:08:19","date_gmt":"2022-09-14T12:08:19","guid":{"rendered":"https:\/\/dimensionturistica.com\/es\/?p=386665"},"modified":"2022-09-14T12:08:19","modified_gmt":"2022-09-14T12:08:19","slug":"republica-dominicana-registra-un-record-de-turistas-en-agosto","status":"publish","type":"post","link":"https:\/\/dimensionturistica.com\/es\/republica-dominicana-registra-un-record-de-turistas-en-agosto\/","title":{"rendered":"Rep\u00fablica Dominicana registra un r\u00e9cord de turistas en agosto"},"content":{"rendered":"<p>Rep\u00fablica Dominicana logr\u00f3 alcanzar la hist\u00f3rica cifra de 621,953 llegadas durante el mes de agosto, superando las registradas durante el mismo mes del 2019, un a\u00f1o prepandemia, en el que recibi\u00f3 a 124,563 visitantes.<br \/>\nAl dar a conocer estas cifras, el presidente Luis Abinader y el ministro de Turismo, David Collado, coincidieron en que la industria tur\u00edstica est\u00e1 \u201cmejor que nunca\u201d en la Rep\u00fablica Dominicana e informaron que si a esas cifras se le suman los 94,792 cruceristas que visitaron el pa\u00eds el mes pasado, \u201cestamos hablando de 716,745 visitantes en agosto, algo nunca visto\u201d, dijo Collado.<img decoding=\"async\" class=\"size-medium wp-image-386678 alignright\" src=\"https:\/\/dimensionturistica.com\/es\/wp-content\/uploads\/2022\/09\/DOMINICANARE-300x157.jpg\" alt=\"\" width=\"300\" height=\"157\" srcset=\"https:\/\/dimensionturistica.com\/es\/wp-content\/uploads\/2022\/09\/DOMINICANARE-300x157.jpg 300w, https:\/\/dimensionturistica.com\/es\/wp-content\/uploads\/2022\/09\/DOMINICANARE.jpg 474w\" sizes=\"(max-width: 300px) 100vw, 300px\" \/><br \/>\nLa llegada de extranjeros represent\u00f3 un crecimiento de 27% con relaci\u00f3n a 2019 y un 11% respecto a 2018, durante el mes de agosto, as\u00ed mismo, la visitas de \u00e9tnicos tambi\u00e9n registr\u00f3 un incremento de un 18% comparado con agosto 2019 y un 39% en comparaci\u00f3n con ese mismo mes en 2018.<br \/>\nLa llegada de turistas por la v\u00eda a\u00e9rea el mes pasado marc\u00f3 tambi\u00e9n un r\u00e9cord, superando a 2018, cuando arribaron 537,576, y al 2019 cuando arribaron 497,390. Adicionalmente se dio a conocer que de enero a agosto, Rep\u00fablica Dominicana ha recibido a 5,655,980 personas, 4,904,162 turistas y 755,818 excursionistas, lo que representa un r\u00e9cord para el pa\u00eds.<\/p>\n","protected":false},"excerpt":{"rendered":"<p>Rep\u00fablica Dominicana logr\u00f3 alcanzar la hist\u00f3rica cifra de 621,953 llegadas durante el mes de agosto, superando las registradas durante el mismo mes del 2019, un a\u00f1o prepandemia, en el que recibi\u00f3 a 124,563 visitantes. Al dar a conocer estas cifras, el presidente Luis Abinader y el ministro de Turismo, David Collado, coincidieron en que la [&hellip;]<\/p>\n","protected":false},"author":1,"featured_media":386682,"comment_status":"open","ping_status":"closed","sticky":false,"template":"","format":"standard","meta":{"om_disable_all_campaigns":false,"jnews-multi-image_gallery":[],"jnews_single_post":{"source_name":"","source_url":"","via_name":"","via_url":"","override_template":"0","override":[{"template":"1","single_blog_custom":"","parallax":"1","fullscreen":"1","layout":"right-sidebar","sidebar":"default-sidebar","second_sidebar":"default-sidebar","sticky_sidebar":"1","share_position":"top","share_float_style":"share-monocrhome","show_share_counter":"1","show_view_counter":"1","show_featured":"1","show_post_meta":"1","show_post_author":"1","show_post_author_image":"1","show_post_date":"1","post_date_format":"default","post_date_format_custom":"Y\/m\/d","show_post_category":"1","show_post_reading_time":"0","post_reading_time_wpm":"300","show_zoom_button":"0","zoom_button_out_step":"2","zoom_button_in_step":"3","show_post_tag":"1","show_prev_next_post":"1","show_popup_post":"1","number_popup_post":"1","show_author_box":"0","show_post_related":"0","show_inline_post_related":"0"}],"override_image_size":"0","image_override":[{"single_post_thumbnail_size":"crop-500","single_post_gallery_size":"crop-500"}],"trending_post":"0","trending_post_position":"meta","trending_post_label":"Trending","sponsored_post":"0","sponsored_post_label":"Sponsored by","sponsored_post_name":"","sponsored_post_url":"","sponsored_post_logo_enable":"0","sponsored_post_logo":"","sponsored_post_desc":"","disable_ad":"0"},"jnews_primary_category":{"id":""},"jnews_social_meta":{"fb_title":"","fb_description":"","fb_image":"","twitter_title":"","twitter_description":"","twitter_image":""},"footnotes":""},"categories":[39],"tags":[],"class_list":["post-386665","post","type-post","status-publish","format-standard","has-post-thumbnail","hentry","category-viajes"],"_links":{"self":[{"href":"https:\/\/dimensionturistica.com\/es\/wp-json\/wp\/v2\/posts\/386665","targetHints":{"allow":["GET"]}}],"collection":[{"href":"https:\/\/dimensionturistica.com\/es\/wp-json\/wp\/v2\/posts"}],"about":[{"href":"https:\/\/dimensionturistica.com\/es\/wp-json\/wp\/v2\/types\/post"}],"author":[{"embeddable":true,"href":"https:\/\/dimensionturistica.com\/es\/wp-json\/wp\/v2\/users\/1"}],"replies":[{"embeddable":true,"href":"https:\/\/dimensionturistica.com\/es\/wp-json\/wp\/v2\/comments?post=386665"}],"version-history":[{"count":0,"href":"https:\/\/dimensionturistica.com\/es\/wp-json\/wp\/v2\/posts\/386665\/revisions"}],"wp:featuredmedia":[{"embeddable":true,"href":"https:\/\/dimensionturistica.com\/es\/wp-json\/wp\/v2\/media\/386682"}],"wp:attachment":[{"href":"https:\/\/dimensionturistica.com\/es\/wp-json\/wp\/v2\/media?parent=386665"}],"wp:term":[{"taxonomy":"category","embeddable":true,"href":"https:\/\/dimensionturistica.com\/es\/wp-json\/wp\/v2\/categories?post=386665"},{"taxonomy":"post_tag","embeddable":true,"href":"https:\/\/dimensionturistica.com\/es\/wp-json\/wp\/v2\/tags?post=386665"}],"curies":[{"name":"wp","href":"https:\/\/api.w.org\/{rel}","templated":true}]}}