{"id":386645,"date":"2022-09-14T11:11:34","date_gmt":"2022-09-14T11:11:34","guid":{"rendered":"https:\/\/dimensionturistica.com\/es\/?p=386645"},"modified":"2022-09-14T11:11:34","modified_gmt":"2022-09-14T11:11:34","slug":"costa-rica-se-convierte-en-la-sede-de-fiexpo","status":"publish","type":"post","link":"https:\/\/dimensionturistica.com\/es\/costa-rica-se-convierte-en-la-sede-de-fiexpo\/","title":{"rendered":"Costa Rica se convierte en la sede de FIEXPO"},"content":{"rendered":"<p> <br \/>\n<\/p>\n<div>\n<p><strong>\u00b7 Costa Rica ser\u00e1 la sede de la feria FIEXPO, la m\u00e1s grande de esta categor\u00eda en Latinoam\u00e9rica durante tres a\u00f1os consecutivos: 2025, 2026 y 2027.<\/strong><\/p>\n<p><strong>\u00b7 La exhibici\u00f3n es una de las citas ineludibles para el sector a nivel internacional, representando a Latinoam\u00e9rica y Caribe en el mercado de las reuniones. <\/strong><\/p>\n<p><strong>Madrid, 14 septiembre 2022.<\/strong> El ministro de Turismo, William Rodr\u00edguez L\u00f3pez y Arnaldo Nafrdone Osorio, representante authorized de FIEXPO, firmaron el contrato que confirma a Costa Rica como sede de la feria FIEXPO Latinoam\u00e9rica durante los a\u00f1os 2025, 2026 y 2027.<\/p>\n<p>La firma se ha realizado en el marco del evento internacional, ICCA Costa Rica Summit (Asociaci\u00f3n de Congresos y Convenciones Internacionales, por sus siglas en ingl\u00e9s) que se celebr\u00f3 el pasado mes de agosto en el Centro de Convenciones de Costa Rica, con la presencia de autoridades e integrantes del sector privado relacionados con el segmento del turismo de reuniones, incentivos, congresos y eventos.<\/p>\n<p>\u201cEs un orgullo para Costa Rica poder albergar durante tres a\u00f1os consecutivos una de las ruedas de negocios y networking m\u00e1s importantes de la industria en toda Latinoam\u00e9rica. Fiexpo constituye, adem\u00e1s, una de las mayores plataformas para negocios de turismo de reuniones que existe en Latinoam\u00e9rica para la promoci\u00f3n de Suram\u00e9rica, Centroam\u00e9rica, el Caribe y M\u00e9xico como territorios receptores y organizadores de convenciones, congresos, incentivos reuniones, tanto de negocios como asociativos\u201d, ha afirmado el Ministro de Turismo, William Rodr\u00edguez L\u00f3pez.<\/p>\n<p>En FIEXPO participan recintos feriales, centros de congresos, hoteles, organizadores de eventos, agencias de viaje y proveedores de productos y servicios del segmento, con el objetivo de mostrar su oferta comercial a profesionales de todo el mundo.<\/p>\n<p>Es, adem\u00e1s, la feria que representa a Am\u00e9rica Latina y el Caribe en el mercado de reuniones world, convirti\u00e9ndola en una cita ineludible para los pa\u00edses que quieren mostrar su potencial en este mercado. Se caracteriza por contar con la presencia de compradores invitados (hosted consumers) de alta calidad, los cuales participan con el fin de buscar nuevos destinos para sus eventos.<\/p>\n<p>Internet oficial internacional: <strong>www.visitcostarica.com\/es<\/strong><\/p>\n<p>Internet oficial europea para profesionales del turismo: <strong>www.puravidauniversity.eu<\/strong><\/p>\n<\/p><\/div>\n\n<p><em> &#8221; Fuentes www.hosteltur.com &#8221; <\/em><\/p>\n","protected":false},"excerpt":{"rendered":"<p>\u00b7 Costa Rica ser\u00e1 la sede de la feria FIEXPO, la m\u00e1s grande de esta categor\u00eda en Latinoam\u00e9rica durante tres a\u00f1os consecutivos: 2025, 2026 y 2027. \u00b7 La exhibici\u00f3n es una de las citas ineludibles para el sector a nivel internacional, representando a Latinoam\u00e9rica y Caribe en el mercado de las reuniones. Madrid, 14 septiembre [&hellip;]<\/p>\n","protected":false},"author":4,"featured_media":334568,"comment_status":"open","ping_status":"closed","sticky":false,"template":"","format":"standard","meta":{"om_disable_all_campaigns":false,"jnews-multi-image_gallery":[],"jnews_single_post":[],"jnews_primary_category":[],"jnews_social_meta":[],"footnotes":""},"categories":[40],"tags":[715],"class_list":["post-386645","post","type-post","status-publish","format-standard","has-post-thumbnail","hentry","category-industria","tag-economia"],"_links":{"self":[{"href":"https:\/\/dimensionturistica.com\/es\/wp-json\/wp\/v2\/posts\/386645","targetHints":{"allow":["GET"]}}],"collection":[{"href":"https:\/\/dimensionturistica.com\/es\/wp-json\/wp\/v2\/posts"}],"about":[{"href":"https:\/\/dimensionturistica.com\/es\/wp-json\/wp\/v2\/types\/post"}],"author":[{"embeddable":true,"href":"https:\/\/dimensionturistica.com\/es\/wp-json\/wp\/v2\/users\/4"}],"replies":[{"embeddable":true,"href":"https:\/\/dimensionturistica.com\/es\/wp-json\/wp\/v2\/comments?post=386645"}],"version-history":[{"count":0,"href":"https:\/\/dimensionturistica.com\/es\/wp-json\/wp\/v2\/posts\/386645\/revisions"}],"wp:featuredmedia":[{"embeddable":true,"href":"https:\/\/dimensionturistica.com\/es\/wp-json\/wp\/v2\/media\/334568"}],"wp:attachment":[{"href":"https:\/\/dimensionturistica.com\/es\/wp-json\/wp\/v2\/media?parent=386645"}],"wp:term":[{"taxonomy":"category","embeddable":true,"href":"https:\/\/dimensionturistica.com\/es\/wp-json\/wp\/v2\/categories?post=386645"},{"taxonomy":"post_tag","embeddable":true,"href":"https:\/\/dimensionturistica.com\/es\/wp-json\/wp\/v2\/tags?post=386645"}],"curies":[{"name":"wp","href":"https:\/\/api.w.org\/{rel}","templated":true}]}}