{"id":386519,"date":"2022-09-14T07:17:24","date_gmt":"2022-09-14T07:17:24","guid":{"rendered":"https:\/\/dimensionturistica.com\/es\/?p=386519"},"modified":"2022-09-14T07:17:24","modified_gmt":"2022-09-14T07:17:24","slug":"fechas-y-como-reservar-el-destino-elegido-para-no-perder-la-plaza","status":"publish","type":"post","link":"https:\/\/dimensionturistica.com\/es\/fechas-y-como-reservar-el-destino-elegido-para-no-perder-la-plaza\/","title":{"rendered":"fechas y c\u00f3mo reservar el destino elegido para no perder la plaza"},"content":{"rendered":"<p> <br \/>\n<\/p>\n<div>\n<p class=\"paragraph \" id=\"m97-96-98\">Los viajes del IMSERSO para la temporada 2022-2023 estar\u00e1n disponibles en las agencias <strong>a partir del martes 20 de septiembre<\/strong>. Es en este momento cuando nuestros pensionistas podr\u00e1n <strong>elegir y reservar su destino vacacional en la fecha concreta que se les ha comunicado por carta en su domicilio<\/strong>. El programa cuenta con una oferta de 820.000 plazas, que este a\u00f1o vienen sin subida de precios, y que se podr\u00e1n disfrutar entre el mes de octubre y junio de 2023.<\/p>\n<h2 id=\"m102-101-103\">Carta de acreditaci\u00f3n recibida en el domicilio<\/h2>\n<p class=\"paragraph \" id=\"m107-106-108\">Para que nada trunque este momento del a\u00f1o tan esperado ha habido que seguir una serie de pasos. Previamente, los interesados deben <strong>haber recibido en sus domicilios una carta<\/strong> enviada por el IMSERSO. <strong>En esta notificaci\u00f3n\u00a0se especifica a partir de qu\u00e9 d\u00eda del mes de septiembre de 2022 podr\u00e1n reservar su viaje.\u00a0<\/strong><\/p>\n<article class=\"media media-integrated \" id=\"m112-111-113\">\n<div>\n<figure class=\"figure-100\">\n            <a rel=\"nofollow noopener\" target=\"_blank\" href=\"https:\/\/www.20minutos.es\/viajes\/laujar-de-andarax-el-pueblo-de-almeria-donde-el-monarca-boabdil-se-refugio-de-los-reyes-catolicos-4971551\/\"><br \/>\n                <span class=\"accessTypeIcon withImage\"><em class=\"member boxIcon\"\/><\/span><br \/>\n                <img decoding=\"async\" loading=\"lazy\" width=\"656\" height=\"370\" alt=\"Panor\u00e1mica de Laujar de Andarax\" src=\"https:\/\/imagenes.20minutos.es\/files\/image_656_370\/uploads\/imagenes\/2022\/03\/18\/arco-iris-copia.jpeg\" data-full-src=\"https:\/\/www.20minutos.es\/uploads\/imagenes\/2022\/03\/18\/arco-iris-copia.jpeg\"\/><br \/>\n            <\/a><br \/>\n        <\/figure>\n<\/p><\/div>\n<\/article>\n<h2 id=\"m147-146-148\">De forma telem\u00e1tica o en una agencia<\/h2>\n<p class=\"paragraph \" id=\"m152-151-153\"><strong>La reserva del viaje elegido se hace de dos maneras<\/strong>. <strong>De<\/strong>\u00a0<strong>forma telem\u00e1tica<\/strong>, con una Clave de cuatro n\u00fameros, que aparece en la carta de acreditaci\u00f3n recibida en el domicilio, y que permite a la persona titular de la misma realizar su reserva telem\u00e1ticamente a trav\u00e9s de la central de reservas de las empresas adjudicatarias.<\/p>\n<p class=\"paragraph \" id=\"m157-156-158\">Tambi\u00e9n se puede realizar<strong>\u00a0acudiendo a una de las agencias de viajes que colaboran con el Programa de Turismo del Imserso<\/strong>. En este caso hay que llevar el Documento Nacional de Identidad.<\/p>\n<article class=\"media media-integrated \" id=\"m162-161-163\">\n<div>\n<figure class=\"figure-100\">\n            <a rel=\"nofollow noopener\" target=\"_blank\" href=\"https:\/\/www.20minutos.es\/viajes\/los-secretos-que-esconde-soportujar-el-pueblo-de-las-brujas-en-la-alpujarra-4961606\/\"><br \/>\n                <span class=\"accessTypeIcon withImage\"><em class=\"member boxIcon\"\/><\/span><br \/>\n                <img decoding=\"async\" loading=\"lazy\" width=\"656\" height=\"370\" alt=\"Soport\u00fajar, en la provincia de Granada\" src=\"https:\/\/imagenes.20minutos.es\/files\/image_656_370\/uploads\/imagenes\/2022\/02\/24\/soportujar.jpeg\" data-full-src=\"https:\/\/www.20minutos.es\/uploads\/imagenes\/2022\/02\/24\/soportujar.jpeg\"\/><br \/>\n            <\/a><br \/>\n        <\/figure>\n<\/p><\/div>\n<\/article>\n<h2 id=\"m196-195-197\">Fechas de reserva seg\u00fan el lugar de residencia<\/h2>\n<p class=\"paragraph \" id=\"m201-200-202\">Las reservas <strong>se podr\u00e1n realizar desde las 9.00 horas del d\u00eda indicado en la carta de acreditaci\u00f3n <\/strong>y\u00a0de acuerdo a las siguientes fechas:<\/p>\n<p class=\"paragraph \" id=\"m206-205-207\">Las personas usuarias residentes en las Comunidades Aut\u00f3nomas de Asturias, Arag\u00f3n, Castilla-La Mancha, Castilla y Le\u00f3n, Galicia, Baleares, Canarias, La Rioja, Navarra, Pa\u00eds Vasco y la Ciudad Aut\u00f3noma de Ceuta, podr\u00e1n comenzar a reservar sus viajes:<strong> el jueves 22 de septiembre de 2022 los acreditados preferentes y el viernes 23 de septiembre de 2022, los acreditados no preferentes.<\/strong><\/p>\n<p class=\"paragraph \" id=\"m211-210-212\">Los residentes en las Comunidades Aut\u00f3nomas de Andaluc\u00eda, Cantabria, Catalu\u00f1a, Valencia, Extremadura, Madrid, Murcia y la Ciudad Aut\u00f3noma de Melilla, podr\u00e1n comenzar a reservar sus viajes:<strong> el martes 20 de septiembre de 2022 los acreditados preferentes y el mi\u00e9rcoles 21 de septiembre de 2022, los acreditados no preferentes.<\/strong><\/p>\n<p class=\"paragraph \" id=\"m216-215-217\"><a rel=\"nofollow noopener\" target=\"_blank\" href=\"https:\/\/www.20minutos.es\/estaticos\/newsletter-viajes\/\">Ap\u00fantate a la newsletter y recibe en tu correo las mejores propuestas para viajar por el mundo<\/a>.<\/p>\n<\/div>\n\n<p><em> &#8221; Fuentes www.20minutos.es &#8221; <\/em><\/p>\n","protected":false},"excerpt":{"rendered":"<p>Los viajes del IMSERSO para la temporada 2022-2023 estar\u00e1n disponibles en las agencias a partir del martes 20 de septiembre. Es en este momento cuando nuestros pensionistas podr\u00e1n elegir y reservar su destino vacacional en la fecha concreta que se les ha comunicado por carta en su domicilio. El programa cuenta con una oferta de [&hellip;]<\/p>\n","protected":false},"author":4,"featured_media":386520,"comment_status":"open","ping_status":"closed","sticky":false,"template":"","format":"standard","meta":{"om_disable_all_campaigns":false,"jnews-multi-image_gallery":[],"jnews_single_post":[],"jnews_primary_category":[],"jnews_social_meta":[],"footnotes":""},"categories":[39],"tags":[813,545],"class_list":["post-386519","post","type-post","status-publish","format-standard","has-post-thumbnail","hentry","category-viajes","tag-imserso","tag-viajes"],"_links":{"self":[{"href":"https:\/\/dimensionturistica.com\/es\/wp-json\/wp\/v2\/posts\/386519","targetHints":{"allow":["GET"]}}],"collection":[{"href":"https:\/\/dimensionturistica.com\/es\/wp-json\/wp\/v2\/posts"}],"about":[{"href":"https:\/\/dimensionturistica.com\/es\/wp-json\/wp\/v2\/types\/post"}],"author":[{"embeddable":true,"href":"https:\/\/dimensionturistica.com\/es\/wp-json\/wp\/v2\/users\/4"}],"replies":[{"embeddable":true,"href":"https:\/\/dimensionturistica.com\/es\/wp-json\/wp\/v2\/comments?post=386519"}],"version-history":[{"count":0,"href":"https:\/\/dimensionturistica.com\/es\/wp-json\/wp\/v2\/posts\/386519\/revisions"}],"wp:featuredmedia":[{"embeddable":true,"href":"https:\/\/dimensionturistica.com\/es\/wp-json\/wp\/v2\/media\/386520"}],"wp:attachment":[{"href":"https:\/\/dimensionturistica.com\/es\/wp-json\/wp\/v2\/media?parent=386519"}],"wp:term":[{"taxonomy":"category","embeddable":true,"href":"https:\/\/dimensionturistica.com\/es\/wp-json\/wp\/v2\/categories?post=386519"},{"taxonomy":"post_tag","embeddable":true,"href":"https:\/\/dimensionturistica.com\/es\/wp-json\/wp\/v2\/tags?post=386519"}],"curies":[{"name":"wp","href":"https:\/\/api.w.org\/{rel}","templated":true}]}}