{"id":386433,"date":"2022-09-14T04:12:30","date_gmt":"2022-09-14T04:12:30","guid":{"rendered":"https:\/\/dimensionturistica.com\/es\/?p=386433"},"modified":"2022-09-14T04:12:30","modified_gmt":"2022-09-14T04:12:30","slug":"viajes-guatemala-el-corazon-del-mundo-maya-adonde-los-dominicanos-pueden-viajar-sin-visa","status":"publish","type":"post","link":"https:\/\/dimensionturistica.com\/es\/viajes-guatemala-el-corazon-del-mundo-maya-adonde-los-dominicanos-pueden-viajar-sin-visa\/","title":{"rendered":"VIAJES &#8211; Guatemala, el coraz\u00f3n del mundo maya, adonde los dominicanos pueden viajar sin visa"},"content":{"rendered":"<p> <br \/>\n<\/p>\n<div id=\"ArticleBody\" style=\"margin-top:10px;\">\n<p>\u201cBienvenidos al pa\u00eds de los mayas, un pa\u00eds de gente noble, del quetzal, de la amistad y donde hay 33 volcanes, tres est\u00e1n activos\u201d. As\u00ed describi\u00f3 a Guatemala uno de sus hijos, quien con una gran sonrisa fue parte de un recorrido por algunas de las fortunas de este pa\u00eds centroamericano.\u00a0<\/p>\n<p>Para quienes buscan destinos alejados del sol y la playa, Guatemala es la opci\u00f3n perfecta. Es mucho shade, volcanes, tradici\u00f3n y buena comida. Su idioma oficial es el espa\u00f1ol, sin embargo, tiene m\u00e1s de 20 dialectos, incluyendo las lenguas mayas. En cuanto al clima, tiene aproximadamente 300 microclimas, lo cual hace que este pa\u00eds sustente su econom\u00eda en la agricultura y ganader\u00eda.\u00a0<\/p>\n<p>Este destino ofrece mucho m\u00e1s de lo que se ha dado a conocer. <strong>Los dominicanos est\u00e1n exentos de visa<\/strong> y pueden viajar de manera directa a trav\u00e9s de la l\u00ednea dominicana Arajet.<\/p>\n<p>La ciudad de Guatemala alberga importantes lugares hist\u00f3ricos que son referentes y recuerdos de sus ancestros. Tal es el caso de la Plaza de la Constituci\u00f3n, una plazoleta donde decenas de palomas envuelven a los visitantes que, inevitablemente, posan ante la fuente de agua ubicada en el centro.\u00a0<\/p>\n<p>En los alrededores de la plaza est\u00e1n el Palacio Nacional de la Cultura, la Catedral de Santiago, el Portal del Comercio y el Parque Centenario. Tambi\u00e9n es conocida como el coraz\u00f3n del centro hist\u00f3rico de la ciudad.\u00a0<\/p>\n<p>Es una ciudad moderna, limpia y organizada. A solo 10 minutos del Aeropuerto Internacional La Aurora, est\u00e1n ubicados importantes hoteles de cadenas internacionales. Al recorrer sus calles, se pueden encontrar un sinn\u00famero de comercios de cadenas norteamericanas. Sin embargo, salir de la ciudad permite adentrarse en uno de los tesoros de este pa\u00eds, la cultura maya.<\/p>\n<p>\u00a0<\/p>\n<p><span style=\"font-size:18px\"><strong>Antigua, Guatemala <\/strong><\/span><\/p>\n<p>Aproximadamente a una hora del centro de la ciudad se encuentra la Antigua, un reflejo de la cultura ancestral. Su riqueza arquitect\u00f3nica, historia y templos la convirtieron en un Patrimonio Cultural de la Humanidad de la UNESCO en 1979.<\/p>\n<p>Al recorrer esta \u00e1rea colonial, el arte est\u00e1 por doquier. La artesan\u00eda es muestra de su identidad, as\u00ed como los productos de plata y oro, cerer\u00eda, dulces t\u00edpicos y gastronom\u00eda en cada esquina.<\/p>\n<p>Su vista da hacia los volcanes de Fuego y Acatenango.<\/p>\n<p>Antigua a\u00fan mantiene el piso de piedra, igual que muchas \u00e1reas del centro de la ciudad, como parte de su cultura colonial y conserva edificaciones restauradas del siglo XVI. Puede ser recorrida a pie a trav\u00e9s de sus calles empedradas.\u00a0<\/p>\n<p>Entre los principales lugares tur\u00edsticos de la Antigua se encuentran la Plaza Mayor, el Museo de Jade, la Antigua Catedral de Guatemala, Parque Central y el Museo de la Universidad de San Carlos. As\u00ed como tambi\u00e9n el Palacio de los Capitanes Generales, el Convento y Arco de Santa Catalina.\u00a0<\/p>\n<p>Un atractivo de este pa\u00eds son los volcanes. Tiene m\u00e1s de 30 en todo su territorio y en la actualidad hay tres activos, el volc\u00e1n Santiaguito, volc\u00e1n Fuego y volc\u00e1n Pacaya.\u00a0<\/p>\n<p>A 89 kil\u00f3metros del centro de la ciudad, se ubica el municipio Tecp\u00e1n, donde se encuentra Iximche, un lugar precolombino que albergaba una de las primeras grandes ciudades mayas en este pa\u00eds y que hoy d\u00eda son ruinas.\u00a0<\/p>\n<p>Su nombre se deriva de los vocablos <em>ixim<\/em>, que significa \u2018ma\u00edz\u2019, y <em>ch\u00e9e<\/em>, que se traduce como \u2018\u00e1rbol\u2019. As\u00ed, unidos significan \u00e1rbol de ma\u00edz.\u00a0<\/p>\n<p>Esta ciudad prehisp\u00e1nica se encuentra en un \u00c1rea Pure Protegida que forma parte del Sistema Guatemalteco de \u00c1reas Protegidas, que acoge varias especies de animales y su cobertura boscosa es fuente de vida. Adem\u00e1s, dentro del lugar hay un museo.\u00a0<\/p>\n<p>El lugar es utilizado para la realizaci\u00f3n de rituales mayas, donde sacerdotisas invocan a sus ancestros con la finalidad de hacer peticiones de salud, abundancia, prosperidad, estabilidad y amor, entre otras.\u00a0<\/p>\n<p>\u00a0<\/p>\n<p><span style=\"font-size:18px\"><strong>Un recorrido interesante<\/strong><\/span><\/p>\n<p>Un poco m\u00e1s lejos, a unas tres horas del centro de la ciudad y luego de atravesar el lago de Atitl\u00e1n (el lago m\u00e1s profundo de Centroam\u00e9rica, con unos 340 metros) est\u00e1 San Juan La Laguna, un pueblito colorido, lleno de gente carism\u00e1tica y m\u00fasica. All\u00ed el tejido artesanal es una obra de arte. <strong><a rel=\"nofollow noopener\" target=\"_blank\" href=\"https:\/\/listindiario.com\/la-vida\/2022\/09\/10\/738018\/moda-organica-de-la-flor-del-algodon-a-prendas-artesanales\"><span style=\"color:#0000FF\">Sus tejedoras<\/span><\/a><\/strong> mantienen esta labor de generaci\u00f3n en generaci\u00f3n.\u00a0<\/p>\n<p>\u00a0<\/p>\n<p><span style=\"font-size:18px\"><strong>Datos generales<\/strong><\/span><\/p>\n<p>Guatemala hace frontera con M\u00e9xico, Belice, Honduras y El Salvador.<\/p>\n<p>Su ave nacional es el quetzal, nombre que tambi\u00e9n recibe la moneda nacional. Actualmente un d\u00f3lar equivale a 7 quetzales.\u00a0<\/p>\n<p>\u00a0<\/p>\n<\/p><\/div>\n<p><script>\n        !function (f, b, e, v, n, t, s) {\n            if (f.fbq) return; n = f.fbq = function () {\n                n.callMethod ?\n                n.callMethod.apply(n, arguments) : n.queue.push(arguments)\n            }; if (!f._fbq) f._fbq = n;\n            n.push = n; n.loaded = !0; n.version = '2.0'; n.queue = []; t = b.createElement(e); t.async = !0;\n            t.src = v; s = b.getElementsByTagName(e)[0]; s.parentNode.insertBefore(t, s)\n        }(window,\n        document, 'script', 'https:\/\/connect.facebook.net\/en_US\/fbevents.js');\n        fbq('init', '336505603402465', {\n        });\n        fbq('track', 'PageView');\n    <\/script><script>\n        !function (f, b, e, v, n, t, s) {\n            if (f.fbq) return; n = f.fbq = function () {\n                n.callMethod ?\n                n.callMethod.apply(n, arguments) : n.queue.push(arguments)\n            }; if (!f._fbq) f._fbq = n;\n            n.push = n; n.loaded = !0; n.version = '2.0'; n.queue = []; t = b.createElement(e); t.async = !0;\n            t.src = v; s = b.getElementsByTagName(e)[0]; s.parentNode.insertBefore(t, s)\n        }(window,\n        document, 'script', 'https:\/\/connect.facebook.net\/en_US\/fbevents.js');\n        fbq('init', '871551932912625', {\n        });\n        fbq('track', 'PageView');\n    <\/script><script>\n    window.fbAsyncInit = function () {\n        FB.init({\n            appId: '482294438637972',\n            xfbml: true,\n            version: 'v2.7'\n        });\n    };\n    (function (d, s, id) {\n        var js, fjs = d.getElementsByTagName(s)[0];\n        if (d.getElementById(id)) { return; }\n        js = d.createElement(s); js.id = id;\n        js.src = \"https:\/\/connect.facebook.net\/en_US\/sdk.js\";\n        fjs.parentNode.insertBefore(js, fjs);\n    }(document, 'script', 'facebook-jssdk'));\n<\/script><br \/>\n<br \/><\/p>\n<p><em> &#8221; Fuentes listindiario.com &#8221; <\/em><\/p>\n","protected":false},"excerpt":{"rendered":"<p>\u201cBienvenidos al pa\u00eds de los mayas, un pa\u00eds de gente noble, del quetzal, de la amistad y donde hay 33 volcanes, tres est\u00e1n activos\u201d. As\u00ed describi\u00f3 a Guatemala uno de sus hijos, quien con una gran sonrisa fue parte de un recorrido por algunas de las fortunas de este pa\u00eds centroamericano.\u00a0 Para quienes buscan destinos [&hellip;]<\/p>\n","protected":false},"author":4,"featured_media":386434,"comment_status":"open","ping_status":"closed","sticky":false,"template":"","format":"standard","meta":{"om_disable_all_campaigns":false,"jnews-multi-image_gallery":[],"jnews_single_post":[],"jnews_primary_category":[],"jnews_social_meta":[],"footnotes":""},"categories":[39],"tags":[547,1431,1432,1433,229,1427,705,1428,1136,1430,1429],"class_list":["post-386433","post","type-post","status-publish","format-standard","has-post-thumbnail","hentry","category-viajes","tag-informacion","tag-listin","tag-listin-diario","tag-listin-digital","tag-news","tag-newspaper","tag-noticias","tag-periodicos","tag-prensa","tag-republica-dominicana","tag-santo-domingo"],"_links":{"self":[{"href":"https:\/\/dimensionturistica.com\/es\/wp-json\/wp\/v2\/posts\/386433","targetHints":{"allow":["GET"]}}],"collection":[{"href":"https:\/\/dimensionturistica.com\/es\/wp-json\/wp\/v2\/posts"}],"about":[{"href":"https:\/\/dimensionturistica.com\/es\/wp-json\/wp\/v2\/types\/post"}],"author":[{"embeddable":true,"href":"https:\/\/dimensionturistica.com\/es\/wp-json\/wp\/v2\/users\/4"}],"replies":[{"embeddable":true,"href":"https:\/\/dimensionturistica.com\/es\/wp-json\/wp\/v2\/comments?post=386433"}],"version-history":[{"count":0,"href":"https:\/\/dimensionturistica.com\/es\/wp-json\/wp\/v2\/posts\/386433\/revisions"}],"wp:featuredmedia":[{"embeddable":true,"href":"https:\/\/dimensionturistica.com\/es\/wp-json\/wp\/v2\/media\/386434"}],"wp:attachment":[{"href":"https:\/\/dimensionturistica.com\/es\/wp-json\/wp\/v2\/media?parent=386433"}],"wp:term":[{"taxonomy":"category","embeddable":true,"href":"https:\/\/dimensionturistica.com\/es\/wp-json\/wp\/v2\/categories?post=386433"},{"taxonomy":"post_tag","embeddable":true,"href":"https:\/\/dimensionturistica.com\/es\/wp-json\/wp\/v2\/tags?post=386433"}],"curies":[{"name":"wp","href":"https:\/\/api.w.org\/{rel}","templated":true}]}}