{"id":386256,"date":"2022-09-13T19:40:34","date_gmt":"2022-09-13T19:40:34","guid":{"rendered":"https:\/\/dimensionturistica.com\/es\/?p=386256"},"modified":"2022-09-13T19:40:34","modified_gmt":"2022-09-13T19:40:34","slug":"conozca-cinco-destinos-para-mochilear-por-america-del-sur","status":"publish","type":"post","link":"https:\/\/dimensionturistica.com\/es\/conozca-cinco-destinos-para-mochilear-por-america-del-sur\/","title":{"rendered":"Conozca cinco destinos para \u201cmochilear\u201d por Am\u00e9rica del Sur"},"content":{"rendered":"<p> <br \/>\n<\/p>\n<div>\n<p style=\"text-align:justify\">Sur Am\u00e9rica es uno de los continentes que cuenta con destinos maravillosos por visitar, conocer y disfrutar, gracias a los pisos t\u00e9rmicos que ba\u00f1an los territorios <strong>las experiencias por vivir pueden ser extremadamente diferentes,<\/strong> pero igual de placenteras, al igual que la mezcla de culturas y gastronom\u00eda que se tiene por ofrecer, estos y m\u00e1s motivos lo hacen un territorio excepcional por descubrir.\u00a0<\/p>\n<p style=\"text-align:justify\">Viajar, siempre trae consigo una planeaci\u00f3n donde se incluya informaci\u00f3n importante como vuelos, hospedajes y comida, factores que con la pandemia<strong> se pueden ver afectados en cuanto a la econom\u00eda de los turistas, por ello traemos alternativas <\/strong>que pueden ser m\u00e1s viables al momento de pensar en distracci\u00f3n y viajes sin afectar tanto el bolsillo.\u00a0<\/p>\n<aside>&#13;<\/p>\n<article class=\"articulo-relacionado\">&#13;<\/p>\n<h3 class=\"leer-texto-relacionado mt-2 d-sm-none\" style=\"font-size:1.1rem; margin:0\">Te gustar\u00eda leer tambi\u00e9n:<\/h3>\n<p>&#13;<br \/>\n\t&#13;<br \/>\n<\/article>\n<p>&#13;<br \/>\n<\/aside>\n<p style=\"text-align:justify\">Antes de que comenzara 2022, Reserving.com entrevist\u00f3 a m\u00e1s de 24.000 personas en 31 pa\u00edses, incluido Colombia, para averiguar cu\u00e1les ser\u00edan las tendencias de viaje para el pr\u00f3ximo a\u00f1o. En ese momento, el 78% de los colombianos dijo que viajar ayuda <strong>al bienestar psychological y emocional m\u00e1s que otras formas de descanso y relajaci\u00f3n. \u00a0<\/strong><br \/>\u00a0<br \/>De acuerdo al metabuscador, estos son los mejores cinco destinos\u00a0<\/p>\n<h3 style=\"text-align:justify\">Cartagena de Indias, Colombia\u00a0<\/h3>\n<div class=\"mt-3\" style=\"padding-top: 54.17%; position:relative\">\n\t<picture>&#13;<source srcset=\"data:image\/gif;base64,R0lGODlhAQABAIAAAAAAAP\/\/\/yH5BAEAAAAALAAAAAABAAEAAAIBRAA7\" data-srcset=\"https:\/\/cdn.colombia.com\/sdi\/2022\/09\/12\/conozca-cinco-destinos-para-mochilear-por-america-del-sur-1065680-0.webp\" type=\"image\/webp\" media=\"(max-width:570px)\">&#13;<source srcset=\"data:image\/gif;base64,R0lGODlhAQABAIAAAAAAAP\/\/\/yH5BAEAAAAALAAAAAABAAEAAAIBRAA7\" data-srcset=\"https:\/\/cdn.colombia.com\/sdi\/2022\/09\/12\/conozca-cinco-destinos-para-mochilear-por-america-del-sur-1065680-1.webp\" type=\"image\/webp\">&#13;<source srcset=\"data:image\/gif;base64,R0lGODlhAQABAIAAAAAAAP\/\/\/yH5BAEAAAAALAAAAAABAAEAAAIBRAA7\" data-srcset=\"https:\/\/cdn.colombia.com\/sdi\/2022\/09\/12\/conozca-cinco-destinos-para-mochilear-por-america-del-sur-1065680-0.jpg\" media=\"(max-width:570px)\">&#13;<br \/>\n\t\t<img decoding=\"async\" style=\"position: absolute; top: 0; left:0; bottom:0; right:0;\" class=\"lazy w-100\" src=\"https:\/\/cdn.colombia.com\/sdi\/2022\/09\/12\/conozca-cinco-destinos-para-mochilear-por-america-del-sur-1065680-1.jpg\" alt=\"Cartagena Colombia. Foto: Shutterstock\" title=\"Cartagena Colombia. Foto: Shutterstock\" width=\"800\" height=\"433\"\/>&#13;<br \/>\n\t<\/source><\/source><\/source><\/picture>\n<\/div>\n<p>Cartagena Colombia. Foto: Shutterstock<\/p>\n<p style=\"text-align:justify\">La ciudad de Cartagena de Indias se encuentra a orillas del Mar Caribe y es la capital de la regi\u00f3n de Bol\u00edvar. \u00a0La ciudad tiene varios archipi\u00e9lagos e islas a su alrededor, que son verdaderos para\u00edsos costeros. Donde se puede disfrutar de planes cerca al mar,<strong> caminando por sus calles coloniales llenas de historia o simplemente compartiendo de la tranquilidad junto al paisaje.\u00a0<\/strong>La mejor \u00e9poca para viajar a Cartagena es entre febrero y abril, que es cuando el turista podr\u00e1 disfrutar de un clima m\u00e1s seco y precios de temporada baja. Escogiendo opciones de hospedaje como hostales que hay en gran variedad\u00a0<\/p>\n<h3 style=\"text-align:justify\">Islas Gal\u00e1pagos, Ecuador\u00a0<\/h3>\n<div class=\"mt-3\" style=\"padding-top: 54.17%; position:relative\">\n\t<picture>&#13;<source srcset=\"data:image\/gif;base64,R0lGODlhAQABAIAAAAAAAP\/\/\/yH5BAEAAAAALAAAAAABAAEAAAIBRAA7\" data-srcset=\"https:\/\/cdn.colombia.com\/sdi\/2022\/09\/12\/conozca-cinco-destinos-para-mochilear-por-america-del-sur-1065681-0.webp\" type=\"image\/webp\" media=\"(max-width:570px)\">&#13;<source srcset=\"data:image\/gif;base64,R0lGODlhAQABAIAAAAAAAP\/\/\/yH5BAEAAAAALAAAAAABAAEAAAIBRAA7\" data-srcset=\"https:\/\/cdn.colombia.com\/sdi\/2022\/09\/12\/conozca-cinco-destinos-para-mochilear-por-america-del-sur-1065681-1.webp\" type=\"image\/webp\">&#13;<source srcset=\"data:image\/gif;base64,R0lGODlhAQABAIAAAAAAAP\/\/\/yH5BAEAAAAALAAAAAABAAEAAAIBRAA7\" data-srcset=\"https:\/\/cdn.colombia.com\/sdi\/2022\/09\/12\/conozca-cinco-destinos-para-mochilear-por-america-del-sur-1065681-0.jpg\" media=\"(max-width:570px)\">&#13;<br \/>\n\t\t<img decoding=\"async\" style=\"position: absolute; top: 0; left:0; bottom:0; right:0;\" class=\"lazy w-100\" src=\"https:\/\/cdn.colombia.com\/sdi\/2022\/09\/12\/conozca-cinco-destinos-para-mochilear-por-america-del-sur-1065681-1.jpg\" alt=\"Islas Gal\u00e1pagos. Foto: Shutterstock\" title=\"Islas Gal\u00e1pagos. Foto: Shutterstock\" width=\"800\" height=\"433\"\/>&#13;<br \/>\n\t<\/source><\/source><\/source><\/picture>\n<\/div>\n<p>Islas Gal\u00e1pagos. Foto: Shutterstock<\/p>\n<p style=\"text-align:justify\">Descubiertas en 1535 e inicialmente llamadas las &#8220;Islas Encantadas&#8221;, las Islas Gal\u00e1pagos son un para\u00edso en la Tierra. El sitio, que cuenta con 13 islas principales, 5 islas medianas y 215 islotes y es el hogar de especies marinas y aves ex\u00f3ticas, fue declarado Patrimonio <strong>Pure de la Humanidad en 1978 por la UNESCO (Organizaci\u00f3n de las Naciones Unidas para la Educaci\u00f3n, la Ciencia y la Cultura). \u00a0<\/strong><br \/>\u00a0<br \/>Para visitar el destino, los turistas deben estar al tanto de las estaciones, ya que los per\u00edodos de mayor movimiento son entre mediados de junio<strong> y principios de septiembre y mediados de diciembre hasta principios de la segunda quincena de enero,<\/strong> \u00e9pocas en las que Estados Unidos y los pa\u00edses europeos decretan sus vacaciones escolares.\u00a0<\/p>\n<aside>&#13;<\/p>\n<article class=\"articulo-relacionado\">&#13;<\/p>\n<h3 class=\"leer-texto-relacionado mt-2 d-sm-none\" style=\"font-size:1.1rem; margin:0\">Te gustar\u00eda leer tambi\u00e9n:<\/h3>\n<p>&#13;<br \/>\n\t&#13;<br \/>\n<\/article>\n<p>&#13;<br \/>\n<\/aside>\n<h3 style=\"text-align:justify\">Macchu Picchu, Per\u00fa\u00a0<\/h3>\n<div class=\"mt-3\" style=\"padding-top: 54.17%; position:relative\">\n\t<picture>&#13;<source srcset=\"data:image\/gif;base64,R0lGODlhAQABAIAAAAAAAP\/\/\/yH5BAEAAAAALAAAAAABAAEAAAIBRAA7\" data-srcset=\"https:\/\/cdn.colombia.com\/sdi\/2022\/09\/12\/conozca-cinco-destinos-para-mochilear-por-america-del-sur-1065682-0.webp\" type=\"image\/webp\" media=\"(max-width:570px)\">&#13;<source srcset=\"data:image\/gif;base64,R0lGODlhAQABAIAAAAAAAP\/\/\/yH5BAEAAAAALAAAAAABAAEAAAIBRAA7\" data-srcset=\"https:\/\/cdn.colombia.com\/sdi\/2022\/09\/12\/conozca-cinco-destinos-para-mochilear-por-america-del-sur-1065682-1.webp\" type=\"image\/webp\">&#13;<source srcset=\"data:image\/gif;base64,R0lGODlhAQABAIAAAAAAAP\/\/\/yH5BAEAAAAALAAAAAABAAEAAAIBRAA7\" data-srcset=\"https:\/\/cdn.colombia.com\/sdi\/2022\/09\/12\/conozca-cinco-destinos-para-mochilear-por-america-del-sur-1065682-0.jpg\" media=\"(max-width:570px)\">&#13;<br \/>\n\t\t<img decoding=\"async\" style=\"position: absolute; top: 0; left:0; bottom:0; right:0;\" class=\"lazy w-100\" src=\"https:\/\/cdn.colombia.com\/sdi\/2022\/09\/12\/conozca-cinco-destinos-para-mochilear-por-america-del-sur-1065682-1.jpg\" alt=\"Macchu Picchu. Foto: Shutterstock\" title=\"Macchu Picchu. Foto: Shutterstock\" width=\"800\" height=\"433\"\/>&#13;<br \/>\n\t<\/source><\/source><\/source><\/picture>\n<\/div>\n<p>Macchu Picchu. Foto: Shutterstock<\/p>\n<p style=\"text-align:justify\">El destino Machu Picchu, Per\u00fa, es considerado una de las 7 Maravillas del Mundo Moderno y atrae muchas miradas y deseos de viaje por la curiosidad que despierta el lugar. \u00a0<strong> En 1983, la regi\u00f3n se convirti\u00f3 en uno de los sitios del Patrimonio Mundial de la unesco y actualmente recibe aproximadamente 1,5 millones de personas de todo el mundo cada a\u00f1o.\u00a0<\/strong><br \/>\u00a0<br \/>Para visitar el lugar, el turista debe tener en cuenta diversos aspectos, como su ubicaci\u00f3n, su altitud, tiempo de viaje, el tipo de transporte y el clima, entre otros.<\/p>\n<h3 style=\"text-align:justify\">Punta del Este, Uruguay\u00a0<\/h3>\n<div class=\"mt-3\" style=\"padding-top: 54.17%; position:relative\">\n\t<picture>&#13;<source srcset=\"data:image\/gif;base64,R0lGODlhAQABAIAAAAAAAP\/\/\/yH5BAEAAAAALAAAAAABAAEAAAIBRAA7\" data-srcset=\"https:\/\/cdn.colombia.com\/sdi\/2022\/09\/12\/conozca-cinco-destinos-para-mochilear-por-america-del-sur-1065683-0.webp\" type=\"image\/webp\" media=\"(max-width:570px)\">&#13;<source srcset=\"data:image\/gif;base64,R0lGODlhAQABAIAAAAAAAP\/\/\/yH5BAEAAAAALAAAAAABAAEAAAIBRAA7\" data-srcset=\"https:\/\/cdn.colombia.com\/sdi\/2022\/09\/12\/conozca-cinco-destinos-para-mochilear-por-america-del-sur-1065683-1.webp\" type=\"image\/webp\">&#13;<source srcset=\"data:image\/gif;base64,R0lGODlhAQABAIAAAAAAAP\/\/\/yH5BAEAAAAALAAAAAABAAEAAAIBRAA7\" data-srcset=\"https:\/\/cdn.colombia.com\/sdi\/2022\/09\/12\/conozca-cinco-destinos-para-mochilear-por-america-del-sur-1065683-0.jpg\" media=\"(max-width:570px)\">&#13;<br \/>\n\t\t<img decoding=\"async\" style=\"position: absolute; top: 0; left:0; bottom:0; right:0;\" class=\"lazy w-100\" src=\"https:\/\/cdn.colombia.com\/sdi\/2022\/09\/12\/conozca-cinco-destinos-para-mochilear-por-america-del-sur-1065683-1.jpg\" alt=\"Punta del Este. Foto: Shutterstock\" title=\"Punta del Este. Foto: Shutterstock\" width=\"800\" height=\"433\"\/>&#13;<br \/>\n\t<\/source><\/source><\/source><\/picture>\n<\/div>\n<p>Punta del Este. Foto: Shutterstock<\/p>\n<p style=\"text-align:justify\">Es debido a que se encuentra en el extremo sureste de Uruguay que Punta del Este recibi\u00f3 este nombre. La ciudad se asienta sobre una larga pen\u00ednsula de area, <strong>bosques y rocas y es uno de los destinos tur\u00edsticos m\u00e1s importantes y populares del pa\u00eds. \u00a0\u00a0<\/strong><br \/>\u00a0<br \/>El clima templado, con temperaturas que oscilan entre los 25 y los 32 grados en verano, atrae a viajeros que buscan divertirse, socializar e incluso, qui\u00e9n sabe, un buen coqueteo. \u00a0<strong>El acceso a la ciudad es muy sencillo, ya que est\u00e1 a solo 130 km de la capital Montevideo y cuenta con un moderno sistema de transporte que incluye aeropuertos, puerto deportivo, buses y taxis. <\/strong>\u00a0Incluso, se puede llegar al destino en carro desde Brasil: Punta del Este est\u00e1 a s\u00f3lo 225 km de Chu\u00ed, en Rio Grande do Sul. \u00a0<\/p>\n<h3 style=\"text-align:justify\">Salar de Uyuni, Bolivia\u00a0<\/h3>\n<div class=\"mt-3\" style=\"padding-top: 54.17%; position:relative\">\n\t<picture>&#13;<source srcset=\"data:image\/gif;base64,R0lGODlhAQABAIAAAAAAAP\/\/\/yH5BAEAAAAALAAAAAABAAEAAAIBRAA7\" data-srcset=\"https:\/\/cdn.colombia.com\/sdi\/2022\/09\/12\/conozca-cinco-destinos-para-mochilear-por-america-del-sur-1065686-0.webp\" type=\"image\/webp\" media=\"(max-width:570px)\">&#13;<source srcset=\"data:image\/gif;base64,R0lGODlhAQABAIAAAAAAAP\/\/\/yH5BAEAAAAALAAAAAABAAEAAAIBRAA7\" data-srcset=\"https:\/\/cdn.colombia.com\/sdi\/2022\/09\/12\/conozca-cinco-destinos-para-mochilear-por-america-del-sur-1065686-1.webp\" type=\"image\/webp\">&#13;<source srcset=\"data:image\/gif;base64,R0lGODlhAQABAIAAAAAAAP\/\/\/yH5BAEAAAAALAAAAAABAAEAAAIBRAA7\" data-srcset=\"https:\/\/cdn.colombia.com\/sdi\/2022\/09\/12\/conozca-cinco-destinos-para-mochilear-por-america-del-sur-1065686-0.jpg\" media=\"(max-width:570px)\">&#13;<br \/>\n\t\t<img decoding=\"async\" style=\"position: absolute; top: 0; left:0; bottom:0; right:0;\" class=\"lazy w-100\" src=\"https:\/\/cdn.colombia.com\/sdi\/2022\/09\/12\/conozca-cinco-destinos-para-mochilear-por-america-del-sur-1065686-1.jpg\" alt=\"Salar de Uyuni Bolivia. Foto: Shutterstock\" title=\"Salar de Uyuni Bolivia. Foto: Shutterstock\" width=\"800\" height=\"433\"\/>&#13;<br \/>\n\t<\/source><\/source><\/source><\/picture>\n<\/div>\n<p>Salar de Uyuni Bolivia. Foto: Shutterstock<\/p>\n<p style=\"text-align:justify\">El salar m\u00e1s grande del mundo ya se ha hecho common entre los turistas brasile\u00f1os y, qui\u00e9n no lo period, no puede dejar de ir. \u00a0Ubicado en Uyuni, el sitio tiene m\u00e1s de 10.000 km\u00b2 y <strong>est\u00e1 a unos 3.500 metros sobre el nivel del mar. Es una fuente de minerales como el litio, el magnesio, el potasio y el sodio.\u00a0<\/strong><br \/>\u00a0<br \/>Aunque la mayor\u00eda de los viajeros evitan los per\u00edodos lluviosos para iniciar un viaje, en el Salar de Uyuni esta estaci\u00f3n tiene sus ventajas. Es solo que cuando llueve, el salar se convierte en el espejo m\u00e1s grande del mundo, con una belleza indescriptible. <strong>La mejor \u00e9poca, en este caso, ser\u00eda entre diciembre y marzo, y el recorrido arrojar\u00e1 fotos incre\u00edbles, con un horizonte infinito y una puesta de sol espectacular.<\/strong> \u00a0Pero hay que estar alerta: llegar al Salar de Uyuni tiene sus retos y es importante que te gu\u00eden personas y empresas de confianza.\u00a0<\/p>\n<\/p><\/div>\n\n<p><em> &#8221; Fuentes www.colombia.com &#8221; <\/em><\/p>\n","protected":false},"excerpt":{"rendered":"<p>Sur Am\u00e9rica es uno de los continentes que cuenta con destinos maravillosos por visitar, conocer y disfrutar, gracias a los pisos t\u00e9rmicos que ba\u00f1an los territorios las experiencias por vivir pueden ser extremadamente diferentes, pero igual de placenteras, al igual que la mezcla de culturas y gastronom\u00eda que se tiene por ofrecer, estos y m\u00e1s [&hellip;]<\/p>\n","protected":false},"author":4,"featured_media":386257,"comment_status":"open","ping_status":"closed","sticky":false,"template":"","format":"standard","meta":{"om_disable_all_campaigns":false,"jnews-multi-image_gallery":[],"jnews_single_post":[],"jnews_primary_category":[],"jnews_social_meta":[],"footnotes":""},"categories":[39],"tags":[53347,53349,49491,53348,53350,40262],"class_list":["post-386256","post","type-post","status-publish","format-standard","has-post-thumbnail","hentry","category-viajes","tag-destinos-america","tag-destinos-conocer","tag-destinos-economicos","tag-lugares-conocer-america","tag-lugares-economicos-viajar","tag-viajes-economicos"],"_links":{"self":[{"href":"https:\/\/dimensionturistica.com\/es\/wp-json\/wp\/v2\/posts\/386256","targetHints":{"allow":["GET"]}}],"collection":[{"href":"https:\/\/dimensionturistica.com\/es\/wp-json\/wp\/v2\/posts"}],"about":[{"href":"https:\/\/dimensionturistica.com\/es\/wp-json\/wp\/v2\/types\/post"}],"author":[{"embeddable":true,"href":"https:\/\/dimensionturistica.com\/es\/wp-json\/wp\/v2\/users\/4"}],"replies":[{"embeddable":true,"href":"https:\/\/dimensionturistica.com\/es\/wp-json\/wp\/v2\/comments?post=386256"}],"version-history":[{"count":0,"href":"https:\/\/dimensionturistica.com\/es\/wp-json\/wp\/v2\/posts\/386256\/revisions"}],"wp:featuredmedia":[{"embeddable":true,"href":"https:\/\/dimensionturistica.com\/es\/wp-json\/wp\/v2\/media\/386257"}],"wp:attachment":[{"href":"https:\/\/dimensionturistica.com\/es\/wp-json\/wp\/v2\/media?parent=386256"}],"wp:term":[{"taxonomy":"category","embeddable":true,"href":"https:\/\/dimensionturistica.com\/es\/wp-json\/wp\/v2\/categories?post=386256"},{"taxonomy":"post_tag","embeddable":true,"href":"https:\/\/dimensionturistica.com\/es\/wp-json\/wp\/v2\/tags?post=386256"}],"curies":[{"name":"wp","href":"https:\/\/api.w.org\/{rel}","templated":true}]}}