{"id":386081,"date":"2022-09-13T18:11:57","date_gmt":"2022-09-13T18:11:57","guid":{"rendered":"https:\/\/dimensionturistica.com\/es\/?p=386081"},"modified":"2022-09-13T18:11:57","modified_gmt":"2022-09-13T18:11:57","slug":"arranca-el-giff-su-area-de-formacion-2022-2023-con-el-lanzamiento-del-proyecto-identidad-y-pertenencia","status":"publish","type":"post","link":"https:\/\/dimensionturistica.com\/es\/arranca-el-giff-su-area-de-formacion-2022-2023-con-el-lanzamiento-del-proyecto-identidad-y-pertenencia\/","title":{"rendered":"Arranca el Giff su \u00e1rea de formaci\u00f3n 2022-2023 con el lanzamiento del proyecto \u201cIdentidad y Pertenencia\u201d"},"content":{"rendered":"<p>Los j\u00f3venes universitarios del estado de Guanajuato, podr\u00e1n contar mediante un cortometraje las historias de su<img decoding=\"async\" class=\" wp-image-386181 alignright\" src=\"https:\/\/dimensionturistica.com\/es\/wp-content\/uploads\/2022\/09\/unnamed-33-199x300.jpg\" alt=\"\" width=\"294\" height=\"443\" srcset=\"https:\/\/dimensionturistica.com\/es\/wp-content\/uploads\/2022\/09\/unnamed-33-199x300.jpg 199w, https:\/\/dimensionturistica.com\/es\/wp-content\/uploads\/2022\/09\/unnamed-33-678x1024.jpg 678w, https:\/\/dimensionturistica.com\/es\/wp-content\/uploads\/2022\/09\/unnamed-33-768x1160.jpg 768w, https:\/\/dimensionturistica.com\/es\/wp-content\/uploads\/2022\/09\/unnamed-33-1017x1536.jpg 1017w, https:\/\/dimensionturistica.com\/es\/wp-content\/uploads\/2022\/09\/unnamed-33-750x1132.jpg 750w, https:\/\/dimensionturistica.com\/es\/wp-content\/uploads\/2022\/09\/unnamed-33-1140x1721.jpg 1140w, https:\/\/dimensionturistica.com\/es\/wp-content\/uploads\/2022\/09\/unnamed-33.jpg 1306w\" sizes=\"(max-width: 294px) 100vw, 294px\" \/> reg\u00edan en el certamen de formaci\u00f3n en documental.<br \/>\nEncaminado a su vigesimosexta edici\u00f3n, el Festival Internacional de Cine Guanajuato abre las convocatorias para su \u00e1rea de Formaci\u00f3n: una de las facetas m\u00e1s importantes que ofrece el Festival para fortalecer a nuestra industria audiovisual y profesionalizar a sus futuros protagonistas. Si eres un joven apasionado por el cine, esta es una oportunidad \u00fanica para ejercitar tus herramientas en un entorno competitivo de primer nivel.<br \/>\nEl 13er Concurso de Documental Universitario Identidad y Pertenencia esta\u00b4 dirigido a los j\u00f3venes universitarios guanajuatenses que busquen desarrollar un proyecto f\u00edlmico para rescatar las historias de su entorno, usando la gran pantalla como un espejo que ayude a reflexionar seriamente sobre los lazos que conectan a su comunidad. De esta manera, el arte demuestra su capacidad para construir y sanar el tejido social.<br \/>\nLa convocatoria para Identidad y Pertenencia estar\u00e1\u00b4 abierta del 7 de septiembre al 1 de diciembre del 2022 y las bases se pueden consultar tanto en la pagina del Festival giff.mx como en sus redes sociales. Ser\u00e1n seleccionados 6 equipos conformados por 10 universitarios, sin importar la carrera que este\u00b4n cursando. Al ser elegidos, los equipos entraran en un proceso de capacitaci\u00f3n cinematogr\u00e1fica conformado por 25 talleres y se adentraran en el desarrollo de su documental junto a profesionales de la<img decoding=\"async\" class=\"size-medium wp-image-386182 alignright\" src=\"https:\/\/dimensionturistica.com\/es\/wp-content\/uploads\/2022\/09\/GIFF1-300x200.jpg\" alt=\"\" width=\"300\" height=\"200\" srcset=\"https:\/\/dimensionturistica.com\/es\/wp-content\/uploads\/2022\/09\/GIFF1-300x200.jpg 300w, https:\/\/dimensionturistica.com\/es\/wp-content\/uploads\/2022\/09\/GIFF1.jpg 450w\" sizes=\"(max-width: 300px) 100vw, 300px\" \/> industria f\u00edlmica.<br \/>\nA finales de este mes se lanzara\u00b4 tambi\u00e9n la convocatoria correspondiente al 14to Concurso de Rally Universitario, el cual ofrece cada a\u00f1o a los j\u00f3venes de todo M\u00e9xico el reto de concretar un cortometraje en so\u00b4lo 48 horas, usando como locaci\u00f3n la belleza de las ciudades guanajuatenses.<br \/>\nLas pel\u00edculas resultantes del concurso Documental Identidad y Pertenencia son elaboradas y acompa\u00f1adas para lograr los m\u00e1s altos est\u00e1ndares de calidad, por lo que han resultado seleccionadas en festivales de todo el mundo y reconocidas a nivel internacional. De esta manera sus art\u00edfices se convierten en embajadores de su reg\u00edan ante el mundo, promoviendo el atractivo universal de las historias locales.<br \/>\n\u00a1No te quedes Fuera! #GIFF 2023<br \/>\n@giffmx<\/p>\n","protected":false},"excerpt":{"rendered":"<p>Los j\u00f3venes universitarios del estado de Guanajuato, podr\u00e1n contar mediante un cortometraje las historias de su reg\u00edan en el certamen de formaci\u00f3n en documental. Encaminado a su vigesimosexta edici\u00f3n, el Festival Internacional de Cine Guanajuato abre las convocatorias para su \u00e1rea de Formaci\u00f3n: una de las facetas m\u00e1s importantes que ofrece el Festival para fortalecer [&hellip;]<\/p>\n","protected":false},"author":1,"featured_media":386183,"comment_status":"open","ping_status":"closed","sticky":false,"template":"","format":"standard","meta":{"om_disable_all_campaigns":false,"jnews-multi-image_gallery":[],"jnews_single_post":{"source_name":"","source_url":"","via_name":"","via_url":"","override_template":"0","override":[{"template":"1","single_blog_custom":"","parallax":"1","fullscreen":"1","layout":"right-sidebar","sidebar":"default-sidebar","second_sidebar":"default-sidebar","sticky_sidebar":"1","share_position":"top","share_float_style":"share-monocrhome","show_share_counter":"1","show_view_counter":"1","show_featured":"1","show_post_meta":"1","show_post_author":"1","show_post_author_image":"1","show_post_date":"1","post_date_format":"default","post_date_format_custom":"Y\/m\/d","show_post_category":"1","show_post_reading_time":"0","post_reading_time_wpm":"300","show_zoom_button":"0","zoom_button_out_step":"2","zoom_button_in_step":"3","show_post_tag":"1","show_prev_next_post":"1","show_popup_post":"1","number_popup_post":"1","show_author_box":"0","show_post_related":"0","show_inline_post_related":"0"}],"override_image_size":"0","image_override":[{"single_post_thumbnail_size":"crop-500","single_post_gallery_size":"crop-500"}],"trending_post":"0","trending_post_position":"meta","trending_post_label":"Trending","sponsored_post":"0","sponsored_post_label":"Sponsored by","sponsored_post_name":"","sponsored_post_url":"","sponsored_post_logo_enable":"0","sponsored_post_logo":"","sponsored_post_desc":"","disable_ad":"0"},"jnews_primary_category":{"id":""},"jnews_social_meta":{"fb_title":"","fb_description":"","fb_image":"","twitter_title":"","twitter_description":"","twitter_image":""},"footnotes":""},"categories":[40],"tags":[],"class_list":["post-386081","post","type-post","status-publish","format-standard","has-post-thumbnail","hentry","category-industria"],"_links":{"self":[{"href":"https:\/\/dimensionturistica.com\/es\/wp-json\/wp\/v2\/posts\/386081","targetHints":{"allow":["GET"]}}],"collection":[{"href":"https:\/\/dimensionturistica.com\/es\/wp-json\/wp\/v2\/posts"}],"about":[{"href":"https:\/\/dimensionturistica.com\/es\/wp-json\/wp\/v2\/types\/post"}],"author":[{"embeddable":true,"href":"https:\/\/dimensionturistica.com\/es\/wp-json\/wp\/v2\/users\/1"}],"replies":[{"embeddable":true,"href":"https:\/\/dimensionturistica.com\/es\/wp-json\/wp\/v2\/comments?post=386081"}],"version-history":[{"count":0,"href":"https:\/\/dimensionturistica.com\/es\/wp-json\/wp\/v2\/posts\/386081\/revisions"}],"wp:featuredmedia":[{"embeddable":true,"href":"https:\/\/dimensionturistica.com\/es\/wp-json\/wp\/v2\/media\/386183"}],"wp:attachment":[{"href":"https:\/\/dimensionturistica.com\/es\/wp-json\/wp\/v2\/media?parent=386081"}],"wp:term":[{"taxonomy":"category","embeddable":true,"href":"https:\/\/dimensionturistica.com\/es\/wp-json\/wp\/v2\/categories?post=386081"},{"taxonomy":"post_tag","embeddable":true,"href":"https:\/\/dimensionturistica.com\/es\/wp-json\/wp\/v2\/tags?post=386081"}],"curies":[{"name":"wp","href":"https:\/\/api.w.org\/{rel}","templated":true}]}}