{"id":385983,"date":"2022-09-13T11:01:13","date_gmt":"2022-09-13T11:01:13","guid":{"rendered":"https:\/\/dimensionturistica.com\/es\/?p=385983"},"modified":"2022-09-13T11:01:13","modified_gmt":"2022-09-13T11:01:13","slug":"vicky-foods-presenta-fitz","status":"publish","type":"post","link":"https:\/\/dimensionturistica.com\/es\/vicky-foods-presenta-fitz\/","title":{"rendered":"Vicky Foods presenta FIT\u00b4z"},"content":{"rendered":"<p> <br \/>\n<\/p>\n<div>\n<div>\n<p><strong>Vicky Meals ha anunciado el lanzamiento de su nueva marca de  precocinados congelados que ha empezado a comercializar con el nombre de FIT\u00b4z.<\/strong>  Un nuevo proyecto con el que la compa\u00f1\u00eda se adentra en el negocio de los  congelados y que se enmarca en su plan de diversificaci\u00f3n con el que busca  cubrir las necesidades de sus consumidores y clientes.<\/p>\n<p><strong>De esta manera, FIT\u00b4z est\u00e1 compuesto por un cat\u00e1logo con dos  surtidos diferenciados tanto en productos como en formatos<\/strong>: uno especializado  en el canal de alimentaci\u00f3n y otro para Horeca. <strong>En whole m\u00e1s de 30 referencias <\/strong>de  entre las que destacan desde diferentes variedades de croquetas, churros,  rabas, empanados de pechuga de pollo, nuggets, san jacobos, fingers de  mozzarella, palomitas de pollo, varitas de merluza, saquitos de marisco,  twisters de langostino, boquerones, anillas y puntillas enharinados, pimientos  rellenos de bacalao, piruletas de langostino, cocktail de setas, queso camembert  empanado, mejillones tigre, colas de gamba rebozadas hasta ensalada de  cangrejo.\u00a0 <\/p>\n<p><strong>La comercializaci\u00f3n de FIT`z ya ha comenzado en los canales  de alimentaci\u00f3n y hosteler\u00eda, donde la marca intensificar\u00e1 sus esfuerzos en el  medio plazo.<\/strong> Adem\u00e1s, siguiendo el plan de expansi\u00f3n dise\u00f1ado por Vicky Meals,  el pr\u00f3ximo a\u00f1o ser\u00e1 su presentaci\u00f3n internacional con el lanzamiento en  Portugal, Francia y Reino Unido.\u00a0<\/p>\n<\/p><\/div>\n<p> <!-- article-content --><\/p><\/div>\n\n<p><em> \u2018 The preceding article may include information circulated by third parties \u2019 <\/em><\/p>\n<p><em> \u2018 Some details of this article were extracted from the following source www.revistaaral.com \u2019 <\/em><\/p>\n","protected":false},"excerpt":{"rendered":"<p>Vicky Meals ha anunciado el lanzamiento de su nueva marca de precocinados congelados que ha empezado a comercializar con el nombre de FIT\u00b4z. Un nuevo proyecto con el que la compa\u00f1\u00eda se adentra en el negocio de los congelados y que se enmarca en su plan de diversificaci\u00f3n con el que busca cubrir las necesidades [&hellip;]<\/p>\n","protected":false},"author":2,"featured_media":385984,"comment_status":"open","ping_status":"closed","sticky":false,"template":"","format":"standard","meta":{"om_disable_all_campaigns":false,"jnews-multi-image_gallery":[],"jnews_single_post":[],"jnews_primary_category":[],"jnews_social_meta":[],"footnotes":""},"categories":[43],"tags":[],"class_list":["post-385983","post","type-post","status-publish","format-standard","has-post-thumbnail","hentry","category-gourmet"],"_links":{"self":[{"href":"https:\/\/dimensionturistica.com\/es\/wp-json\/wp\/v2\/posts\/385983","targetHints":{"allow":["GET"]}}],"collection":[{"href":"https:\/\/dimensionturistica.com\/es\/wp-json\/wp\/v2\/posts"}],"about":[{"href":"https:\/\/dimensionturistica.com\/es\/wp-json\/wp\/v2\/types\/post"}],"author":[{"embeddable":true,"href":"https:\/\/dimensionturistica.com\/es\/wp-json\/wp\/v2\/users\/2"}],"replies":[{"embeddable":true,"href":"https:\/\/dimensionturistica.com\/es\/wp-json\/wp\/v2\/comments?post=385983"}],"version-history":[{"count":0,"href":"https:\/\/dimensionturistica.com\/es\/wp-json\/wp\/v2\/posts\/385983\/revisions"}],"wp:featuredmedia":[{"embeddable":true,"href":"https:\/\/dimensionturistica.com\/es\/wp-json\/wp\/v2\/media\/385984"}],"wp:attachment":[{"href":"https:\/\/dimensionturistica.com\/es\/wp-json\/wp\/v2\/media?parent=385983"}],"wp:term":[{"taxonomy":"category","embeddable":true,"href":"https:\/\/dimensionturistica.com\/es\/wp-json\/wp\/v2\/categories?post=385983"},{"taxonomy":"post_tag","embeddable":true,"href":"https:\/\/dimensionturistica.com\/es\/wp-json\/wp\/v2\/tags?post=385983"}],"curies":[{"name":"wp","href":"https:\/\/api.w.org\/{rel}","templated":true}]}}