{"id":385844,"date":"2022-09-13T05:51:10","date_gmt":"2022-09-13T05:51:10","guid":{"rendered":"https:\/\/dimensionturistica.com\/es\/?p=385844"},"modified":"2022-09-13T05:51:10","modified_gmt":"2022-09-13T05:51:10","slug":"vallarta-nayarit-gastronomica-estara-dedicado-a-la-sostenibilidad","status":"publish","type":"post","link":"https:\/\/dimensionturistica.com\/es\/vallarta-nayarit-gastronomica-estara-dedicado-a-la-sostenibilidad\/","title":{"rendered":"Vallarta Nayarit Gastron\u00f3mica estar\u00e1 dedicado a la sostenibilidad"},"content":{"rendered":"<p> <br \/>\n<\/p>\n<div>\n<p style=\"text-align: justify;\">Tras dos a\u00f1os de llevarse a cabo de forma h\u00edbrida, el pageant Vallarta Nayarit Gastron\u00f3mica volver\u00e1 a<strong> reunir a las principales figuras del mundo gastron\u00f3mico del pa\u00eds<\/strong>. La agenda incluye<strong> eventos acad\u00e9micos, cenas de antolog\u00eda y experiencias \u00fanicas.<\/strong> \u00a1Conoce lo que te espera y ve cu\u00e1ndo se va a celebrar!\u00a0<em>Fotos: Cortes\u00eda.<\/em><\/p>\n<p>\u00a0<\/p>\n<h2>Cuatro d\u00edas para aprender y compartir<\/h2>\n<p>\u00a0<\/p>\n<p style=\"text-align: justify;\"><strong>Anota en tu agenda que del 12 al 18 de octubre<\/strong>, Puerto Vallarta se convertir\u00e1 en el <strong>epicentro gastron\u00f3mico de M\u00e9xico<\/strong> con la celebraci\u00f3n de Vallarta Nayarit Gastron\u00f3mica, una cita que reunir\u00e1 a <strong>acad\u00e9micos, <em>sommeliers<\/em>, mix\u00f3logos, empresarios<\/strong> y <strong>cooks<\/strong> de alt\u00edsima categor\u00eda. La sede ser\u00e1 en el lodge <a target=\"_blank\" href=\"https:\/\/sheratonvallartaallinclusive.com\/\" rel=\"noopener\"><strong><em>Sheraton Buganvilias Puerto Vallarta<\/em><\/strong><\/a>, y tendr\u00e1 como eje conductor la <strong>sostenibilidad aplicada a las industrias tur\u00edstica y gastron\u00f3mica<\/strong>.<\/p>\n<p>\u00a0<\/p>\n<p style=\"text-align: justify;\"><img loading=\"lazy\" decoding=\"async\" alt=\"Vallarta Nayarit Gastron\u00f3mica\" width=\"1920\" height=\"1280\" srcset=\"https:\/\/foodandtravel.mx\/wp-content\/uploads\/2020\/10\/Vallarta-Nayarit-gastronomica-Platillo.jpg 1920w, https:\/\/foodandtravel.mx\/wp-content\/uploads\/2020\/10\/Vallarta-Nayarit-gastronomica-Platillo-300x200.jpg 300w, https:\/\/foodandtravel.mx\/wp-content\/uploads\/2020\/10\/Vallarta-Nayarit-gastronomica-Platillo-1024x683.jpg 1024w, https:\/\/foodandtravel.mx\/wp-content\/uploads\/2020\/10\/Vallarta-Nayarit-gastronomica-Platillo-768x512.jpg 768w, https:\/\/foodandtravel.mx\/wp-content\/uploads\/2020\/10\/Vallarta-Nayarit-gastronomica-Platillo-1536x1024.jpg 1536w\" src=\"https:\/\/foodandtravel.mx\/wp-content\/uploads\/2020\/10\/Vallarta-Nayarit-gastronomica-Platillo.jpg\" data-sizes=\"(max-width: 1920px) 100vw, 1920px\" class=\"img-fluid align-img w-75 alignnone size-full wp-image-126482 lazyload\" bad-src=\"data:image\/gif;base64,R0lGODlhAQABAAAAACH5BAEKAAEALAAAAAABAAEAAAICTAEAOw==\"\/><noscript><img decoding=\"async\" class=\"img-fluid align-img w-75 alignnone size-full wp-image-126482\" src=\"https:\/\/foodandtravel.mx\/wp-content\/uploads\/2020\/10\/Vallarta-Nayarit-gastronomica-Platillo.jpg\" alt=\"Vallarta Nayarit Gastron\u00f3mica\" width=\"1920\" height=\"1280\" srcset=\"https:\/\/foodandtravel.mx\/wp-content\/uploads\/2020\/10\/Vallarta-Nayarit-gastronomica-Platillo.jpg 1920w, https:\/\/foodandtravel.mx\/wp-content\/uploads\/2020\/10\/Vallarta-Nayarit-gastronomica-Platillo-300x200.jpg 300w, https:\/\/foodandtravel.mx\/wp-content\/uploads\/2020\/10\/Vallarta-Nayarit-gastronomica-Platillo-1024x683.jpg 1024w, https:\/\/foodandtravel.mx\/wp-content\/uploads\/2020\/10\/Vallarta-Nayarit-gastronomica-Platillo-768x512.jpg 768w, https:\/\/foodandtravel.mx\/wp-content\/uploads\/2020\/10\/Vallarta-Nayarit-gastronomica-Platillo-1536x1024.jpg 1536w\" sizes=\"(max-width: 1920px) 100vw, 1920px\"\/><\/noscript><\/p>\n<p>\u00a0<\/p>\n<p style=\"text-align: justify;\">Durante estas cuatro jornadas, los asistentes podr\u00e1n participar en <strong>talleres de cocina, ch<\/strong><strong>arlas magistrales, catas premium, cenas maridaje<\/strong> y <strong>encuentros de <em>networking<\/em><\/strong><em>.<\/em> Cabe destacar que los primeros dos d\u00edas estar\u00e1n dedicados a <strong>reflexionar sobre sostenibilidad, pesca y ganader\u00eda sustentable<\/strong> a trav\u00e9s de charlas y <em>workshops<\/em>. As\u00ed, destaca la conferencia inaugural de Vallarta Nayarit Gastron\u00f3mica, que ser\u00e1 impartida por <strong>Joxe Mari Aziega<\/strong>, director del reconocido <a target=\"_blank\" href=\"https:\/\/www.bculinary.com\/es\/home\" rel=\"noopener\"><strong><em>Basque Culinary Center <\/em><\/strong><\/a>y que sin duda, no te podr\u00e1s perder.<\/p>\n<p>\u00a0<\/p>\n<h2>Mesas repletas de estrellas en Vallarta Nayarit Gastron\u00f3mica<\/h2>\n<p>\u00a0<\/p>\n<p style=\"text-align: justify;\">Otro de los detalles que hace \u00fanico el pageant Vallarta Nayarit Gastron\u00f3mica, es que sentar\u00e1 precedente al convertirse en <strong>el evento que reunir\u00e1 a m\u00e1s estrellas Michelin en M\u00e9xico<\/strong>, gracias a la participaci\u00f3n de cooks como <strong>Dominique Crenn, Diego Gallegos, Kisko Garc\u00eda y Carlos Gayt\u00e1n<\/strong>.<\/p>\n<p>\u00a0<\/p>\n<p style=\"text-align: justify;\"><img loading=\"lazy\" decoding=\"async\" alt=\"Festival Vallarta Nayarit Gastron\u00f3mica\" width=\"1915\" height=\"1060\" srcset=\"https:\/\/foodandtravel.mx\/wp-content\/uploads\/2018\/10\/Gastronomica-Vallarta-Nayarit-Oct-20180101000015-e1540234327631.jpg 1915w, https:\/\/foodandtravel.mx\/wp-content\/uploads\/2018\/10\/Gastronomica-Vallarta-Nayarit-Oct-20180101000015-e1540234327631-450x249.jpg 450w, https:\/\/foodandtravel.mx\/wp-content\/uploads\/2018\/10\/Gastronomica-Vallarta-Nayarit-Oct-20180101000015-e1540234327631-1024x567.jpg 1024w, https:\/\/foodandtravel.mx\/wp-content\/uploads\/2018\/10\/Gastronomica-Vallarta-Nayarit-Oct-20180101000015-e1540234327631-768x425.jpg 768w, https:\/\/foodandtravel.mx\/wp-content\/uploads\/2018\/10\/Gastronomica-Vallarta-Nayarit-Oct-20180101000015-e1540234327631-1536x850.jpg 1536w, https:\/\/foodandtravel.mx\/wp-content\/uploads\/2018\/10\/Gastronomica-Vallarta-Nayarit-Oct-20180101000015-e1540234327631-300x166.jpg 300w\" src=\"https:\/\/foodandtravel.mx\/wp-content\/uploads\/2018\/10\/Gastronomica-Vallarta-Nayarit-Oct-20180101000015-e1540234327631.jpg\" data-sizes=\"(max-width: 1915px) 100vw, 1915px\" class=\"img-fluid align-img w-75 alignnone size-full wp-image-82905 lazyload\" bad-src=\"data:image\/gif;base64,R0lGODlhAQABAAAAACH5BAEKAAEALAAAAAABAAEAAAICTAEAOw==\"\/><noscript><img decoding=\"async\" class=\"img-fluid align-img w-75 alignnone size-full wp-image-82905\" src=\"https:\/\/foodandtravel.mx\/wp-content\/uploads\/2018\/10\/Gastronomica-Vallarta-Nayarit-Oct-20180101000015-e1540234327631.jpg\" alt=\"Festival Vallarta Nayarit Gastron\u00f3mica\" width=\"1915\" height=\"1060\" srcset=\"https:\/\/foodandtravel.mx\/wp-content\/uploads\/2018\/10\/Gastronomica-Vallarta-Nayarit-Oct-20180101000015-e1540234327631.jpg 1915w, https:\/\/foodandtravel.mx\/wp-content\/uploads\/2018\/10\/Gastronomica-Vallarta-Nayarit-Oct-20180101000015-e1540234327631-450x249.jpg 450w, https:\/\/foodandtravel.mx\/wp-content\/uploads\/2018\/10\/Gastronomica-Vallarta-Nayarit-Oct-20180101000015-e1540234327631-1024x567.jpg 1024w, https:\/\/foodandtravel.mx\/wp-content\/uploads\/2018\/10\/Gastronomica-Vallarta-Nayarit-Oct-20180101000015-e1540234327631-768x425.jpg 768w, https:\/\/foodandtravel.mx\/wp-content\/uploads\/2018\/10\/Gastronomica-Vallarta-Nayarit-Oct-20180101000015-e1540234327631-1536x850.jpg 1536w, https:\/\/foodandtravel.mx\/wp-content\/uploads\/2018\/10\/Gastronomica-Vallarta-Nayarit-Oct-20180101000015-e1540234327631-300x166.jpg 300w\" sizes=\"(max-width: 1915px) 100vw, 1915px\"\/><\/noscript><\/p>\n<p>\u00a0<\/p>\n<p style=\"text-align: justify;\">Adem\u00e1s, tambi\u00e9n se contar\u00e1 con la presencia de cocineros cuyos establecimientos punt\u00faan en <strong>The World\u2019s 50 Finest Eating places<\/strong> y <strong>Latin America\u2019s 50 Finest Eating places<\/strong>, como: <strong>Daniela Soto-Innes, Gerardo V\u00e1zquez Lugo y Pablo Salas<\/strong>. Otros reconocidos mexicanos presentes ser\u00e1n <strong>Abel Hern\u00e1ndez<\/strong>, <strong>Gaby Ruiz y\u00a0<\/strong>los\u00a0<em>bartenders<\/em> <strong>Erik Van Beek<\/strong> y <strong>Javier Rodr\u00edguez,<\/strong> del premiado <a target=\"_blank\" href=\"https:\/\/www.instagram.com\/handshake_bar\/?hl=es\" rel=\"noopener\"><em><strong>Handshake Speakeasy<\/strong><\/em><\/a>.<\/p>\n<p style=\"text-align: justify;\">De esta forma, en Vallarta Nayarit Gastron\u00f3mica se reunir\u00e1n <strong>45 cocineros y bartenders de clase mundial<\/strong>, cuyas actividades atraer\u00e1n una ocupaci\u00f3n whole de <strong>5 mil cuartos en Puerto Vallarta<\/strong>. \u00a1No te lo puedes perder!<\/p>\n<p>\u00a0<\/p>\n<p><img loading=\"lazy\" decoding=\"async\" alt=\"Vallarta Nayarit Gastron\u00f3mica\" width=\"1920\" height=\"1272\" srcset=\"https:\/\/foodandtravel.mx\/wp-content\/uploads\/2022\/09\/Vallarta-Nayarit-Gastronomica-Arcos.jpg 1920w, https:\/\/foodandtravel.mx\/wp-content\/uploads\/2022\/09\/Vallarta-Nayarit-Gastronomica-Arcos-450x298.jpg 450w, https:\/\/foodandtravel.mx\/wp-content\/uploads\/2022\/09\/Vallarta-Nayarit-Gastronomica-Arcos-1024x678.jpg 1024w, https:\/\/foodandtravel.mx\/wp-content\/uploads\/2022\/09\/Vallarta-Nayarit-Gastronomica-Arcos-768x509.jpg 768w, https:\/\/foodandtravel.mx\/wp-content\/uploads\/2022\/09\/Vallarta-Nayarit-Gastronomica-Arcos-1536x1018.jpg 1536w\" src=\"https:\/\/foodandtravel.mx\/wp-content\/uploads\/2022\/09\/Vallarta-Nayarit-Gastronomica-Arcos.jpg\" data-sizes=\"(max-width: 1920px) 100vw, 1920px\" class=\"img-fluid align-img w-75 size-full wp-image-171620 aligncenter lazyload\" bad-src=\"data:image\/gif;base64,R0lGODlhAQABAAAAACH5BAEKAAEALAAAAAABAAEAAAICTAEAOw==\"\/><noscript><img decoding=\"async\" class=\"img-fluid align-img w-75 size-full wp-image-171620 aligncenter\" src=\"https:\/\/foodandtravel.mx\/wp-content\/uploads\/2022\/09\/Vallarta-Nayarit-Gastronomica-Arcos.jpg\" alt=\"Vallarta Nayarit Gastron\u00f3mica\" width=\"1920\" height=\"1272\" srcset=\"https:\/\/foodandtravel.mx\/wp-content\/uploads\/2022\/09\/Vallarta-Nayarit-Gastronomica-Arcos.jpg 1920w, https:\/\/foodandtravel.mx\/wp-content\/uploads\/2022\/09\/Vallarta-Nayarit-Gastronomica-Arcos-450x298.jpg 450w, https:\/\/foodandtravel.mx\/wp-content\/uploads\/2022\/09\/Vallarta-Nayarit-Gastronomica-Arcos-1024x678.jpg 1024w, https:\/\/foodandtravel.mx\/wp-content\/uploads\/2022\/09\/Vallarta-Nayarit-Gastronomica-Arcos-768x509.jpg 768w, https:\/\/foodandtravel.mx\/wp-content\/uploads\/2022\/09\/Vallarta-Nayarit-Gastronomica-Arcos-1536x1018.jpg 1536w\" sizes=\"(max-width: 1920px) 100vw, 1920px\"\/><\/noscript><\/p>\n<p>\u00a0<\/p>\n<p style=\"text-align: justify;\">\u00bfQuieres ser parte de esta fiesta gastron\u00f3mica? Entonces debes saber que <strong>el pageant tendr\u00e1 diferentes precios<\/strong>, que depender\u00e1n del tipo de programa y eventos que elijas,\u00a0mismos que podr\u00e1s consultar en <a target=\"_blank\" href=\"https:\/\/vallartanayaritgastronomica.com\/\" rel=\"noopener\"><em><strong>su p\u00e1gina web<\/strong><\/em><\/a>.<\/p>\n<p style=\"text-align: justify;\">Mantente al tanto previo al evento y echa un vistazo a sus <strong>redes sociales<\/strong>: en Instagram est\u00e1 como\u00a0<strong><em><a target=\"_blank\" href=\"https:\/\/www.instagram.com\/vallarta.nayarit.gastronomica\/?hl=es\" rel=\"noopener\">vallarta.nayarit.gastronomica. <\/a><\/em><\/strong><\/p>\n<p style=\"text-align: justify;\">\u00a1Nos vemos pronto en el Pac\u00edfico mexicano!<\/p>\n<p style=\"text-align: justify;\">Recuerda algunas de las<a target=\"_blank\" href=\"https:\/\/foodandtravel.mx\/vallarta-nayarit-gastronomica-estrenara-version-hibrida\/\" rel=\"noopener\"><em><strong> ediciones pasadas<\/strong><\/em><\/a> de este reconocido pageant gastron\u00f3mico.<\/p>\n<\/p><\/div>\n<p><script async defer src=\"https:\/\/platform.instagram.com\/en_US\/embeds.js\"><\/script><br \/>\n<br \/><\/p>\n<p><em> \u2018 The preceding article may include information circulated by third parties \u2019 <\/em><\/p>\n<p><em> \u2018 Some details of this article were extracted from the following source foodandtravel.mx \u2019 <\/em><\/p>\n","protected":false},"excerpt":{"rendered":"<p>Tras dos a\u00f1os de llevarse a cabo de forma h\u00edbrida, el pageant Vallarta Nayarit Gastron\u00f3mica volver\u00e1 a reunir a las principales figuras del mundo gastron\u00f3mico del pa\u00eds. La agenda incluye eventos acad\u00e9micos, cenas de antolog\u00eda y experiencias \u00fanicas. \u00a1Conoce lo que te espera y ve cu\u00e1ndo se va a celebrar!\u00a0Fotos: Cortes\u00eda. \u00a0 Cuatro d\u00edas para [&hellip;]<\/p>\n","protected":false},"author":2,"featured_media":385845,"comment_status":"open","ping_status":"closed","sticky":false,"template":"","format":"standard","meta":{"om_disable_all_campaigns":false,"jnews-multi-image_gallery":[],"jnews_single_post":[],"jnews_primary_category":[],"jnews_social_meta":[],"footnotes":""},"categories":[43],"tags":[],"class_list":["post-385844","post","type-post","status-publish","format-standard","has-post-thumbnail","hentry","category-gourmet"],"_links":{"self":[{"href":"https:\/\/dimensionturistica.com\/es\/wp-json\/wp\/v2\/posts\/385844","targetHints":{"allow":["GET"]}}],"collection":[{"href":"https:\/\/dimensionturistica.com\/es\/wp-json\/wp\/v2\/posts"}],"about":[{"href":"https:\/\/dimensionturistica.com\/es\/wp-json\/wp\/v2\/types\/post"}],"author":[{"embeddable":true,"href":"https:\/\/dimensionturistica.com\/es\/wp-json\/wp\/v2\/users\/2"}],"replies":[{"embeddable":true,"href":"https:\/\/dimensionturistica.com\/es\/wp-json\/wp\/v2\/comments?post=385844"}],"version-history":[{"count":0,"href":"https:\/\/dimensionturistica.com\/es\/wp-json\/wp\/v2\/posts\/385844\/revisions"}],"wp:featuredmedia":[{"embeddable":true,"href":"https:\/\/dimensionturistica.com\/es\/wp-json\/wp\/v2\/media\/385845"}],"wp:attachment":[{"href":"https:\/\/dimensionturistica.com\/es\/wp-json\/wp\/v2\/media?parent=385844"}],"wp:term":[{"taxonomy":"category","embeddable":true,"href":"https:\/\/dimensionturistica.com\/es\/wp-json\/wp\/v2\/categories?post=385844"},{"taxonomy":"post_tag","embeddable":true,"href":"https:\/\/dimensionturistica.com\/es\/wp-json\/wp\/v2\/tags?post=385844"}],"curies":[{"name":"wp","href":"https:\/\/api.w.org\/{rel}","templated":true}]}}