{"id":385706,"date":"2022-09-12T23:01:02","date_gmt":"2022-09-12T23:01:02","guid":{"rendered":"https:\/\/dimensionturistica.com\/es\/?p=385706"},"modified":"2022-09-12T23:01:02","modified_gmt":"2022-09-12T23:01:02","slug":"aromas-de-una-buena-berza-gitana-de-jerez-para-angel-leon","status":"publish","type":"post","link":"https:\/\/dimensionturistica.com\/es\/aromas-de-una-buena-berza-gitana-de-jerez-para-angel-leon\/","title":{"rendered":"Aromas de una buena berza gitana de Jerez para \u00c1ngel Le\u00f3n&#8230;"},"content":{"rendered":"<p> <br \/>\n<\/p>\n<div>\n<p>\u00c1ngel Le\u00f3n tiene la suerte de poder hacer lo que le gusta y contar con los mejores recursos para ello, el sue\u00f1o de cualquier ser humano lo cumple este cocinero autobautizado como chef del mar.<\/p>\n<p>Le\u00f3n supo dar un golpe de tim\u00f3n a su vida y ahora navega en libertad dando rienda suelta a la creatividad e impulsando concepts gastron\u00f3micas atrevidas y profundamente respetuosas con el medio ambiente.<\/p>\n<p>Solo a \u00c1ngel Le\u00f3n se le pod\u00eda ocurrir organizar <b><i>\u201cDespesques 2022. Un espacio libre para la mente, 3\u00a0\u00a0 para nosotros<\/i><\/b>\u201d, en pleno en pleno coraz\u00f3n del Parque Pure de Los Alcornocales, con la participaci\u00f3n de m\u00e1s de 80 cocineros de Espa\u00f1a y otros 15 pa\u00edses, llamados a \u2018despescar sus almas\u2019, y encima con los restos de un hurac\u00e1n tropical acariciando las crestas de los \u00e1rboles.<\/p>\n<p>Este es el sugerente punto de partida con el que el cocinero ha dado la bienvenida a los invitados a Despesques 2022, el foro de debate internacional que se celebra hasta ma\u00f1ana mi\u00e9rcoles en el espacio Wakana, en el t\u00e9rmino municipal de Benalup Casas Viejas,.<\/p>\n<h3><strong>El sello de Jerez<\/strong><\/h3>\n<p>Para el almuerzo, las mujeres del barrio de Santiago de Jerez de la Frontera prepararon unos guisos gitanos en el marco del proyecto de la fundaci\u00f3n Reale &#8220;para encauzar todo el talento de este enclave que es ni m\u00e1s ni menos que la cuna del flamenco&#8221;. Durante el almuerzo tambi\u00e9n se hizo un homenaje a los esteros con lubinas de Lubimar, en el que tambi\u00e9n participaron Los Marinos Jos\u00e9, Tohqa, Berd\u00f3, Kaleja y Aponiente.<\/p>\n<div class=\"c-mainarticle__main-media\" data-ck-asset-wrapper=\"\">\n<figure class=\"c-mainarticle__fig\"><img decoding=\"async\" alt=\"Ambiente de la carpa en el original evento gastron\u00f3mico de \u00c1ngel Le\u00f3n. DESPESQUES\" data-id=\"1159721\" data-resize=\"5\" height=\"378\" src=\"https:\/\/www.lavozdelsur.es\/uploads\/s1\/11\/59\/72\/4\/ambiente-carpa_5_659x378.jpeg\" title=\"Ambiente de la carpa en el original evento gastron\u00f3mico de \u00c1ngel Le\u00f3n. DESPESQUES\" width=\"659\"\/><figcaption class=\"c-mainarticle__cap\">Ambiente de la carpa en el authentic evento gastron\u00f3mico de \u00c1ngel Le\u00f3n.<strong> DESPESQUES<\/strong><\/figcaption><\/figure>\n<\/div>\n<p>Tras la comida todos disfrutaron de la actuaci\u00f3n de un cuadro flamenco, con la actuaci\u00f3n, entre otros de Luis El Zambo, Tia Juana del Pipa, Felipa del Moreno, Maloko, Fernando Soto, Pepe del Morao, Jose Galvez, Tata Yoya y Merci del chicharo, todos del barrio de Santiago de Jerez de la Frontera<b>. <\/b><\/p>\n<p>Los asistentes disfrutaron de una ponencia de Emilio Dur\u00f3 Imperfectxs by Cervezas 1906 sobre el concepto de la felicidad, que continu\u00f3 con una cena con las manos en la que cocinaron grandes figuras de la gastronom\u00eda nacional como Jordi Roca, Rafa Zafra, Francis Paniego, Nacho Manzano, o Luis Lera.<\/p>\n<p>La siguiente jornada se inaugur\u00f3 con diferentes charlas que buscaban transmitir un mensaje positivo, y que fueron impartidas por el ocean\u00f3grafo Carlos Duarte, que habl\u00f3 sobre la reconstrucci\u00f3n de la biodiversidad marina, el alpinista Sebasti\u00e1n \u00c1lvaro Lomba motiv\u00e1ndonos a aplicar los valores del alpinismo en nuestra vida cotidiana, como el compa\u00f1erismo, el sacrificio o el esfuerzo, y el m\u00e9dico Mario Alonso Puig que destac\u00f3 la importancia de valorar lo que somos, y no lo que tenemos. Las actuaciones de Jorge Pardo, Lin Corte\u0301s, Malva Vela y Marina Sabadell, han acompa\u00f1ado el programa de la ma\u00f1ana.<\/p>\n<div class=\"c-mainarticle__main-media\" data-ck-asset-wrapper=\"\">\n<figure class=\"c-mainarticle__fig\"><img decoding=\"async\" alt=\"El m\u00e9dico Mario Alonso Puig. DESPESQUES\" data-id=\"1159737\" data-resize=\"5\" height=\"378\" src=\"https:\/\/www.lavozdelsur.es\/uploads\/s1\/11\/59\/74\/0\/mario-alonso-puig-ponente_5_659x378.jpeg\" title=\"El m\u00e9dico Mario Alonso Puig. DESPESQUES\" width=\"659\"\/><figcaption class=\"c-mainarticle__cap\">El m\u00e9dico Mario Alonso Puig. <strong>DESPESQUES<\/strong><\/figcaption><\/figure>\n<\/div>\n<p><b><u>Sobre Despesques 2022<\/u><\/b><\/p>\n<p>\n<iframe id=\"3555627_1655373670107\" title=\"Video Producer lavozdelsur.\" allow=\"autoplay; fullscreen\"><\/iframe><\/p>\n<p>En este encuentro participan como invitados alrededor de 80 cooks nacionales y 20 cooks internacionales de 15 pa\u00edses. Entre los asistentes se incluyen: Gast\u00f3n Acurio, Dominique Crenn, Alex Atala, Mauro Colagreco, Rodolfo Guzm\u00e1n, Rasmus Munk, Ivan Orkin, Helena Rizzo, Ana Ros, Micha Tsumura, Edgar Nu\u00f1ez, Narda Lepes, Pablo Rivero y Jorge Vallejo, entre otros; as\u00ed como grandes figuras nacionales, como Albert Adri\u00e0, Dabiz Mu\u00f1oz, Andoni Luis Aduriz, Elena Arzak, Paolo Casagrande o Fina Puigdeval.<\/p>\n<p>Los hitos tem\u00e1ticos de esta edici\u00f3n abordan cuestiones como la capacidad de superaci\u00f3n private ante la adversidad, la exploraci\u00f3n del ser humano en su esencia y una mirada m\u00e1s\u00a0integral, que trasciende la gastronom\u00eda y profundiza en las capacidades humanas, el compromiso de la humanidad con la naturaleza y con el cuidado del medio ambiente o la inteligencia emocional.<\/p>\n<p><b><u>Sobre Restaurante Aponiente &amp; Chef \u00c1ngel Le\u00f3n\u00a0<\/u><\/b><\/p>\n<p>*** Estrellas Michelin, * Estrella Verde Michelin a la Sostenibilidad y Restaurante m\u00e1s Sostenible del Mundo en 2022 (The World`s 50 Greatest Eating places)<\/p>\n<p>El restaurante Aponiente est\u00e1 ubicado en un antiguo molino de mareas del siglo XIX en el coraz\u00f3n del Parque Pure Bah\u00eda de C\u00e1diz en El Puerto de Santa Mar\u00eda. El \u00e1rea donde se sit\u00faa, una marisma habitada por comunidades acu\u00e1ticas tan importantes biol\u00f3gicamente como olvidadas o denostadas, se enfrenta y se adapta a cambios constantes, dadas las condiciones clim\u00e1ticas locales y el ritmo de las mareas.<\/p>\n<div class=\"c-mainarticle__main-media\" data-ck-asset-wrapper=\"\">\n<figure class=\"c-mainarticle__fig\"><img decoding=\"async\" alt=\"Presentaci\u00f3n Despesques 2022 \" data-id=\"1159762\" data-resize=\"5\" height=\"378\" src=\"https:\/\/www.lavozdelsur.es\/uploads\/s1\/11\/59\/76\/5\/presentacion-despesques-2022-13-baja_5_659x378.jpeg\" title=\"Presentaci\u00f3n Despesques 2022 \" width=\"659\"\/><figcaption class=\"c-mainarticle__cap\">Presentaci\u00f3n Despesques 2022\u00a0<\/figcaption><\/figure>\n<\/div>\n<p>Capitaneado por el chef \u00c1ngel Le\u00f3n, Aponiente est\u00e1 llevando a cabo la recuperaci\u00f3n del entorno en el que se encuentra, creando adem\u00e1s un socio ecosistema para futuras generaciones. Referente en sostenibilidad y reconocido con el premio al Restaurante m\u00e1s Sostenible del Mundo por 50 Greatest World\u2019s Eating places en 2022, el \u201cchef del Mar\u201d promueve la defensa del medio ambiente a trav\u00e9s de la gastronom\u00eda.<\/p>\n<p>La pesca sostenible y la utilizaci\u00f3n de especies, que hist\u00f3ricamente se han considerado productos de descarte, son se\u00f1as de identidad de la propuesta gastron\u00f3mica de \u00c1ngel Le\u00f3n y su equipo, junto a la innovaci\u00f3n, creatividad y honestidad.\u00a0 Un genio revolucionario cuyo compromiso con la naturaleza le ha llevado a descubrir, utilizar y reinventar alimentos procedentes de la gran despensa del mar, siempre pensando en el futuro.<\/p>\n<p><b><u>Compa\u00f1eros en el compromiso<\/u><\/b><\/p>\n<p>Para hacer realidad\u00a0Despesque 2022,\u00a0\u00c1ngel Le\u00f3n y su tripulaci\u00f3n cuentan con el patrocinio de la Consejer\u00eda de Turismo, Cultura y Deporte de la Junta de Andaluc\u00eda y las firmas Osborne,\u00a0Reale Seguros, Petaca Chico,\u00a0Alimentias Don Juan,\u00a0MAR Laboratorio de \u00c1ngel Le\u00f3n by Santander, Estrella Galicia, Esteros Lubimar, Kampaoh y Makro proveedor oficial de Despesques.<\/p>\n<p>Asimismo, colaboran el\u00a0Patronato Provincial de Turismo de la Diputaci\u00f3n de C\u00e1diz,\u00a0Resort Gran Meli\u00e1 Sancti Petri,\u00a0M\u00f6et Chandon,\u00a0Silestone by Cosentino en el marco de su campa\u00f1a\u00a0Altering the World from the Kitchen, Electrolux skilled Espa\u00f1a,\u00a0Espressa espresso &amp; w\u00e1ter Lavazza,\u00a0Solera Motor Audi, Concesionario Oficial Audi en Jerez de la Frontera, Canela&amp;Clavo y Carpas Maho. &#8220;Todos ellos, con su compromiso, contribuyen a hacer de Despesques 2022 una declaraci\u00f3n de intenciones\u00a0que trasciende la gastronom\u00eda y profundiza en las claves para trabajar por un mundo mejor&#8221;.<\/p>\n<\/div>\n\n<p><em> \u2018 The preceding article may include information circulated by third parties \u2019 <\/em><\/p>\n<p><em> \u2018 Some details of this article were extracted from the following source www.lavozdelsur.es \u2019 <\/em><\/p>\n","protected":false},"excerpt":{"rendered":"<p>\u00c1ngel Le\u00f3n tiene la suerte de poder hacer lo que le gusta y contar con los mejores recursos para ello, el sue\u00f1o de cualquier ser humano lo cumple este cocinero autobautizado como chef del mar. Le\u00f3n supo dar un golpe de tim\u00f3n a su vida y ahora navega en libertad dando rienda suelta a la [&hellip;]<\/p>\n","protected":false},"author":2,"featured_media":385707,"comment_status":"open","ping_status":"closed","sticky":false,"template":"","format":"standard","meta":{"om_disable_all_campaigns":false,"jnews-multi-image_gallery":[],"jnews_single_post":[],"jnews_primary_category":[],"jnews_social_meta":[],"footnotes":""},"categories":[43],"tags":[],"class_list":["post-385706","post","type-post","status-publish","format-standard","has-post-thumbnail","hentry","category-gourmet"],"_links":{"self":[{"href":"https:\/\/dimensionturistica.com\/es\/wp-json\/wp\/v2\/posts\/385706","targetHints":{"allow":["GET"]}}],"collection":[{"href":"https:\/\/dimensionturistica.com\/es\/wp-json\/wp\/v2\/posts"}],"about":[{"href":"https:\/\/dimensionturistica.com\/es\/wp-json\/wp\/v2\/types\/post"}],"author":[{"embeddable":true,"href":"https:\/\/dimensionturistica.com\/es\/wp-json\/wp\/v2\/users\/2"}],"replies":[{"embeddable":true,"href":"https:\/\/dimensionturistica.com\/es\/wp-json\/wp\/v2\/comments?post=385706"}],"version-history":[{"count":0,"href":"https:\/\/dimensionturistica.com\/es\/wp-json\/wp\/v2\/posts\/385706\/revisions"}],"wp:featuredmedia":[{"embeddable":true,"href":"https:\/\/dimensionturistica.com\/es\/wp-json\/wp\/v2\/media\/385707"}],"wp:attachment":[{"href":"https:\/\/dimensionturistica.com\/es\/wp-json\/wp\/v2\/media?parent=385706"}],"wp:term":[{"taxonomy":"category","embeddable":true,"href":"https:\/\/dimensionturistica.com\/es\/wp-json\/wp\/v2\/categories?post=385706"},{"taxonomy":"post_tag","embeddable":true,"href":"https:\/\/dimensionturistica.com\/es\/wp-json\/wp\/v2\/tags?post=385706"}],"curies":[{"name":"wp","href":"https:\/\/api.w.org\/{rel}","templated":true}]}}