{"id":385492,"date":"2022-09-12T15:13:20","date_gmt":"2022-09-12T15:13:20","guid":{"rendered":"https:\/\/dimensionturistica.com\/es\/?p=385492"},"modified":"2022-09-12T15:13:20","modified_gmt":"2022-09-12T15:13:20","slug":"cuando-se-pueden-reservar-los-viajes-del-imserso-2022-2023","status":"publish","type":"post","link":"https:\/\/dimensionturistica.com\/es\/cuando-se-pueden-reservar-los-viajes-del-imserso-2022-2023\/","title":{"rendered":"Cu\u00e1ndo se pueden reservar los viajes del Imserso 2022-2023"},"content":{"rendered":"<p> <br \/>\n<\/p>\n<div>\n<p class=\"paragraph \" id=\"m97-96-98\">El pasado 27 de junio se abr\u00eda el plazo de presentaci\u00f3n de las <strong>nuevas solicitudes para las personas interesadas en realizar los viajes del <a rel=\"nofollow noopener\" target=\"_blank\" href=\"https:\/\/www.20minutos.es\/minuteca\/imserso\/\" title=\"Imserso\">Imserso<\/a>,<\/strong> que tuvieron hasta el 19 de julio para presentarlas. Este a\u00f1o se han ofertado un whole de 820.000 plazas con diferentes destinos, para viajes que se realizar\u00e1n entre octubre de 2022 y junio de 2023, coincidiendo con los meses de temporada baja.<\/p>\n<p class=\"paragraph \" id=\"m102-101-103\">En este sentido, <strong>el programa para esta temporada comenzar\u00e1 su comercializaci\u00f3n el pr\u00f3ximo martes 20 de septiembre de 2022.<\/strong> Con car\u00e1cter previo, desde el 29 de agosto de 2022, las personas beneficiarias ya han recibido su acreditaci\u00f3n para participar en estos viajes a trav\u00e9s de una carta enviada a su domicilio.<\/p>\n<h2 id=\"m107-106-108\">Fechas de comercializaci\u00f3n de viajes<\/h2>\n<p class=\"paragraph \" id=\"m112-111-113\">En dicha acreditaci\u00f3n, <a rel=\"nofollow noopener\" target=\"_blank\" href=\"https:\/\/www.imserso.es\/imserso_01\/actualidad\/2022\/agosto\/IM_145752\" title=\"IMSERSO\">informan desde el programa<\/a>, se indica el d\u00eda en el que <strong>podr\u00e1n comenzar a reservar viajes correspondientes a la nueva temporada de 2022-2023. <\/strong>Asimismo, se incluye una clave de cuatro n\u00fameros, que permitir\u00e1 a la persona titular &#8220;realizar\u00a0su reserva telem\u00e1ticamente a trav\u00e9s de la central de reservas de las empresas adjudicatarias&#8221;. Si se desea realizar la reserva a trav\u00e9s de una de las agencias de viaje colaboradoras, \u00fanicamente ser\u00e1 necesario llevar el DNI.<\/p>\n<article class=\"media media-integrated \" id=\"m117-116-118\">\n<div>\n<figure class=\"figure-100\">\n            <a rel=\"nofollow noopener\" target=\"_blank\" href=\"https:\/\/www.20minutos.es\/viajes\/rutas\/todos-los-servicios-de-transporte-que-incluyen-los-viajes-del-imserso-me-llevan-del-aeropuerto-al-hotel-4946823\/\"><br \/>\n                <span class=\"accessTypeIcon withImage\"><em class=\"member boxIcon\"\/><\/span><br \/>\n                <img decoding=\"async\" loading=\"lazy\" width=\"656\" height=\"370\" alt=\"Pareja sosteniendo un mapa y observando la ciudad\" src=\"https:\/\/imagenes.20minutos.es\/files\/image_656_370\/uploads\/imagenes\/2021\/12\/15\/pareja-sosteniendo-un-mapa-y-observando-la-ciudad.jpeg\" data-full-src=\"https:\/\/www.20minutos.es\/uploads\/imagenes\/2021\/12\/15\/pareja-sosteniendo-un-mapa-y-observando-la-ciudad.jpeg\"\/><br \/>\n            <\/a><br \/>\n        <\/figure>\n<\/p><\/div>\n<\/article>\n<p class=\"paragraph \" id=\"m152-151-153\">Las reservas se podr\u00e1n efectuar <strong>desde las 9.00 horas del d\u00eda indicado en la carta de acreditaci\u00f3n<\/strong>, conforme al siguiente calendario:<\/p>\n<div class=\"dotted-list \" id=\"m157-156-158\">\n<ul>\n<li>Las personas usuarias residentes en las Comunidades Aut\u00f3nomas de Andaluc\u00eda, Cantabria, Catalu\u00f1a, Valencia, Extremadura, Madrid, Murcia y la Ciudad Aut\u00f3noma de Melilla, podr\u00e1n comenzar a reservar sus viajes <strong>el 20 de septiembre (para acreditados preferentes) o el 21 de septiembre (para no preferentes).<\/strong><\/li>\n<li>Las personas usuarias residentes en las Comunidades Aut\u00f3nomas de Asturias, Arag\u00f3n, Castilla-La Mancha, Castilla y Le\u00f3n, Galicia, Baleares, Canarias, La Rioja, Navarra, Pa\u00eds Vasco y la Ciudad Aut\u00f3noma de Ceuta, podr\u00e1n comenzar a reservar sus viajes el <strong>22 de septiembre (para acreditados preferentes) o el 23 de septiembre (para no preferentes)<\/strong>.<\/li>\n<\/ul>\n<\/div>\n<\/div>\n\n<p><em> &#8221; Fuentes www.20minutos.es &#8221; <\/em><\/p>\n","protected":false},"excerpt":{"rendered":"<p>El pasado 27 de junio se abr\u00eda el plazo de presentaci\u00f3n de las nuevas solicitudes para las personas interesadas en realizar los viajes del Imserso, que tuvieron hasta el 19 de julio para presentarlas. Este a\u00f1o se han ofertado un whole de 820.000 plazas con diferentes destinos, para viajes que se realizar\u00e1n entre octubre de [&hellip;]<\/p>\n","protected":false},"author":4,"featured_media":385493,"comment_status":"open","ping_status":"closed","sticky":false,"template":"","format":"standard","meta":{"om_disable_all_campaigns":false,"jnews-multi-image_gallery":[],"jnews_single_post":[],"jnews_primary_category":[],"jnews_social_meta":[],"footnotes":""},"categories":[39],"tags":[813,545],"class_list":["post-385492","post","type-post","status-publish","format-standard","has-post-thumbnail","hentry","category-viajes","tag-imserso","tag-viajes"],"_links":{"self":[{"href":"https:\/\/dimensionturistica.com\/es\/wp-json\/wp\/v2\/posts\/385492","targetHints":{"allow":["GET"]}}],"collection":[{"href":"https:\/\/dimensionturistica.com\/es\/wp-json\/wp\/v2\/posts"}],"about":[{"href":"https:\/\/dimensionturistica.com\/es\/wp-json\/wp\/v2\/types\/post"}],"author":[{"embeddable":true,"href":"https:\/\/dimensionturistica.com\/es\/wp-json\/wp\/v2\/users\/4"}],"replies":[{"embeddable":true,"href":"https:\/\/dimensionturistica.com\/es\/wp-json\/wp\/v2\/comments?post=385492"}],"version-history":[{"count":0,"href":"https:\/\/dimensionturistica.com\/es\/wp-json\/wp\/v2\/posts\/385492\/revisions"}],"wp:featuredmedia":[{"embeddable":true,"href":"https:\/\/dimensionturistica.com\/es\/wp-json\/wp\/v2\/media\/385493"}],"wp:attachment":[{"href":"https:\/\/dimensionturistica.com\/es\/wp-json\/wp\/v2\/media?parent=385492"}],"wp:term":[{"taxonomy":"category","embeddable":true,"href":"https:\/\/dimensionturistica.com\/es\/wp-json\/wp\/v2\/categories?post=385492"},{"taxonomy":"post_tag","embeddable":true,"href":"https:\/\/dimensionturistica.com\/es\/wp-json\/wp\/v2\/tags?post=385492"}],"curies":[{"name":"wp","href":"https:\/\/api.w.org\/{rel}","templated":true}]}}