{"id":385427,"date":"2022-09-12T14:05:38","date_gmt":"2022-09-12T14:05:38","guid":{"rendered":"https:\/\/dimensionturistica.com\/es\/?p=385427"},"modified":"2022-09-12T14:05:38","modified_gmt":"2022-09-12T14:05:38","slug":"el-festival-internacional-de-santa-lucia-festeja-sus-xv-anos-de-exitos","status":"publish","type":"post","link":"https:\/\/dimensionturistica.com\/es\/el-festival-internacional-de-santa-lucia-festeja-sus-xv-anos-de-exitos\/","title":{"rendered":"El Festival Internacional de Santa Lucia festeja sus XV a\u00f1os de \u00e9xitos"},"content":{"rendered":"<p><img decoding=\"async\" class=\"size-medium wp-image-385438 alignright\" src=\"https:\/\/dimensionturistica.com\/es\/wp-content\/uploads\/2022\/09\/SANTA11-300x198.jpg\" alt=\"\" width=\"300\" height=\"198\" srcset=\"https:\/\/dimensionturistica.com\/es\/wp-content\/uploads\/2022\/09\/SANTA11-300x198.jpg 300w, https:\/\/dimensionturistica.com\/es\/wp-content\/uploads\/2022\/09\/SANTA11.jpg 450w\" sizes=\"(max-width: 300px) 100vw, 300px\" \/>Del 18 de septiembre al 6 de noviembre del presente a\u00f1o, se realizar\u00e1 la gran celebraci\u00f3n de los XV a\u00f1os del Festival Internacional de Santa Luc\u00eda, el evento cultural m\u00e1s grande de Nuevo Le\u00f3n que este a\u00f1o presenta una sorprendente agenda cultural de gran calidad, con un total de 50 d\u00edas de fiesta familiar, expresiones art\u00edsticas y conversatorios.<br \/>\nAs\u00ed lo anunciaron en conferencia de prensa Maricarmen Mart\u00ednez Villarreal, Secretaria de Turismo del Estado de Nuevo Le\u00f3n, Lorenia Canavati von Borstel, Presidenta del Patronato del FISL, y Erika L\u00f3pez Trevi\u00f1o, Coordinadora Ejecutiva del Fideicomiso del FISL.<br \/>\nEsta agenda cultural est\u00e1 compuesta por el 46% de talento local, 16% nacional y 38% internacional; se incluye<img decoding=\"async\" class=\"size-medium wp-image-385439 alignright\" src=\"https:\/\/dimensionturistica.com\/es\/wp-content\/uploads\/2022\/09\/SANTA9-300x169.jpg\" alt=\"\" width=\"300\" height=\"169\" srcset=\"https:\/\/dimensionturistica.com\/es\/wp-content\/uploads\/2022\/09\/SANTA9-300x169.jpg 300w, https:\/\/dimensionturistica.com\/es\/wp-content\/uploads\/2022\/09\/SANTA9.jpg 450w\" sizes=\"(max-width: 300px) 100vw, 300px\" \/> por primera vez el encuentro nacional de arte, arquitectura y dise\u00f1o, denominado \u201cCuadrante\u201d, tambi\u00e9n habr\u00e1 teatro interuniversitario y una amplia oferta de exposiciones y eventos al aire libre, como la del Museo del Prado, conformada por 56 reproducciones tama\u00f1o original de su colecci\u00f3n permanente. Se contar\u00e1 con la presencia de 40 municipios de Nuevo Le\u00f3n, m\u00e1s de 335 eventos en 60 locaciones, la participaci\u00f3n de 50 compa\u00f1\u00edas, m\u00e1s de 1 mil 400 artistas en escena, provenientes de 32 pa\u00edses, adem\u00e1s de82<br \/>\nexposiciones y alrededor de 68 di\u00e1logos.<br \/>\nAl respecto, la Titular de Turismo de Nuevo Le\u00f3n, destac\u00f3 la importancia del evento para el Estado, El Festival<img decoding=\"async\" class=\"size-medium wp-image-385440 alignright\" src=\"https:\/\/dimensionturistica.com\/es\/wp-content\/uploads\/2022\/09\/SANTA8-300x199.jpg\" alt=\"\" width=\"300\" height=\"199\" srcset=\"https:\/\/dimensionturistica.com\/es\/wp-content\/uploads\/2022\/09\/SANTA8-300x199.jpg 300w, https:\/\/dimensionturistica.com\/es\/wp-content\/uploads\/2022\/09\/SANTA8.jpg 450w\" sizes=\"(max-width: 300px) 100vw, 300px\" \/> Internacional de Santa Luc\u00eda es el evento cultural m\u00e1s grande en el Estado de Nuevo Le\u00f3n, adem\u00e1s es punto de encuentro de artistas locales, nacionales e internacionales.<br \/>\nLa gran inauguraci\u00f3n del Festival Internacional de Santa Luc\u00eda, se organiza en el marco del 426 aniversario de la Fundaci\u00f3n de Monterrey, que arrancar\u00e1 con un impresionante tributo a la m\u00fasica mexicana, present\u00e1ndose en estreno un duelo<br \/>\nentre el mariachi Vargas y el mariachi Femenil el Nuevo Tecalitl\u00e1n.<br \/>\nLas expresiones art\u00edsticas abrir\u00e1n con el sorprendente espect\u00e1culo Voyage: Architecture in motion a cargo de Diavolo una compa\u00f1\u00eda de danza contempor\u00e1nea y circense de Estados Unidos; le seguir\u00e1n otros espect\u00e1culos creados especialmente para este aniversario como son Re-Li\u00e1o, Josefa Zozaya: Hero\u00edna de Monterrey y, el Homenaje Sinf\u00f3nico al Grupo Bronco.<br \/>\nSe presentar\u00e1n grandes artistas como Tania Libertad. El Gran cierre estar\u00e1 a cargo de Sylpffes, un m\u00e1gico<img decoding=\"async\" class=\"size-medium wp-image-385441 alignright\" src=\"https:\/\/dimensionturistica.com\/es\/wp-content\/uploads\/2022\/09\/SANTA5-300x199.jpg\" alt=\"\" width=\"300\" height=\"199\" srcset=\"https:\/\/dimensionturistica.com\/es\/wp-content\/uploads\/2022\/09\/SANTA5-300x199.jpg 300w, https:\/\/dimensionturistica.com\/es\/wp-content\/uploads\/2022\/09\/SANTA5.jpg 450w\" sizes=\"(max-width: 300px) 100vw, 300px\" \/> espect\u00e1culo visual que combina el ballet a\u00e9reo, la acrobacia, y la m\u00fasica. Habr\u00e1 ciclo de cine, conferencias y pl\u00e1ticas que abordan el cuidado del medio ambiente y en especial del agua; un reality show del concurso Nuevo Talento Nuevo Le\u00f3n; una serie gastron\u00f3mica de la convocatoria \u201cNuevo Le\u00f3n Sabe Bien\u201d; arte p\u00fablico con las Artes Monterrey, entre muchas actividades<br \/>\nm\u00e1s.<br \/>\nPara mantenerte actualizado de lo que acontecer\u00e1 en el festival, y conocer la agenda cultural completa te invitamos a consultar m\u00e1s informaci\u00f3n en nuestra p\u00e1gina:\u00a0www.festivalsantalucia.gob.mx<\/p>\n","protected":false},"excerpt":{"rendered":"<p>Del 18 de septiembre al 6 de noviembre del presente a\u00f1o, se realizar\u00e1 la gran celebraci\u00f3n de los XV a\u00f1os del Festival Internacional de Santa Luc\u00eda, el evento cultural m\u00e1s grande de Nuevo Le\u00f3n que este a\u00f1o presenta una sorprendente agenda cultural de gran calidad, con un total de 50 d\u00edas de fiesta familiar, expresiones [&hellip;]<\/p>\n","protected":false},"author":1,"featured_media":385437,"comment_status":"open","ping_status":"closed","sticky":false,"template":"","format":"standard","meta":{"om_disable_all_campaigns":false,"jnews-multi-image_gallery":[],"jnews_single_post":{"source_name":"","source_url":"","via_name":"","via_url":"","override_template":"0","override":[{"template":"1","single_blog_custom":"","parallax":"1","fullscreen":"1","layout":"right-sidebar","sidebar":"default-sidebar","second_sidebar":"default-sidebar","sticky_sidebar":"1","share_position":"top","share_float_style":"share-monocrhome","show_share_counter":"1","show_view_counter":"1","show_featured":"1","show_post_meta":"1","show_post_author":"1","show_post_author_image":"1","show_post_date":"1","post_date_format":"default","post_date_format_custom":"Y\/m\/d","show_post_category":"1","show_post_reading_time":"0","post_reading_time_wpm":"300","show_zoom_button":"0","zoom_button_out_step":"2","zoom_button_in_step":"3","show_post_tag":"1","show_prev_next_post":"1","show_popup_post":"1","number_popup_post":"1","show_author_box":"0","show_post_related":"0","show_inline_post_related":"0"}],"override_image_size":"0","image_override":[{"single_post_thumbnail_size":"crop-500","single_post_gallery_size":"crop-500"}],"trending_post":"0","trending_post_position":"meta","trending_post_label":"Trending","sponsored_post":"0","sponsored_post_label":"Sponsored by","sponsored_post_name":"","sponsored_post_url":"","sponsored_post_logo_enable":"0","sponsored_post_logo":"","sponsored_post_desc":"","disable_ad":"0"},"jnews_primary_category":{"id":""},"jnews_social_meta":{"fb_title":"","fb_description":"","fb_image":"","twitter_title":"","twitter_description":"","twitter_image":""},"footnotes":""},"categories":[40],"tags":[],"class_list":["post-385427","post","type-post","status-publish","format-standard","has-post-thumbnail","hentry","category-industria"],"_links":{"self":[{"href":"https:\/\/dimensionturistica.com\/es\/wp-json\/wp\/v2\/posts\/385427","targetHints":{"allow":["GET"]}}],"collection":[{"href":"https:\/\/dimensionturistica.com\/es\/wp-json\/wp\/v2\/posts"}],"about":[{"href":"https:\/\/dimensionturistica.com\/es\/wp-json\/wp\/v2\/types\/post"}],"author":[{"embeddable":true,"href":"https:\/\/dimensionturistica.com\/es\/wp-json\/wp\/v2\/users\/1"}],"replies":[{"embeddable":true,"href":"https:\/\/dimensionturistica.com\/es\/wp-json\/wp\/v2\/comments?post=385427"}],"version-history":[{"count":0,"href":"https:\/\/dimensionturistica.com\/es\/wp-json\/wp\/v2\/posts\/385427\/revisions"}],"wp:featuredmedia":[{"embeddable":true,"href":"https:\/\/dimensionturistica.com\/es\/wp-json\/wp\/v2\/media\/385437"}],"wp:attachment":[{"href":"https:\/\/dimensionturistica.com\/es\/wp-json\/wp\/v2\/media?parent=385427"}],"wp:term":[{"taxonomy":"category","embeddable":true,"href":"https:\/\/dimensionturistica.com\/es\/wp-json\/wp\/v2\/categories?post=385427"},{"taxonomy":"post_tag","embeddable":true,"href":"https:\/\/dimensionturistica.com\/es\/wp-json\/wp\/v2\/tags?post=385427"}],"curies":[{"name":"wp","href":"https:\/\/api.w.org\/{rel}","templated":true}]}}