{"id":385408,"date":"2022-09-12T13:31:38","date_gmt":"2022-09-12T13:31:38","guid":{"rendered":"https:\/\/dimensionturistica.com\/es\/?p=385408"},"modified":"2022-09-12T13:31:38","modified_gmt":"2022-09-12T13:31:38","slug":"los-viajes-de-los-politicos","status":"publish","type":"post","link":"https:\/\/dimensionturistica.com\/es\/los-viajes-de-los-politicos\/","title":{"rendered":"Los viajes de los pol\u00edticos"},"content":{"rendered":"<p> <br \/>\n<\/p>\n<div>\n<p>                <span itemprop=\"articleBody\"><\/p>\n<p><img decoding=\"async\" itemprop=\"image\" src=\"https:\/\/www.lancelotdigital.com\/images\/2022\/09\/aviones.webp\" alt=\"\"\/><\/p>\n<p>&#13;<br \/>\n &#13;<\/p>\n<p>\u00a0<\/p>\n<p>&#13;<\/p>\n<li class=\"texto\"><i class=\"fa fa-file-text-o\"\/>Lancelot Digital<\/li>\n<p>&#13;<\/p>\n<p>\u00a0<\/p>\n<p>&#13;<\/p>\n<p>Siempre ha sido muy recurrente acudir a la cr\u00edtica f\u00e1cil por los viajes de los pol\u00edticos, pocas veces bien justificados, la mayor\u00eda innecesarios y a veces, simplemente, unas vacaciones pagadas por todos. La oposici\u00f3n suele salir siempre en tromba contra esos periplos que se dan los que gobiernan a sabiendas de que el private est\u00e1 harto de pagar con sus impuestos los &#8220;caprichos&#8221; de los gobernantes. Hubo un tiempo que en vista de que estas cr\u00edticas calaban en el electorado, en Lanzarote para aminorarlas tambi\u00e9n se invitaban a la oposici\u00f3n. Doble gasto in\u00fatil, la mayor\u00eda de las veces, pero se lograba acallar a la oposici\u00f3n que period c\u00f3mplice del gobierno. Aunque el m\u00e1s listo fue Dimas, quien, adem\u00e1s, en ocasiones, invit\u00f3 a los periodistas, sin saberse nunca muy bien si lo pagaba de su bolsillo o no. Los periodistas mal pagados (es una de las profesiones peor pagadas por el trabajo que hacen) lo agradec\u00edan y hab\u00eda una especie de pacto y una \u2018omert\u00e1\u2019 sobre el viaje y todos contentos. O cuando se pusieron de moda entre los alcaldes y el propio Cabildo las famosas comilonas navide\u00f1as a periodistas y se disputaban cu\u00e1l period la mejor. Period la \u00e9poca en la que en Lanzarote hab\u00eda m\u00e1s periodistas o gente que trabajaba en los medios de comunicaci\u00f3n por metro cuadrado de Espa\u00f1a y del mundo, posiblemente, los dorados a\u00f1os 90.<\/p>\n<p>&#13;<\/p>\n<p>\u00a0<\/p>\n<p>&#13;<\/p>\n<p><img decoding=\"async\" itemprop=\"image\" src=\"https:\/\/www.lancelotdigital.com\/images\/2022\/09\/OKWhatsApp_Image_2022-09-12_at_091512_1reducido.webp\" alt=\"\"\/><\/p>\n<p>&#13;<\/p>\n<p>\u00a0<\/p>\n<p>&#13;<\/p>\n<p><strong>Myriam se nos fue a T\u00fanez<\/strong><\/p>\n<p>&#13;<\/p>\n<p>\u00a0<\/p>\n<p>&#13;<\/p>\n<p>Ahora ha originado cierta pol\u00e9mica la noticia adelantada por Lancelot Digital de que la consejera de Podemos, la inquieta e inquietante Myriam Barros, se nos fue a T\u00fanez, para acudir en representaci\u00f3n del Cabildo a unas conferencias de las mujeres de base. Myriam justifica ese viaje de siete d\u00edas y siete noches (no fueron tantos como cuenta la famosa canci\u00f3n de Sabina) por su cargo de consejera de Igualdad que ya saben que sirve normalmente para poder justificar cualquier cosa, sobre todo si la jornada tiene la palabra m\u00e1gica \u2018mujer\u2019 que abre todas las puertas y justifica cualquier gasto, sea cual sea. Pero ser\u00edamos muy injusto de criticar a Myriam que por lo que nos cuenta ha realizado un viaje modesto a T\u00fanez donde no s\u00f3lo se ha pagado de su bolsillo las dietas y la estancia espartana (se hosped\u00f3 en una pensi\u00f3n con seis mujeres m\u00e1s) cu\u00e1ndo en ese cabildo se han realizado viajes de dif\u00edcil justificaci\u00f3n del interes p\u00fablico con presupuestos much\u00edsimo m\u00e1s altos. Quiz\u00e1s el \u00fanico pero que se puede poner a ese viaje a T\u00fanez, es que Podemos period una formaci\u00f3n muy cr\u00edtica (y hac\u00eda bien) con esos viajes\/vacaciones de trabajo que organizaban el PSOE y el PP en Espa\u00f1a. Por, lo dem\u00e1s, agradecer que Barros que al menos haya dado la cara y dado sus explicaciones, como tiene que ser en un cargo p\u00fablico (no todos lo hacen). Ahora ser\u00e1n los lectores lo que opinen y acepten o no las justificaciones de ese viaje a T\u00fanez para hablar de las mujeres y de aquellas que llegan de manera irregular en embarcaciones precarias a las costas de Europa y de Canarias.<\/p>\n<p>                    <\/span><\/p><\/div>\n<p><script src=\"https:\/\/connect.facebook.net\/es_ES\/all.js#xfbml=1\" type=\"text\/javascript\"><\/script><script type=\"text\/javascript\">\n\/\/<![CDATA[\n   \twindow.fbAsyncInit = function() {\n\t\tFB.init({ appId: '171342606239806', \n\t\t\tstatus: true, \n\t\t\tcookie: true,\n\t\t\txfbml: true,\n\t\t\toauth: true\n\t\t});\n   \t\t    \n\t  \t\t};\n    \/\/      \n    jQuery(window).load(function() {\n    \t(function(){\n    \t\tif(!document.getElementById('fb-root')) {\n    \t\t\tvar root = document.createElement('div');\n    \t\t\troot.id = 'fb-root';\n    \t\t\tdocument.getElementById('gkfb-root').appendChild(root);\n    \t\t\tvar e = document.createElement('script');\n    \t\t\te.src = document.location.protocol + '\/\/connect.facebook.net\/es_ES\/all.js';\n    \t\t\te.async = true;\n    \t\t\tdocument.getElementById('fb-root').appendChild(e);\n    \t\t}  \n    \t})();\n    });\n    \/\/]]>\n<\/script><br \/>\n<br \/><\/p>\n<p><em> &#8221; Fuentes www.lancelotdigital.com &#8221; <\/em><\/p>\n","protected":false},"excerpt":{"rendered":"<p>&#13; &#13; \u00a0 &#13; Lancelot Digital &#13; \u00a0 &#13; Siempre ha sido muy recurrente acudir a la cr\u00edtica f\u00e1cil por los viajes de los pol\u00edticos, pocas veces bien justificados, la mayor\u00eda innecesarios y a veces, simplemente, unas vacaciones pagadas por todos. La oposici\u00f3n suele salir siempre en tromba contra esos periplos que se dan los [&hellip;]<\/p>\n","protected":false},"author":4,"featured_media":385409,"comment_status":"open","ping_status":"closed","sticky":false,"template":"","format":"standard","meta":{"om_disable_all_campaigns":false,"jnews-multi-image_gallery":[],"jnews_single_post":[],"jnews_primary_category":[],"jnews_social_meta":[],"footnotes":""},"categories":[39],"tags":[946],"class_list":["post-385408","post","type-post","status-publish","format-standard","has-post-thumbnail","hentry","category-viajes","tag-lancelot-digital-noticias-lanzarote-diario-digital-periodico-canarias-sucesos-deportes-cultura-vida-social-opinion-semanario-revista"],"_links":{"self":[{"href":"https:\/\/dimensionturistica.com\/es\/wp-json\/wp\/v2\/posts\/385408","targetHints":{"allow":["GET"]}}],"collection":[{"href":"https:\/\/dimensionturistica.com\/es\/wp-json\/wp\/v2\/posts"}],"about":[{"href":"https:\/\/dimensionturistica.com\/es\/wp-json\/wp\/v2\/types\/post"}],"author":[{"embeddable":true,"href":"https:\/\/dimensionturistica.com\/es\/wp-json\/wp\/v2\/users\/4"}],"replies":[{"embeddable":true,"href":"https:\/\/dimensionturistica.com\/es\/wp-json\/wp\/v2\/comments?post=385408"}],"version-history":[{"count":0,"href":"https:\/\/dimensionturistica.com\/es\/wp-json\/wp\/v2\/posts\/385408\/revisions"}],"wp:featuredmedia":[{"embeddable":true,"href":"https:\/\/dimensionturistica.com\/es\/wp-json\/wp\/v2\/media\/385409"}],"wp:attachment":[{"href":"https:\/\/dimensionturistica.com\/es\/wp-json\/wp\/v2\/media?parent=385408"}],"wp:term":[{"taxonomy":"category","embeddable":true,"href":"https:\/\/dimensionturistica.com\/es\/wp-json\/wp\/v2\/categories?post=385408"},{"taxonomy":"post_tag","embeddable":true,"href":"https:\/\/dimensionturistica.com\/es\/wp-json\/wp\/v2\/tags?post=385408"}],"curies":[{"name":"wp","href":"https:\/\/api.w.org\/{rel}","templated":true}]}}