{"id":385250,"date":"2022-09-12T09:25:10","date_gmt":"2022-09-12T09:25:10","guid":{"rendered":"https:\/\/dimensionturistica.com\/es\/?p=385250"},"modified":"2022-09-12T09:25:11","modified_gmt":"2022-09-12T09:25:11","slug":"politours-se-alia-con-perfect-travel-services-para-incorporar-una-red-de-comerciales","status":"publish","type":"post","link":"https:\/\/dimensionturistica.com\/es\/politours-se-alia-con-perfect-travel-services-para-incorporar-una-red-de-comerciales\/","title":{"rendered":"Politours se al\u00eda con Perfect Travel Services para incorporar una red de comerciales"},"content":{"rendered":"<p> <br \/>\n<\/p>\n<div>\n<p>El turoperador Politours ha firmado un acuerdo con la empresa Excellent Journey Providers para dotarse de una purple comercial que le permita dar a conocer su programaci\u00f3n entre las m\u00e1s de <strong>8.000 agencias de viaje<\/strong> repartidas por todo el territorio peninsular.<\/p>\n<p>Para ello, el outsourcing comercial, ha perfilado un equipo compuesto por una fuerza de ventas consolidada y reconocida por todas las agencias de viaje en las que ofrecen cobertura comercial. El equipo, encabezado por el empresario Santiago Prims, que cuenta con una amplia experiencia en el sector tur\u00edstico, estar\u00e1 formado por una purple de siete comerciales externos, que representar\u00e1n los intereses comerciales de Politours y dar\u00e1n a conocer su programaci\u00f3n.<\/p>\n<p>La purple comercial est\u00e1 formada por<strong> Daniel P\u00e9rez<\/strong>, Founder y Nationwide Gross sales Supervisor que cubrir\u00e1 las zonas de Andaluc\u00eda, Extremadura y Canarias; <strong>Laura Costa<\/strong> (Galicia, Asturias, Le\u00f3n y Zamorsa); <strong>Raquel Carrillo<\/strong> (Catalu\u00f1a y Baleares); <strong>Francisco D\u00edaz<\/strong> (Madrid, Castilla Le\u00f3n y Castilla-La Mancha); <strong>Luis Maestre<\/strong> (Alicante, Murcia, Levante, Albacete, Ciudad Actual y Cuenca); <strong>Silvia Noblejas<\/strong> (Pa\u00eds Vasco, Navarra, Cantabria y Arag\u00f3n) y <strong>Virginia P\u00e9rez<\/strong> (Andaluc\u00eda Oriental: M\u00e1laga, Granada, Ja\u00e9n y Almer\u00eda).<\/p>\n<p>Politours ha decidido llegar a este acuerdo para centrarse en el aut\u00e9ntico core del negocio: la composici\u00f3n de una oferta tur\u00edstica atractiva y de gran calidad, lo que le permitir\u00e1 mantener la estructura empresarial y optimizar los recursos.<\/p>\n<div class=\"wysiwyg-photo\">\n<div class=\"wysiwyg-photo\"><img decoding=\"async\" src=\"https:\/\/static.hosteltur.com\/app\/public\/uploads\/img\/releases\/2022\/09\/12\/L_111610_acuerdo-politours-pts.jpg\" alt=\"Imagen nota de prensa Hosteltur\" width=\"1500\" height=\"1200\"\/><\/div><\/div>\n<p>La mayorista est\u00e1 trabajando en el <strong>Cat\u00e1logo de Venta Anticipada 2023<\/strong>, una gu\u00eda de referencia en todas las agencias de viaje \u201ccon la que queremos animar las ventas anticipadas y poner en valor nuestros viajes alrededor del mundo\u201d, afirma Carlos Ruiz, director common de Politours.<\/p>\n<p>\u201cEstamos trabajando en toda la programaci\u00f3n y destinos en los que siempre fuimos especialistas y cuya reputaci\u00f3n hizo de Politours una mayorista de referencia, en concreto, los cruceros fluviales; los vuelos charter desde diferentes aeropuertos peninsulares y los circuitos por Europa, Am\u00e9rica, \u00c1frica y Asia\u201d, explica Nuria Rodr\u00edguez, product supervisor de Politours. Todo ello, con el objetivo de seguir siendo un referente de una elaborada y atractiva programaci\u00f3n donde cultura y entretenimiento van de la mano.<\/p>\n<p>Con este acuerdo, el turoperador, propiedad del Grupo Meridional, da un paso m\u00e1s para consolidar y apuntalar su proyecto empresarial surgido hace poco m\u00e1s de nueve meses, con el que quiere recuperar la confianza y la fidelidad del viajero routine de Politours, a trav\u00e9s de un proyecto renovador, a la vez que continuista, de la legendaria marca Politours.<\/p>\n<p>\u201cContinuista porque queremos mantener vivos los valores de calidad y servicio que han caracterizado a esta marca durante su casi medio siglo de trayectoria, y renovador porque queremos cambiar una nueva forma de trabajar basada en la sostenibilidad, la digitalizaci\u00f3n y el compromiso social, unos pilares esenciales sobre los que queremos mejorar nuestros procesos y conectar con nuestro p\u00fablico para estar a la vanguardia en el sector viajes\u201d, explica Carlos Ruiz.<\/p>\n<\/p><\/div>\n\n<p><em> &#8221; Fuentes www.hosteltur.com &#8221; <\/em><\/p>\n","protected":false},"excerpt":{"rendered":"<p>El turoperador Politours ha firmado un acuerdo con la empresa Excellent Journey Providers para dotarse de una purple comercial que le permita dar a conocer su programaci\u00f3n entre las m\u00e1s de 8.000 agencias de viaje repartidas por todo el territorio peninsular. Para ello, el outsourcing comercial, ha perfilado un equipo compuesto por una fuerza de [&hellip;]<\/p>\n","protected":false},"author":4,"featured_media":385251,"comment_status":"open","ping_status":"closed","sticky":false,"template":"","format":"standard","meta":{"om_disable_all_campaigns":false,"jnews-multi-image_gallery":[],"jnews_single_post":[],"jnews_primary_category":[],"jnews_social_meta":[],"footnotes":""},"categories":[40],"tags":[572],"class_list":["post-385250","post","type-post","status-publish","format-standard","has-post-thumbnail","hentry","category-industria","tag-distribucion"],"_links":{"self":[{"href":"https:\/\/dimensionturistica.com\/es\/wp-json\/wp\/v2\/posts\/385250","targetHints":{"allow":["GET"]}}],"collection":[{"href":"https:\/\/dimensionturistica.com\/es\/wp-json\/wp\/v2\/posts"}],"about":[{"href":"https:\/\/dimensionturistica.com\/es\/wp-json\/wp\/v2\/types\/post"}],"author":[{"embeddable":true,"href":"https:\/\/dimensionturistica.com\/es\/wp-json\/wp\/v2\/users\/4"}],"replies":[{"embeddable":true,"href":"https:\/\/dimensionturistica.com\/es\/wp-json\/wp\/v2\/comments?post=385250"}],"version-history":[{"count":0,"href":"https:\/\/dimensionturistica.com\/es\/wp-json\/wp\/v2\/posts\/385250\/revisions"}],"wp:featuredmedia":[{"embeddable":true,"href":"https:\/\/dimensionturistica.com\/es\/wp-json\/wp\/v2\/media\/385251"}],"wp:attachment":[{"href":"https:\/\/dimensionturistica.com\/es\/wp-json\/wp\/v2\/media?parent=385250"}],"wp:term":[{"taxonomy":"category","embeddable":true,"href":"https:\/\/dimensionturistica.com\/es\/wp-json\/wp\/v2\/categories?post=385250"},{"taxonomy":"post_tag","embeddable":true,"href":"https:\/\/dimensionturistica.com\/es\/wp-json\/wp\/v2\/tags?post=385250"}],"curies":[{"name":"wp","href":"https:\/\/api.w.org\/{rel}","templated":true}]}}