{"id":385237,"date":"2022-09-12T08:14:21","date_gmt":"2022-09-12T08:14:21","guid":{"rendered":"https:\/\/dimensionturistica.com\/es\/?p=385237"},"modified":"2022-09-12T08:14:21","modified_gmt":"2022-09-12T08:14:21","slug":"asi-afectara-el-luto-por-isabel-ii-a-los-viajes-entre-reino-unido-y-espana","status":"publish","type":"post","link":"https:\/\/dimensionturistica.com\/es\/asi-afectara-el-luto-por-isabel-ii-a-los-viajes-entre-reino-unido-y-espana\/","title":{"rendered":"As\u00ed afectar\u00e1 el luto por Isabel II a los viajes entre Reino Unido y Espa\u00f1a"},"content":{"rendered":"<p> <br \/>\n<\/p>\n<div id=\"article-sumary\">\n<div class=\"article-txt ad-mobile-top\">\n<p>El periodo de duelo de casi dos semanas de duraci\u00f3n en el que se encuentra el Reino Unido tras la muerte de la reina Isabel II el pasado jueves puede afectar a los viajes programados entre ambos pa\u00edses. Esto es lo que se sabe hasta ahora.<\/p>\n<\/div>\n<\/div>\n<div id=\"article-text\">\n<div class=\"txt\">\n<aside class=\"subscription-highlighted\">\n<div class=\"subscription-container\">\n<div class=\"non-subscribed\">\n<p class=\"description\">Somos de rutas, no de rutinas. Descubre Viajes Nationwide Geographic<\/p>\n<p><a rel=\"nofollow noopener\" target=\"_blank\" href=\"https:\/\/tienda.rbarevistas.com\/por-que-viajes-national-geographic.html?rba_source=viajes.nationalgeographic.com.es&amp;rba_medium=referral&amp;rba_campaign=NGMV&amp;rba_content=frase-articulo\" class=\"more-link\">SABER M\u00c1S<\/a><\/div>\n<\/div>\n<\/aside>\n<p style=\"display: none;\"><img decoding=\"async\" id=\"ctl01_ctl00_phMain_phMain_ctl00_ctl02_ctl17_ctl01_imgContent\" src=\"https:\/\/viajes.nationalgeographic.com.es\/medio\/2022\/09\/12\/dl-u517464-006_73b45f99_800x800.jpg\" alt=\"DL u517464 006\" style=\"border-width:0px;\"\/><\/p>\n<aside class=\"add300x250 publi-interior-top ad-container-r1 ad-inline\"\/>\n<h3>Horarios comerciales: \u00bfest\u00e1n restaurantes, museos y tiendas abiertos?<\/h3>\n<p>Salvo entidades como la Abad\u00eda de Westminster, que ya ha confirmado que permanecer\u00e1 cerrada al p\u00fablico hasta el 21 de septiembre, no hay obligaci\u00f3n de mantener ning\u00fan negocio cerrado en el Reino Unido, con lo que la decisi\u00f3n \u00faltima siempre recae en la entidad. Se prev\u00e9 que en d\u00edas como <strong>el 19 de septiembre, en el que se celebrar\u00e1 el funeral de estado y que adem\u00e1s ya ha sido declarado como festivo por parte del Gobierno brit\u00e1nico,<\/strong> m\u00e1s comercios se sumen al luto y permanezcan cerrados, pero de forma puntual. En cualquier caso, es recomendable verificar previamente los horarios de apertura, especialmente cuando se visita un museo.<\/p>\n<section class=\"related-article-content relacionado\">\n<p class=\"relatedTitle\">Art\u00edculo relacionado<\/p>\n<p><a rel=\"nofollow noopener\" target=\"_blank\" href=\"https:\/\/viajes.nationalgeographic.com.es\/lifestyle\/todo-sobre-balmoral-ultima-residencia-isabel-ii_18549\" class=\"rel\"><\/p>\n<article class=\"article\">&#13;<\/p>\n<figure class=\"thumb\">&#13;<img decoding=\"async\" src=\"https:\/\/viajes.nationalgeographic.com.es\/medio\/2022\/09\/08\/shutterstock-1400721479_35c6b3db_1280x720.jpg\" alt=\"shutterstock 1400721479\" class=\"imagenRelacionado lazyload\"\/><noscript><img decoding=\"async\" src=\"https:\/\/viajes.nationalgeographic.com.es\/medio\/2022\/09\/08\/shutterstock-1400721479_35c6b3db_1280x720.jpg\" alt=\"shutterstock 1400721479\"\/><\/noscript>&#13;<\/figure>\n<p>&#13;<\/p>\n<div class=\"relacionadoTxt\">\n<p>&#13;<\/p>\n<h4 class=\"supertitle\">&#13;God Save the Queen<\/h4>\n<h4 class=\"title\">&#13;Todo sobre Balmoral, la \u00faltima residencia de Isabel II<\/h4>\n<p>&#13;<\/p>\n<\/div>\n<\/article>\n<p><\/a><\/section>\n<h3>\u00bfY qu\u00e9 pasa el 19 de septiembre?<\/h3>\n<p>A pesar de que por el funeral del rey Jorge VI el Reino Unido no decret\u00f3 festividad alguna, con el de Isabel II no ser\u00e1 igual. El gobierno quiere ayudar a brindar a la mayor cantidad de personas posible la oportunidad de acudir al funeral de estado que marca el fallecimiento de Su Majestad y conmemorar su reinado, por eso el 19 de septiembre ser\u00e1 festivo en todo el pa\u00eds.<\/p>\n<p>Sobre las reuniones o los programan que no hayan sido cancelados ese d\u00eda, el gobierno sugiere ajustar los horarios de los eventos para que no entren en conflicto con el servicio funerario y las procesiones asociadas.<\/p>\n<h3>\u00bfHabr\u00e1 cancelaciones de actos y eventos durante este periodo de duelo?<\/h3>\n<p>S\u00ed. Si el viaje al Reino Unido est\u00e1 m\u00e1s relacionado con un gran evento que con turismo a pie de calle, es posible que este se vea afectado. Si ya durante este fin de semana numerosos eventos importantes as\u00ed como deportivos han sido cancelados, se prev\u00e9 que los del pr\u00f3ximo, el 17 y 18 de septiembre, tambi\u00e9n se aplacen.<\/p>\n<figure class=\"thumb zoom\"><img loading=\"lazy\" decoding=\"async\" sizes=\"auto, 100vw\" srcset=\"https:\/\/viajes.nationalgeographic.com.es\/medio\/2022\/09\/12\/20220911-zaa-ap2-085_3fec4042_720x450.jpeg 720w,https:\/\/viajes.nationalgeographic.com.es\/medio\/2022\/09\/12\/20220911-zaa-ap2-085_b07683fb_1200x750.jpeg 1200w\" src=\"https:\/\/viajes.nationalgeographic.com.es\/medio\/2022\/09\/12\/20220911-zaa-ap2-085_b07683fb_1200x750.jpeg\" class=\"lazyload\" width=\"1200\" height=\"750\" data-aspectratio=\"1200\/750\"\/><noscript><img decoding=\"async\" src=\"https:\/\/viajes.nationalgeographic.com.es\/medio\/2022\/09\/12\/20220911-zaa-ap2-085_b07683fb_1200x750.jpeg\"\/><\/noscript><\/p>\n<p>&#13;<figcaption class=\"by\">&#13;El f\u00e9retro Actual a su paso el pasado d\u00eda 11 por Edimburgo. Foto: Cordon Press<\/figcaption>&#13;<\/p>\n<\/figure>\n<h3>\u00bfFunciona el transporte p\u00fablico con normalidad?<\/h3>\n<p>Sin llegar a cortes significativos, el gobierno brit\u00e1nico ya ha avisado que es posible que se produzcan retrasos o cortes en l\u00edneas ferroviarias, particularmente entre Londres y Edimburgo. As\u00ed mismo, en el centro de la capital se esperan restricciones al tr\u00e1fico en algunas \u00e1reas del centro, sobre todo en el \u00e1rea del Palacio de Buckingham donde multitudes de personas se concentran desde el jueves para conmemorar a la reina.<\/p>\n<p>Las huelgas ferroviarias que estaban previstas del 15 al 17 de septiembre han sido canceladas.<\/p>\n<p>En cualquier caso, el 19 de septiembre, d\u00eda del funeral de estado, ser\u00e1 el m\u00e1s complicado en cuanto a normalidad, y se espera que los horarios de trenes y autobuses se vean afectados. En aeropuertos y horarios de vuelos, el tr\u00e1fico a\u00e9reo no deber\u00eda verse afectado ninguno de los d\u00edas del luto.<\/p>\n<h3>\u00bfSe puede participar en las conmemoraciones como turista?<\/h3>\n<p>Si bien no se ha hecho ning\u00fan anuncio oficial sobre el funeral de estado, se espera que se lleve a cabo en la Abad\u00eda de Westminster en Londres el d\u00e9cimo d\u00eda de luto, es decir, el lunes 19 de septiembre. Pero antes, la gente tiene la oportunidad de conmemorar a la reina en varios eventos y reuniones en todo el Reino Unido, a los que por supuesto est\u00e1n invitados los turistas.<\/p>\n<p>El sitio net de la Familia Actual permite a las personas <strong>firmar un libro de condolencias on-line.<\/strong><\/p>\n<p>Tambi\u00e9n se ha creado <strong>un jard\u00edn de flores conmemorativo en el Inexperienced Park de Londres, <\/strong>que ser\u00e1 el lugar privilegiado para depositar flores cerca del Palacio de Buckingham. La gente tambi\u00e9n puede depositar flores en lugares vecinos a otras residencias reales en Balmoral, Windsor y Sandringham, y en el Castillo de Hillsborough en Belfast, el Palacio de Holyroodhouse en Edimburgo y en la entrada del Ayuntamiento de Cardiff.<\/p>\n<section class=\"related-article-content relacionado\">\n<p class=\"relatedTitle\">Art\u00edculo relacionado<\/p>\n<p><a rel=\"nofollow noopener\" target=\"_blank\" href=\"https:\/\/viajes.nationalgeographic.com.es\/a\/lugares-que-marcaron-vida-isabel-ii_18550\" class=\"rel\"><\/p>\n<article class=\"article\">&#13;<\/p>\n<figure class=\"thumb\">&#13;<img decoding=\"async\" src=\"https:\/\/viajes.nationalgeographic.com.es\/medio\/2022\/09\/09\/windsor_c425c94a_1280x720.jpg\" alt=\"Windsor\" class=\"imagenRelacionado lazyload\"\/><noscript><img decoding=\"async\" src=\"https:\/\/viajes.nationalgeographic.com.es\/medio\/2022\/09\/09\/windsor_c425c94a_1280x720.jpg\" alt=\"Windsor\"\/><\/noscript>&#13;<\/figure>\n<p>&#13;<\/p>\n<div class=\"relacionadoTxt\">\n<p>&#13;<\/p>\n<h4 class=\"supertitle\">&#13;Viajes<\/h4>\n<h4 class=\"title\">&#13;Los lugares que marcaron la vida de Isabel II<\/h4>\n<p>&#13;<\/p>\n<\/div>\n<\/article>\n<p><\/a><\/section>\n<aside class=\"add300x600 publi-interior-bot ad-inline ad-container-r2\"\/><\/div>\n<p><!-- START: tags-rel  --><!-- END: tags-rel   --><br \/>\n<!-- START:toolbar --><!-- END:toolbar --><\/div>\n\n<p><em> &#8221; Fuentes viajes.nationalgeographic.com.es &#8221; <\/em><\/p>\n","protected":false},"excerpt":{"rendered":"<p>El periodo de duelo de casi dos semanas de duraci\u00f3n en el que se encuentra el Reino Unido tras la muerte de la reina Isabel II el pasado jueves puede afectar a los viajes programados entre ambos pa\u00edses. Esto es lo que se sabe hasta ahora. Somos de rutas, no de rutinas. Descubre Viajes Nationwide [&hellip;]<\/p>\n","protected":false},"author":4,"featured_media":385238,"comment_status":"open","ping_status":"closed","sticky":false,"template":"","format":"standard","meta":{"om_disable_all_campaigns":false,"jnews-multi-image_gallery":[],"jnews_single_post":[],"jnews_primary_category":[],"jnews_social_meta":[],"footnotes":""},"categories":[39],"tags":[47258,47257],"class_list":["post-385237","post","type-post","status-publish","format-standard","has-post-thumbnail","hentry","category-viajes","tag-cargado-desde-el-fichero-de-recursos","tag-keywords-por-defecto"],"_links":{"self":[{"href":"https:\/\/dimensionturistica.com\/es\/wp-json\/wp\/v2\/posts\/385237","targetHints":{"allow":["GET"]}}],"collection":[{"href":"https:\/\/dimensionturistica.com\/es\/wp-json\/wp\/v2\/posts"}],"about":[{"href":"https:\/\/dimensionturistica.com\/es\/wp-json\/wp\/v2\/types\/post"}],"author":[{"embeddable":true,"href":"https:\/\/dimensionturistica.com\/es\/wp-json\/wp\/v2\/users\/4"}],"replies":[{"embeddable":true,"href":"https:\/\/dimensionturistica.com\/es\/wp-json\/wp\/v2\/comments?post=385237"}],"version-history":[{"count":0,"href":"https:\/\/dimensionturistica.com\/es\/wp-json\/wp\/v2\/posts\/385237\/revisions"}],"wp:featuredmedia":[{"embeddable":true,"href":"https:\/\/dimensionturistica.com\/es\/wp-json\/wp\/v2\/media\/385238"}],"wp:attachment":[{"href":"https:\/\/dimensionturistica.com\/es\/wp-json\/wp\/v2\/media?parent=385237"}],"wp:term":[{"taxonomy":"category","embeddable":true,"href":"https:\/\/dimensionturistica.com\/es\/wp-json\/wp\/v2\/categories?post=385237"},{"taxonomy":"post_tag","embeddable":true,"href":"https:\/\/dimensionturistica.com\/es\/wp-json\/wp\/v2\/tags?post=385237"}],"curies":[{"name":"wp","href":"https:\/\/api.w.org\/{rel}","templated":true}]}}