{"id":385234,"date":"2022-09-12T07:58:21","date_gmt":"2022-09-12T07:58:21","guid":{"rendered":"https:\/\/dimensionturistica.com\/es\/?p=385234"},"modified":"2022-09-12T07:58:21","modified_gmt":"2022-09-12T07:58:21","slug":"ramon-y-cajal-el-nobel-espanol-que-se-adentro-en-el-cerebro","status":"publish","type":"post","link":"https:\/\/dimensionturistica.com\/es\/ramon-y-cajal-el-nobel-espanol-que-se-adentro-en-el-cerebro\/","title":{"rendered":"Ram\u00f3n y Cajal, el Nobel espa\u00f1ol que se adentr\u00f3 en el cerebro"},"content":{"rendered":"<p> <br \/>\n<\/p>\n<div id=\"article-text\">\n<div class=\"txt\">\n<aside class=\"subscription-highlighted\">\n<div class=\"subscription-container\">\n<div class=\"non-subscribed\">\n<p class=\"description\">Disfruta de 3 revistas GRATIS de Nationwide Geographic y forma parte del movimiento por un mundo m\u00e1s sostenible.<\/p>\n<p><a rel=\"nofollow noopener\" target=\"_blank\" href=\"https:\/\/tienda.rbarevistas.com\/3meses-gratis-ngme-leads-revista?rba_source=nationalgeographic.com.es&amp;rba_medium=referral&amp;rba_campaign=NGME-3MNG-revista&amp;rba_content=frase-articulo\" class=\"more-link\">M\u00c1S INFO<\/a><\/div>\n<div class=\"subscribed\">\n<p class=\"description\">Disfruta de nuestras ediciones especiales a un precio \u00fanico por ser suscriptor. <\/p>\n<p><a rel=\"nofollow noopener\" target=\"_blank\" href=\"https:\/\/tienda.rbarevistas.com\/tematicas\/familia-nat-geo\/national-geographic\/ediciones-especiales.html?rba_source=nationalgeographic.com.es&amp;rba_medium=referral&amp;rba_campaign=NGME&amp;rba_content=frase-articulo-suscriptor\" class=\"more-link\">DESC\u00daBRELAS<\/a><\/div>\n<\/div>\n<\/aside>\n<aside class=\"add300x250 publi-interior-top ad-inline\"\/>\n<p>Santiago Ram\u00f3n y Cajal naci\u00f3 el 1 de mayo de 1852 en un peque\u00f1o pueblo de Navarra conocido como Petilla de Arag\u00f3n. Hijo de un m\u00e9dico cirujano de renombre, los primeros a\u00f1os de su vida estuvieron marcados por los numerosos cambios de residencia de su padre. Dotado para el dibujo y reconocido como un estudiante rebelde que se negaba a memorizar conceptos, el que con los a\u00f1os pasara a ser conocido como el p<strong>adre de la neurociencia, <\/strong>realiz\u00f3 su primer curso de medicina en la Universidad de Zaragoza en el a\u00f1o 1870.<\/p>\n<p>Poco despu\u00e9s, tras licenciarse en 1873, fue llamado a filas tal y como period obligatorio, y tras algunos meses de servicio y aprobar las oposiciones convocadas para el cuerpo de Sanidad Militar entre los mejores de su promoci\u00f3n, fue inmediatamente destinado a la isla de Cuba, entonces provincia espa\u00f1ola que en aquellos momentos se encontraba inmersa en una guerra por su independencia.<\/p>\n<p>El joven Ramon y Cajal ser\u00eda destinado a uno de los peores destinos m\u00e9dicos posibles, la enfermer\u00eda de Vistahermosa, en la provincia de Camag\u00fcey, donde cay\u00f3 presa del paludismo. Declarado &#8220;inutilizado para la campa\u00f1a&#8221;, regresar\u00eda pocos meses despu\u00e9s a Espa\u00f1a afectado por <strong>caquexia pal\u00fadica<\/strong>, un estado de extrema malnutrici\u00f3n, atrofia muscular, fatiga y debilidad causada por la enfermedad.<\/p>\n<section class=\"related-article-content relacionado\"><a rel=\"nofollow noopener\" target=\"_blank\" href=\"https:\/\/www.nationalgeographic.com.es\/ciencia\/actualidad\/una-muestra-con-dibujos-santiago-ramon-cajal-recorre-estados-unidos-canada_11187\" class=\"rel\"><\/p>\n<article class=\"article\">&#13;<\/p>\n<figure class=\"thumb pull-left\">&#13;<img decoding=\"async\" src=\"https:\/\/www.nationalgeographic.com.es\/medio\/2018\/02\/27\/cajal3__800x800.JPG\" alt=\"Una muestra con dibujos de Santiago Ram\u00f3n y Cajal recorre Estados Unidos y Canad\u00e1\" class=\"imagenRelacionado lazyload\"\/><noscript><img decoding=\"async\" src=\"https:\/\/www.nationalgeographic.com.es\/medio\/2018\/02\/27\/cajal3__800x800.JPG\" alt=\"Una muestra con dibujos de Santiago Ram\u00f3n y Cajal recorre Estados Unidos y Canad\u00e1\"\/><\/noscript>&#13;<\/figure>\n<p>&#13;<\/p>\n<div class=\"relacionadoTxt icon-arrow-right\">\n<p class=\"info\">M\u00e1s informaci\u00f3n<\/p>\n<p>&#13;<\/p>\n<h3 class=\"title trans-background-yellow\">&#13;Los dibujos de Ram\u00f3n y Cajal recorren Estados Unidos y Canad\u00e1<\/h3>\n<p>&#13;<\/p>\n<\/div>\n<\/article>\n<p><\/a><\/section>\n<p>No obstante, con los ahorros obtenidos durante su servicio el m\u00e9dico compr\u00f3 su primer microscopio, los reactivos y los colorantes con los que al regreso de la guerra habilit\u00f3 un modesto laboratorio en el que iniciar\u00eda sus andanzas en el campo de la histolog\u00eda.<\/p>\n<h3>Los primeros pasos de la carrera de Santiago Ram\u00f3n y Cajal<\/h3>\n<p>Tras recuperarse de su enfermedad, Cajal pasar\u00eda los primeros meses ayudando a los pacientes privados de su padre. El a\u00f1o 1875 ser\u00eda tambi\u00e9n aquel que marc\u00f3 el inicio de su doctorado y vocaci\u00f3n cient\u00edfica, el cual culmin\u00f3 en el a\u00f1o 1877 a la edad de 25 a\u00f1os con una tesis titulada<strong> Patogenia de la inflamaci\u00f3n.<\/strong><\/p>\n<p>Dos a\u00f1os despu\u00e9s, en 1879, obtendr\u00eda la plaza de Director de Museos Anat\u00f3micos de Zaragoza, y solo 3 a\u00f1os m\u00e1s tarde ser\u00eda galardonado con la c\u00e1tedra de Anatom\u00eda Descriptiva de Valencia, la cual dedic\u00f3 <strong>a los estudios del c\u00f3lera, descubriendo la vacuna contra la enfermedad<\/strong>, un hecho que suele pasar desapercibido entre las contribuciones del cient\u00edfico.<\/p>\n<h3>El descubrimiento de las neuronas<\/h3>\n<p>En 1887, se traslad\u00f3 a Barcelona para ocupar la c\u00e1tedra de Histolog\u00eda creada en la Facultad de Medicina de la Universidad de Barcelona, y solo un a\u00f1o despu\u00e9s, en 1888, descubri\u00f3 que el sistema nervioso, incluido el cerebro, estaba compuesto por un sin fin de c\u00e9lulas individuales denominadas neuronas.<\/p>\n<p>As\u00ed, el esquema de la estructura del sistema nervioso de Ram\u00f3n y Cajal pas\u00f3 a conocerse como la <strong>doctrina de las neuronas,<\/strong> un modelo capaz de explicar la transmisi\u00f3n unidireccional del impulso nervioso y que refut\u00f3 la teor\u00eda m\u00e1s aceptada hasta el momento, conocida como <strong>la teor\u00eda reticular. <\/strong><\/p>\n<figure class=\"thumb zoom\"><img loading=\"lazy\" decoding=\"async\" sizes=\"auto, 100vw\" srcset=\"https:\/\/www.nationalgeographic.com.es\/medio\/2022\/09\/05\/celulas-gliales-de-la-corteza-cerebral-de-un-nino-1904-de-santiago-ramon-y-cajal_254a71f6_480x625.jpg 480w,https:\/\/www.nationalgeographic.com.es\/medio\/2022\/09\/05\/celulas-gliales-de-la-corteza-cerebral-de-un-nino-1904-de-santiago-ramon-y-cajal_7d66c60c_800x1043.jpg 800w\" src=\"https:\/\/www.nationalgeographic.com.es\/medio\/2022\/09\/05\/celulas-gliales-de-la-corteza-cerebral-de-un-nino-1904-de-santiago-ramon-y-cajal_7d66c60c_800x1043.jpg\" alt=\"C\u00e9lulas gliales de la corteza cerebral de un ni\u00f1o (1904), de Santiago Ram\u00f3n y Cajal.\" class=\"lazyload\" width=\"800\" height=\"1043\" data-aspectratio=\"800\/1043\"\/><noscript><img decoding=\"async\" src=\"https:\/\/www.nationalgeographic.com.es\/medio\/2022\/09\/05\/celulas-gliales-de-la-corteza-cerebral-de-un-nino-1904-de-santiago-ramon-y-cajal_7d66c60c_800x1043.jpg\" alt=\"C\u00e9lulas gliales de la corteza cerebral de un ni\u00f1o (1904), de Santiago Ram\u00f3n y Cajal.\"\/><\/noscript><\/p>\n<p>&#13;<\/p>\n<h2 class=\"credit-title\">C\u00e9lulas gliales de la corteza cerebral de un ni\u00f1o (1904), de Santiago Ram\u00f3n y Cajal.<\/h2>\n<p>&#13;<\/p><figcaption class=\"by\">&#13;Foto: Instituto Cajal (CSIC)&#13;<\/figcaption><\/figure>\n<p>Entre otros descubrimientos, los detallados ex\u00e1menes histol\u00f3gicos de Ram\u00f3n y Cajal descubrieron que las neuronas estaban separadas por un espacio de entre 20 y 40 nan\u00f3metros conocido como la<strong> hendidura sin\u00e1ptica,<\/strong> donde se produc\u00eda la comunicaci\u00f3n entre neuronas. Tambi\u00e9n propuso la existencia de las <strong>espinas dendr\u00edticas<\/strong>, una protuberancia donde dos o varias neuronas conectan para para producir la <strong>sinapsis <\/strong>y cuya existencia solo pudo comprobarse con la posterior llegada del microscopio electr\u00f3nico.<\/p>\n<p>De todo ello son testigo los numerosos dibujos legados por el que es considerado para los neurocient\u00edficos un personaje tan importante como Einstein lo fue para la f\u00edsica. Adem\u00e1s, Cajal fue tambi\u00e9n uno de los primeros en su campo en emplear el t\u00e9rmino<strong> plasticidad neuronal.<\/strong> Esta plasticidad neuronal se refiere a la capacidad del sistema nervioso para modificar su estado, creando nuevas estructuras y conexiones neuronales en funci\u00f3n de las condiciones del medio, y fue en este sentido que el investigador declarar\u00eda que &#8220;el hombre puede convertirse en el escultor de su propio cerebro&#8221;.<\/p>\n<p>Entre decenas de premios y galardones, los trabajos y aportaciones a la neurociencia de Santiago Ramon y Cajal ser\u00edan reconocidos en 1906 con el Premio Nobel en Fisiolog\u00eda o Medicina, el cual comparti\u00f3 con el investigador italiano <strong>Camilo Golgi<\/strong>, con cuyas tesis nunca coincidi\u00f3 pese a emplear el famoso modelo de tinci\u00f3n desarrollado por este durante a\u00f1os.<\/p>\n<section class=\"related-article-content relacionado\"><a rel=\"nofollow noopener\" target=\"_blank\" href=\"https:\/\/www.nationalgeographic.com.es\/ciencia\/por-que-son-tan-importantes-neuronas-humanas-2_16875\" class=\"rel\"><\/p>\n<article class=\"article\">&#13;<\/p>\n<figure class=\"thumb pull-left\">&#13;<img decoding=\"async\" src=\"https:\/\/www.nationalgeographic.com.es\/medio\/2021\/05\/03\/representacion-artistica-de-una-red-neuronal_08500233_800x800.jpg\" alt=\"\u00bfPor qu\u00e9 son tan importantes las neuronas humanas? \" class=\"imagenRelacionado lazyload\"\/><noscript><img decoding=\"async\" src=\"https:\/\/www.nationalgeographic.com.es\/medio\/2021\/05\/03\/representacion-artistica-de-una-red-neuronal_08500233_800x800.jpg\" alt=\"\u00bfPor qu\u00e9 son tan importantes las neuronas humanas? \"\/><\/noscript>&#13;<\/figure>\n<p>&#13;<\/p>\n<div class=\"relacionadoTxt icon-arrow-right\">\n<p class=\"info\">M\u00e1s informaci\u00f3n<\/p>\n<p>&#13;<\/p>\n<h3 class=\"title trans-background-yellow\">&#13;\u00bfQu\u00e9 hace tan especiales a las neuronas humanas? <\/h3>\n<p>&#13;<\/p>\n<\/div>\n<\/article>\n<p><\/a><\/section>\n<aside class=\"add300x600 publi-interior-bot ad-inline\"\/><\/div>\n<p><!-- START:toolbar --><!-- END:toolbar -->\n<\/div>\n\n<p><em> &#8221; Fuentes www.nationalgeographic.com.es &#8221; <\/em><\/p>\n","protected":false},"excerpt":{"rendered":"<p>Disfruta de 3 revistas GRATIS de Nationwide Geographic y forma parte del movimiento por un mundo m\u00e1s sostenible. M\u00c1S INFO Disfruta de nuestras ediciones especiales a un precio \u00fanico por ser suscriptor. DESC\u00daBRELAS Santiago Ram\u00f3n y Cajal naci\u00f3 el 1 de mayo de 1852 en un peque\u00f1o pueblo de Navarra conocido como Petilla de Arag\u00f3n. [&hellip;]<\/p>\n","protected":false},"author":4,"featured_media":385235,"comment_status":"open","ping_status":"closed","sticky":false,"template":"","format":"standard","meta":{"om_disable_all_campaigns":false,"jnews-multi-image_gallery":[],"jnews_single_post":[],"jnews_primary_category":[],"jnews_social_meta":[],"footnotes":""},"categories":[39],"tags":[47258,47257],"class_list":["post-385234","post","type-post","status-publish","format-standard","has-post-thumbnail","hentry","category-viajes","tag-cargado-desde-el-fichero-de-recursos","tag-keywords-por-defecto"],"_links":{"self":[{"href":"https:\/\/dimensionturistica.com\/es\/wp-json\/wp\/v2\/posts\/385234","targetHints":{"allow":["GET"]}}],"collection":[{"href":"https:\/\/dimensionturistica.com\/es\/wp-json\/wp\/v2\/posts"}],"about":[{"href":"https:\/\/dimensionturistica.com\/es\/wp-json\/wp\/v2\/types\/post"}],"author":[{"embeddable":true,"href":"https:\/\/dimensionturistica.com\/es\/wp-json\/wp\/v2\/users\/4"}],"replies":[{"embeddable":true,"href":"https:\/\/dimensionturistica.com\/es\/wp-json\/wp\/v2\/comments?post=385234"}],"version-history":[{"count":0,"href":"https:\/\/dimensionturistica.com\/es\/wp-json\/wp\/v2\/posts\/385234\/revisions"}],"wp:featuredmedia":[{"embeddable":true,"href":"https:\/\/dimensionturistica.com\/es\/wp-json\/wp\/v2\/media\/385235"}],"wp:attachment":[{"href":"https:\/\/dimensionturistica.com\/es\/wp-json\/wp\/v2\/media?parent=385234"}],"wp:term":[{"taxonomy":"category","embeddable":true,"href":"https:\/\/dimensionturistica.com\/es\/wp-json\/wp\/v2\/categories?post=385234"},{"taxonomy":"post_tag","embeddable":true,"href":"https:\/\/dimensionturistica.com\/es\/wp-json\/wp\/v2\/tags?post=385234"}],"curies":[{"name":"wp","href":"https:\/\/api.w.org\/{rel}","templated":true}]}}