{"id":385222,"date":"2022-09-12T07:42:04","date_gmt":"2022-09-12T07:42:04","guid":{"rendered":"https:\/\/dimensionturistica.com\/es\/?p=385222"},"modified":"2022-09-12T07:42:04","modified_gmt":"2022-09-12T07:42:04","slug":"la-laponia-finlandesa-en-clave-blanca-y-muy-verde","status":"publish","type":"post","link":"https:\/\/dimensionturistica.com\/es\/la-laponia-finlandesa-en-clave-blanca-y-muy-verde\/","title":{"rendered":"La Laponia finlandesa en clave blanca&#8230; y muy verde"},"content":{"rendered":"<p> <br \/>\n<\/p>\n<div>\n<p class=\"date\"> <time itemprop=\"dateModified\" datetime=\"2022-09-12T09:30:00+02:00\" data-timestamp=\"1662975000\">&#13;12 de septiembre de 2022 \u00b7 09:30<\/time>&#13;<\/p>\n<\/div>\n<div id=\"article-sumary\">\n<div class=\"article-txt ad-mobile-top\">\n<p>Es considerado <strong>el pa\u00eds m\u00e1s feliz del mundo<\/strong> y no es para menos, porque <strong>Finlandia<\/strong> lo tiene todo: cultura, naturaleza, deportes de invierno y de verano, gastronom\u00eda y un cat\u00e1logo de ocio que se extiende a lo largo de todo el calendario. Su filosof\u00eda centrada en el <strong><em>sluggish<\/em> <em>life<\/em><\/strong> -una corriente cultural que promueve la vida pausada, lenta, sin prisas y sin agobios-, la <strong>conexi\u00f3n con la naturaleza<\/strong> y el <strong>cuidado por el medio ambiente <\/strong>la han convertido en uno de los destinos vacacionales europeos perfectos para desconectar cuerpo y mente. Y, para sumergirse de lleno en la vida native del pa\u00eds finland\u00e9s, una de las mejores formas de hacerlo es de la mano de <a rel=\"nofollow noopener\" target=\"_blank\" href=\"https:\/\/www.icarion.es\/area-geografica\/destino\/finlandia?utm_campaign=icarion_coop_finlandia&amp;utm_source=national_geographic&amp;utm_medium=branded_content\"><strong>Ic\u00e1rion<\/strong><\/a>, la especialista en grandes viajes del grupo World2Meet (propiedad del referente en turismo sostenible Grupo Iberostar).<\/p>\n<p>Esta compa\u00f1\u00eda propone un sinf\u00edn de aventuras en Laponia gracias a su amplio abanico de experiencias y aventuras en este para\u00edso blanco. <strong>\u00bfY por qu\u00e9 <a rel=\"nofollow noopener\" target=\"_blank\" href=\"https:\/\/www.visitfinland.com\/es\/\">Finlandia<\/a>? Pues porque este pa\u00eds n\u00f3rdico est\u00e1 cubierto en m\u00e1s de un 75% por bosques y su filosof\u00eda de vida est\u00e1 \u00edntimamente ligada a la sostenibilidad y a la preservaci\u00f3n de sus ecosistemas. <\/strong>Un t\u00e1ndem, el de Ic\u00e1rion y este destino, preferrred para <strong>una escapada en oto\u00f1o o en invierno que se adapta a todo tipo de viajeros<\/strong>, ya que cuenta con itinerarios y vivencias ideadas para familias, amigos, deportistas, fot\u00f3grafos y as\u00ed un largo etc\u00e9tera. Y todo ello con la protecci\u00f3n durante el viaje que garantiza Intermundial que anula cualquier temor a un imprevisto. Con todos estos ingredientes sobre la mesa solo queda descubrir estas coordenadas repletas de emociones, auroras boreales y s\u00ed, tambi\u00e9n de Pap\u00e1 Noel.\u00a0<\/p>\n<\/div>\n<\/div>\n\n<p><em> &#8221; Fuentes viajes.nationalgeographic.com.es &#8221; <\/em><\/p>\n","protected":false},"excerpt":{"rendered":"<p>&#13;12 de septiembre de 2022 \u00b7 09:30&#13; Es considerado el pa\u00eds m\u00e1s feliz del mundo y no es para menos, porque Finlandia lo tiene todo: cultura, naturaleza, deportes de invierno y de verano, gastronom\u00eda y un cat\u00e1logo de ocio que se extiende a lo largo de todo el calendario. Su filosof\u00eda centrada en el sluggish [&hellip;]<\/p>\n","protected":false},"author":4,"featured_media":385223,"comment_status":"open","ping_status":"closed","sticky":false,"template":"","format":"standard","meta":{"om_disable_all_campaigns":false,"jnews-multi-image_gallery":[],"jnews_single_post":[],"jnews_primary_category":[],"jnews_social_meta":[],"footnotes":""},"categories":[39],"tags":[47258,47257],"class_list":["post-385222","post","type-post","status-publish","format-standard","has-post-thumbnail","hentry","category-viajes","tag-cargado-desde-el-fichero-de-recursos","tag-keywords-por-defecto"],"_links":{"self":[{"href":"https:\/\/dimensionturistica.com\/es\/wp-json\/wp\/v2\/posts\/385222","targetHints":{"allow":["GET"]}}],"collection":[{"href":"https:\/\/dimensionturistica.com\/es\/wp-json\/wp\/v2\/posts"}],"about":[{"href":"https:\/\/dimensionturistica.com\/es\/wp-json\/wp\/v2\/types\/post"}],"author":[{"embeddable":true,"href":"https:\/\/dimensionturistica.com\/es\/wp-json\/wp\/v2\/users\/4"}],"replies":[{"embeddable":true,"href":"https:\/\/dimensionturistica.com\/es\/wp-json\/wp\/v2\/comments?post=385222"}],"version-history":[{"count":0,"href":"https:\/\/dimensionturistica.com\/es\/wp-json\/wp\/v2\/posts\/385222\/revisions"}],"wp:featuredmedia":[{"embeddable":true,"href":"https:\/\/dimensionturistica.com\/es\/wp-json\/wp\/v2\/media\/385223"}],"wp:attachment":[{"href":"https:\/\/dimensionturistica.com\/es\/wp-json\/wp\/v2\/media?parent=385222"}],"wp:term":[{"taxonomy":"category","embeddable":true,"href":"https:\/\/dimensionturistica.com\/es\/wp-json\/wp\/v2\/categories?post=385222"},{"taxonomy":"post_tag","embeddable":true,"href":"https:\/\/dimensionturistica.com\/es\/wp-json\/wp\/v2\/tags?post=385222"}],"curies":[{"name":"wp","href":"https:\/\/api.w.org\/{rel}","templated":true}]}}