{"id":385032,"date":"2022-09-11T17:57:30","date_gmt":"2022-09-11T17:57:30","guid":{"rendered":"https:\/\/dimensionturistica.com\/es\/?p=385032"},"modified":"2022-09-11T17:57:30","modified_gmt":"2022-09-11T17:57:30","slug":"realiza-el-caribe-mexicano-caravana-de-promocion-nacional-junto-con-volaris","status":"publish","type":"post","link":"https:\/\/dimensionturistica.com\/es\/realiza-el-caribe-mexicano-caravana-de-promocion-nacional-junto-con-volaris\/","title":{"rendered":"Realiza el Caribe Mexicano Caravana de Promoci\u00f3n Nacional junto con Volaris"},"content":{"rendered":"<p><img decoding=\"async\" class=\"size-medium wp-image-385045 alignright\" src=\"https:\/\/dimensionturistica.com\/es\/wp-content\/uploads\/2022\/09\/unnamed-28-300x225.jpg\" alt=\"\" width=\"300\" height=\"225\" srcset=\"https:\/\/dimensionturistica.com\/es\/wp-content\/uploads\/2022\/09\/unnamed-28-300x225.jpg 300w, https:\/\/dimensionturistica.com\/es\/wp-content\/uploads\/2022\/09\/unnamed-28-1024x769.jpg 1024w, https:\/\/dimensionturistica.com\/es\/wp-content\/uploads\/2022\/09\/unnamed-28-768x577.jpg 768w, https:\/\/dimensionturistica.com\/es\/wp-content\/uploads\/2022\/09\/unnamed-28-750x563.jpg 750w, https:\/\/dimensionturistica.com\/es\/wp-content\/uploads\/2022\/09\/unnamed-28-1140x856.jpg 1140w, https:\/\/dimensionturistica.com\/es\/wp-content\/uploads\/2022\/09\/unnamed-28.jpg 1440w\" sizes=\"(max-width: 300px) 100vw, 300px\" \/>Como parte de las acciones del Consejo de Promoci\u00f3n Tur\u00edstica de Quintana Roo, del 28 de agosto al 3 de septiembre el Caribe Mexicano llev\u00f3 a cabo una caravana nacional de promoci\u00f3n junto con Volaris, la cual abarc\u00f3 la zona Metropolitana de M\u00e9xico e incluy\u00f3 las ciudades de: Puebla, Pachuca, Toluca y Ciudad de M\u00e9xico.<br \/>\n\u201cLa caravana de promoci\u00f3n comprendi\u00f3 cinco eventos en los que se realizaron presentaciones para 380 agentes de viajes en total, promoviendo las bondades naturales de cada uno de nuestros 12 destinos y destacando la amplia conexi\u00f3n que <img decoding=\"async\" class=\"size-medium wp-image-385051 alignleft\" src=\"https:\/\/dimensionturistica.com\/es\/wp-content\/uploads\/2022\/09\/unnamed-1-14-300x225.jpg\" alt=\"\" width=\"300\" height=\"225\" srcset=\"https:\/\/dimensionturistica.com\/es\/wp-content\/uploads\/2022\/09\/unnamed-1-14-300x225.jpg 300w, https:\/\/dimensionturistica.com\/es\/wp-content\/uploads\/2022\/09\/unnamed-1-14-1024x768.jpg 1024w, https:\/\/dimensionturistica.com\/es\/wp-content\/uploads\/2022\/09\/unnamed-1-14-768x576.jpg 768w, https:\/\/dimensionturistica.com\/es\/wp-content\/uploads\/2022\/09\/unnamed-1-14-1536x1152.jpg 1536w, https:\/\/dimensionturistica.com\/es\/wp-content\/uploads\/2022\/09\/unnamed-1-14-750x563.jpg 750w, https:\/\/dimensionturistica.com\/es\/wp-content\/uploads\/2022\/09\/unnamed-1-14-1140x855.jpg 1140w, https:\/\/dimensionturistica.com\/es\/wp-content\/uploads\/2022\/09\/unnamed-1-14.jpg 1600w\" sizes=\"(max-width: 300px) 100vw, 300px\" \/>poseen a trav\u00e9s de las rutas directas de Volaris. Posteriormente a cada presentaci\u00f3n, se realiz\u00f3 una exhibici\u00f3n en alianza con hoteleros y prestadores de servicios tur\u00edsticos de los destinos, quienes tuvieron oportunidad de destacar sus productos y novedades, as\u00ed como establecer relaciones de negocios con los agentes\u201d, coment\u00f3 Dar\u00edo Flota Ocampo, director general del Consejo de Promoci\u00f3n Tur\u00edstica de Quintana Roo.<br \/>\nVolaris inici\u00f3 operaciones en Quintana Roo en 2006 y desde entonces ha transportado a m\u00e1s de 26 millones de pasajeros. Actualmente, Canc\u00fan recibe 2 vuelos diarios de Puebla, Toluca y Pachuca, y desde el aeropuerto Santa Luc\u00eda AIFA, se espera tambi\u00e9n una segunda frecuencia a partir del 16 de septiembre de este a\u00f1o. En 2021 estos aeropuertos generaron un total de 470,000 pasajeros hacia los destinos del Caribe Mexicano. Durante 2022 se<img decoding=\"async\" class=\"size-medium wp-image-385046 alignright\" src=\"https:\/\/dimensionturistica.com\/es\/wp-content\/uploads\/2022\/09\/unnamed-2-9-225x300.jpg\" alt=\"\" width=\"225\" height=\"300\" srcset=\"https:\/\/dimensionturistica.com\/es\/wp-content\/uploads\/2022\/09\/unnamed-2-9-225x300.jpg 225w, https:\/\/dimensionturistica.com\/es\/wp-content\/uploads\/2022\/09\/unnamed-2-9-750x1000.jpg 750w, https:\/\/dimensionturistica.com\/es\/wp-content\/uploads\/2022\/09\/unnamed-2-9.jpg 768w\" sizes=\"(max-width: 225px) 100vw, 225px\" \/> han recibido 295,000 pasajeros, y se tienen programados para el resto del a\u00f1o 1,250,000 de asientos de avi\u00f3n distribuidos en 6500 vuelos desde estos aeropuertos, lo que representa un incremento del 12% en la conectividad respecto a 2019.<br \/>\nLa conectividad a\u00e9rea de Volaris hacia el Caribe Mexicano incluye vuelos directos desde Aguascalientes, Chihuahua, Guadalajara, Ciudad de M\u00e9xico, Monterrey, Puebla, Quer\u00e9taro, San Luis Potos\u00ed, Tijuana, Tuxtla Guti\u00e9rrez, Ciudad Ju\u00e1rez, Le\u00f3n\/Baj\u00edo, Morelia, Culiac\u00e1n, Ciudad de M\u00e9xico \u2013 Felipe \u00c1ngeles, Guatemala, El Salvador, Costa Rica \u2013 San Jos\u00e9, Colombia &#8211; Bogot\u00e1 y Per\u00fa &#8211; Lima hacia Canc\u00fan; adem\u00e1s Ciudad de M\u00e9xico hacia Isla Cozumel; y desde Ciudad de M\u00e9xico y Guadalajara hacia Chetumal.<br \/>\nPor parte de la delegaci\u00f3n de Quintana Roo participaron el \u00e1rea de Promoci\u00f3n del CPTQ, la Asociaci\u00f3n de Hoteles de Isla Cozumel, Cirque du Soleil Joy\u00e0, Jungala Aqua Experience, Iberostar Hotels&amp;Resorts, Palace Resorts, The Top Connections, Hoteles Mia &amp; Resorts, Grupo Lomas, Emporio Canc\u00fan, Viva Wyndham Resorts, The Westin Cozumel, All Ritmo Canc\u00fan Resort &amp; Waterpark, Grupo Xcaret, El Cozumele\u00f1o Beach Resort, RCD Hotels, Tukan Hotels, Bluebay Grand Esmeralda, BF Hotels, Hotel Sensira Resort &amp; Spa, Beachscape Kin Ha Villas &amp; Suites Canc\u00fan y Blue Diamond Resorts.<\/p>\n","protected":false},"excerpt":{"rendered":"<p>Como parte de las acciones del Consejo de Promoci\u00f3n Tur\u00edstica de Quintana Roo, del 28 de agosto al 3 de septiembre el Caribe Mexicano llev\u00f3 a cabo una caravana nacional de promoci\u00f3n junto con Volaris, la cual abarc\u00f3 la zona Metropolitana de M\u00e9xico e incluy\u00f3 las ciudades de: Puebla, Pachuca, Toluca y Ciudad de M\u00e9xico. [&hellip;]<\/p>\n","protected":false},"author":1,"featured_media":385044,"comment_status":"open","ping_status":"closed","sticky":false,"template":"","format":"standard","meta":{"om_disable_all_campaigns":false,"jnews-multi-image_gallery":[],"jnews_single_post":{"source_name":"","source_url":"","via_name":"","via_url":"","override_template":"0","override":[{"template":"1","single_blog_custom":"","parallax":"1","fullscreen":"1","layout":"right-sidebar","sidebar":"default-sidebar","second_sidebar":"default-sidebar","sticky_sidebar":"1","share_position":"top","share_float_style":"share-monocrhome","show_share_counter":"1","show_view_counter":"1","show_featured":"1","show_post_meta":"1","show_post_author":"1","show_post_author_image":"1","show_post_date":"1","post_date_format":"default","post_date_format_custom":"Y\/m\/d","show_post_category":"1","show_post_reading_time":"0","post_reading_time_wpm":"300","show_zoom_button":"0","zoom_button_out_step":"2","zoom_button_in_step":"3","show_post_tag":"1","show_prev_next_post":"1","show_popup_post":"1","number_popup_post":"1","show_author_box":"0","show_post_related":"0","show_inline_post_related":"0"}],"override_image_size":"0","image_override":[{"single_post_thumbnail_size":"crop-500","single_post_gallery_size":"crop-500"}],"trending_post":"0","trending_post_position":"meta","trending_post_label":"Trending","sponsored_post":"0","sponsored_post_label":"Sponsored by","sponsored_post_name":"","sponsored_post_url":"","sponsored_post_logo_enable":"0","sponsored_post_logo":"","sponsored_post_desc":"","disable_ad":"0"},"jnews_primary_category":{"id":""},"jnews_social_meta":{"fb_title":"","fb_description":"","fb_image":"","twitter_title":"","twitter_description":"","twitter_image":""},"footnotes":""},"categories":[39],"tags":[],"class_list":["post-385032","post","type-post","status-publish","format-standard","has-post-thumbnail","hentry","category-viajes"],"_links":{"self":[{"href":"https:\/\/dimensionturistica.com\/es\/wp-json\/wp\/v2\/posts\/385032","targetHints":{"allow":["GET"]}}],"collection":[{"href":"https:\/\/dimensionturistica.com\/es\/wp-json\/wp\/v2\/posts"}],"about":[{"href":"https:\/\/dimensionturistica.com\/es\/wp-json\/wp\/v2\/types\/post"}],"author":[{"embeddable":true,"href":"https:\/\/dimensionturistica.com\/es\/wp-json\/wp\/v2\/users\/1"}],"replies":[{"embeddable":true,"href":"https:\/\/dimensionturistica.com\/es\/wp-json\/wp\/v2\/comments?post=385032"}],"version-history":[{"count":0,"href":"https:\/\/dimensionturistica.com\/es\/wp-json\/wp\/v2\/posts\/385032\/revisions"}],"wp:featuredmedia":[{"embeddable":true,"href":"https:\/\/dimensionturistica.com\/es\/wp-json\/wp\/v2\/media\/385044"}],"wp:attachment":[{"href":"https:\/\/dimensionturistica.com\/es\/wp-json\/wp\/v2\/media?parent=385032"}],"wp:term":[{"taxonomy":"category","embeddable":true,"href":"https:\/\/dimensionturistica.com\/es\/wp-json\/wp\/v2\/categories?post=385032"},{"taxonomy":"post_tag","embeddable":true,"href":"https:\/\/dimensionturistica.com\/es\/wp-json\/wp\/v2\/tags?post=385032"}],"curies":[{"name":"wp","href":"https:\/\/api.w.org\/{rel}","templated":true}]}}