{"id":384991,"date":"2022-09-11T16:42:58","date_gmt":"2022-09-11T16:42:58","guid":{"rendered":"https:\/\/dimensionturistica.com\/es\/?p=384991"},"modified":"2022-09-11T16:42:58","modified_gmt":"2022-09-11T16:42:58","slug":"celebran-el-dia-internacional-del-cabernet-sauvignon-con-un-vino-de-baja-california","status":"publish","type":"post","link":"https:\/\/dimensionturistica.com\/es\/celebran-el-dia-internacional-del-cabernet-sauvignon-con-un-vino-de-baja-california\/","title":{"rendered":"Celebran el Dia Internacional del Cabernet Sauvignon con un vino de Baja California"},"content":{"rendered":"<p>El d\u00eda Internacional del Cabernet Sauvignon ya est\u00e1 a la puerta, una celebraci\u00f3n conmemorativa para honrar a una de las cepas de vid m\u00e1s populares del mundo y la mejor manera de festejarlo es junto a un vino bajacaliforniano, el principal productor de vinos de M\u00e9xico.<br \/>\n<img decoding=\"async\" class=\"size-medium wp-image-384997 alignright\" src=\"https:\/\/dimensionturistica.com\/es\/wp-content\/uploads\/2022\/09\/CALIFORNIA3-200x300.jpg\" alt=\"\" width=\"200\" height=\"300\" srcset=\"https:\/\/dimensionturistica.com\/es\/wp-content\/uploads\/2022\/09\/CALIFORNIA3-200x300.jpg 200w, https:\/\/dimensionturistica.com\/es\/wp-content\/uploads\/2022\/09\/CALIFORNIA3.jpg 450w\" sizes=\"(max-width: 200px) 100vw, 200px\" \/>El d\u00eda Internacional de uva Cabernet Sauvignon no tiene una fecha fija, pero en distintos a\u00f1os ha sido oficiado el 30 de agosto, el 1 o el 2 de septiembre, sin embargo, todos los amantes del vino deben saber que se trata de una variante relativamente nueva, ya que esta uva surgi\u00f3 en el siglo XVII en Burdeos Francia, debido a la mezcla<\/p>\n<p>de variantes Cabernet Franc y Sauvignon Blanc o de Cabernet Franc y Merlot.<br \/>\nEsta uva tinta suele crecer en todas las grandes zonas vin\u00edcolas del planeta, es de piel gruesa \u2013 lo cual permite una coloraci\u00f3n rub\u00ed profundo con destellos verdes \u2013, maduraci\u00f3n tard\u00eda y preferencia en las zonas de cultivo donde su temperatura sea templada con oto\u00f1os suaves, no obstante suele adaptarse a condiciones muy variables como las temperaturas de mediterr\u00e1neo con las que cuentan los valles agr\u00edcolas de Baja California, donde obtiene un sabor con caracter\u00edsticas \u00fanicas gracias a la disposici\u00f3n perpendicular de la pen\u00ednsula que permite recibir la constante brisa marina del Oc\u00e9ano Pac\u00edfico.<br \/>\nActualmente esta uva se da en los Valles de Guadalupe, Ojos Negros, La Grulla y Santo Tom\u00e1s de Ensenada y es una vid que permite que sus vinos posean buen cuerpo, muchos taninos y acidez que permanece en boca y sabores maduros similares a la grosella negra, cereza, almendrado, un poco de menta y hasta frutos c\u00edtricos y<img decoding=\"async\" class=\"size-medium wp-image-384996 alignright\" src=\"https:\/\/dimensionturistica.com\/es\/wp-content\/uploads\/2022\/09\/CALIFORNIA1-300x187.jpg\" alt=\"\" width=\"300\" height=\"187\" srcset=\"https:\/\/dimensionturistica.com\/es\/wp-content\/uploads\/2022\/09\/CALIFORNIA1-300x187.jpg 300w, https:\/\/dimensionturistica.com\/es\/wp-content\/uploads\/2022\/09\/CALIFORNIA1.jpg 450w\" sizes=\"(max-width: 300px) 100vw, 300px\" \/> rojos.<br \/>\nPor ello para que el d\u00eda no pase desapercibido, puedes celebrarlo en Baja California, en alguna de sus 150 casas vin\u00edcolas o degustar una copa de Cabernet Sauvignon como: Casta Tinta Cabernet Sauvignon de Casta de vinos; Vino Tinto Cabernet Sauvignon de L.A. Cetto; La Lomita Cabernet de La Lomita; Cabernet Sauvignon 2015 de Decantos Vin\u00edcola; Carrodilla Cabernet Sauvignon de Finca la Carrodilla o mezclas de uvas como Mogor-badan, un vino con Cabernet Sauvignon-cabernet Franc-merlot de Vin\u00edcola Mogor Bad\u00e1n; Canto de Luna, una combinaci\u00f3n en partes iguales de Cabernet Sauvignon, Tempranillo, y Syrah de Finca la Carrodilla o Bruma Cabernet Sauvignon\/Malbec de vin\u00edcola Bruma, por mencionar algunos.<\/p>\n","protected":false},"excerpt":{"rendered":"<p>El d\u00eda Internacional del Cabernet Sauvignon ya est\u00e1 a la puerta, una celebraci\u00f3n conmemorativa para honrar a una de las cepas de vid m\u00e1s populares del mundo y la mejor manera de festejarlo es junto a un vino bajacaliforniano, el principal productor de vinos de M\u00e9xico. El d\u00eda Internacional de uva Cabernet Sauvignon no tiene [&hellip;]<\/p>\n","protected":false},"author":1,"featured_media":384992,"comment_status":"open","ping_status":"closed","sticky":false,"template":"","format":"standard","meta":{"om_disable_all_campaigns":false,"jnews-multi-image_gallery":[],"jnews_single_post":{"source_name":"","source_url":"","via_name":"","via_url":"","override_template":"0","override":[{"template":"1","single_blog_custom":"","parallax":"1","fullscreen":"1","layout":"right-sidebar","sidebar":"default-sidebar","second_sidebar":"default-sidebar","sticky_sidebar":"1","share_position":"top","share_float_style":"share-monocrhome","show_share_counter":"1","show_view_counter":"1","show_featured":"1","show_post_meta":"1","show_post_author":"1","show_post_author_image":"1","show_post_date":"1","post_date_format":"default","post_date_format_custom":"Y\/m\/d","show_post_category":"1","show_post_reading_time":"0","post_reading_time_wpm":"300","show_zoom_button":"0","zoom_button_out_step":"2","zoom_button_in_step":"3","show_post_tag":"1","show_prev_next_post":"1","show_popup_post":"1","number_popup_post":"1","show_author_box":"0","show_post_related":"0","show_inline_post_related":"0"}],"override_image_size":"0","image_override":[{"single_post_thumbnail_size":"crop-500","single_post_gallery_size":"crop-500"}],"trending_post":"0","trending_post_position":"meta","trending_post_label":"Trending","sponsored_post":"0","sponsored_post_label":"Sponsored by","sponsored_post_name":"","sponsored_post_url":"","sponsored_post_logo_enable":"0","sponsored_post_logo":"","sponsored_post_desc":"","disable_ad":"0"},"jnews_primary_category":{"id":""},"jnews_social_meta":{"fb_title":"","fb_description":"","fb_image":"","twitter_title":"","twitter_description":"","twitter_image":""},"footnotes":""},"categories":[43],"tags":[],"class_list":["post-384991","post","type-post","status-publish","format-standard","has-post-thumbnail","hentry","category-gourmet"],"_links":{"self":[{"href":"https:\/\/dimensionturistica.com\/es\/wp-json\/wp\/v2\/posts\/384991","targetHints":{"allow":["GET"]}}],"collection":[{"href":"https:\/\/dimensionturistica.com\/es\/wp-json\/wp\/v2\/posts"}],"about":[{"href":"https:\/\/dimensionturistica.com\/es\/wp-json\/wp\/v2\/types\/post"}],"author":[{"embeddable":true,"href":"https:\/\/dimensionturistica.com\/es\/wp-json\/wp\/v2\/users\/1"}],"replies":[{"embeddable":true,"href":"https:\/\/dimensionturistica.com\/es\/wp-json\/wp\/v2\/comments?post=384991"}],"version-history":[{"count":0,"href":"https:\/\/dimensionturistica.com\/es\/wp-json\/wp\/v2\/posts\/384991\/revisions"}],"wp:featuredmedia":[{"embeddable":true,"href":"https:\/\/dimensionturistica.com\/es\/wp-json\/wp\/v2\/media\/384992"}],"wp:attachment":[{"href":"https:\/\/dimensionturistica.com\/es\/wp-json\/wp\/v2\/media?parent=384991"}],"wp:term":[{"taxonomy":"category","embeddable":true,"href":"https:\/\/dimensionturistica.com\/es\/wp-json\/wp\/v2\/categories?post=384991"},{"taxonomy":"post_tag","embeddable":true,"href":"https:\/\/dimensionturistica.com\/es\/wp-json\/wp\/v2\/tags?post=384991"}],"curies":[{"name":"wp","href":"https:\/\/api.w.org\/{rel}","templated":true}]}}