{"id":384956,"date":"2022-09-11T15:12:32","date_gmt":"2022-09-11T15:12:32","guid":{"rendered":"https:\/\/dimensionturistica.com\/es\/?p=384956"},"modified":"2022-09-11T15:13:21","modified_gmt":"2022-09-11T15:13:21","slug":"delta-air-lines-anuncia-nuevas-rutas-a-asia","status":"publish","type":"post","link":"https:\/\/dimensionturistica.com\/es\/delta-air-lines-anuncia-nuevas-rutas-a-asia\/","title":{"rendered":"Delta Air Lines anuncia nuevas rutas a Asia"},"content":{"rendered":"<p>Delta reanudar\u00e1 los vuelos desde el Aeropuerto Internacional de Los \u00c1ngeles (LAX) al Aeropuerto Internacional de Tokio (HND) a partir del 30 de octubre, anticip\u00e1ndose a la relajaci\u00f3n de las restricciones de viaje en Jap\u00f3n. La ruta comenzar\u00e1 a operar tres veces por semana antes de pasar a ser diaria a partir del 1 de diciembre. La reanudaci\u00f3n del servicio utilizar\u00e1 aeronaves Airbus 330-900neo con cabinas Delta One Suites, Delta Premium Select, Delta Comfort+ y Main Cabin.<\/p>\n<p><img decoding=\"async\" class=\"wp-image-384957 alignright\" src=\"https:\/\/dimensionturistica.com\/es\/wp-content\/uploads\/2022\/09\/unnamed-26-300x200.jpg\" alt=\"\" width=\"407\" height=\"271\" srcset=\"https:\/\/dimensionturistica.com\/es\/wp-content\/uploads\/2022\/09\/unnamed-26-300x200.jpg 300w, https:\/\/dimensionturistica.com\/es\/wp-content\/uploads\/2022\/09\/unnamed-26-1024x684.jpg 1024w, https:\/\/dimensionturistica.com\/es\/wp-content\/uploads\/2022\/09\/unnamed-26-768x513.jpg 768w, https:\/\/dimensionturistica.com\/es\/wp-content\/uploads\/2022\/09\/unnamed-26-1536x1025.jpg 1536w, https:\/\/dimensionturistica.com\/es\/wp-content\/uploads\/2022\/09\/unnamed-26-2048x1367.jpg 2048w, https:\/\/dimensionturistica.com\/es\/wp-content\/uploads\/2022\/09\/unnamed-26-750x501.jpg 750w, https:\/\/dimensionturistica.com\/es\/wp-content\/uploads\/2022\/09\/unnamed-26-1140x761.jpg 1140w\" sizes=\"(max-width: 407px) 100vw, 407px\" \/><\/p>\n<p>&#8220;A medida que las restricciones de viajes se reducen gradualmente en Jap\u00f3n, decidimos reanudar el servicio desde Los \u00c1ngeles y Honolulu y aumentar la frecuencia de los vuelos que actualmente operan a Haneda&#8221;, dijo V\u00edctor Osumi, director ejecutivo general de Delta para Jap\u00f3n. &#8220;Nuestro compromiso con la salud y la seguridad de todos a bordo siempre es lo primero y los clientes disfrutar\u00e1n de m\u00e1s opciones para Haneda, con la incomparable experiencia de viaje de Delta en tierra y en el aire&#8221;.<br \/>\nAdem\u00e1s, la aerol\u00ednea anunci\u00f3 que aumentar\u00e1 la frecuencia de su servicio sin escalas entre el Aeropuerto Internacional de Seattle-Tacoma y el Aeropuerto Internacional de Se\u00fal-Incheon con la adici\u00f3n de un servicio de tres veces por semana a partir del 13 de diciembre. El nuevo servicio complementar\u00e1 las operaciones diarias existentes de Delta y el servicio de cinco veces por semana de su socio de Joint venture Korean Air, elevando la frecuencia total a 15 vuelos por semana.<br \/>\nLos servicios de Delta en Se\u00fal operar\u00e1n en el \u00faltimo avi\u00f3n Airbus 330-900neo, con cabinas Delta One, Delta Premium Select, Delta Comfort+ y Main Cabin. El servicio a\u00f1adido tambi\u00e9n proporcionar\u00e1 una nueva opci\u00f3n de canal de tiempo para los clientes que se conectan a Asia a trav\u00e9s de Incheon, el centro de operaciones del Joint venture.<br \/>\n\u201cLa demanda de viajes de Corea se ha recuperado con fuerza desde la reapertura en abril, liderando la<img decoding=\"async\" class=\" wp-image-384962 alignright\" src=\"https:\/\/dimensionturistica.com\/es\/wp-content\/uploads\/2022\/09\/seul-300x147.jpg\" alt=\"\" width=\"457\" height=\"224\" srcset=\"https:\/\/dimensionturistica.com\/es\/wp-content\/uploads\/2022\/09\/seul-300x147.jpg 300w, https:\/\/dimensionturistica.com\/es\/wp-content\/uploads\/2022\/09\/seul.jpg 474w\" sizes=\"(max-width: 457px) 100vw, 457px\" \/> recuperaci\u00f3n en Asia\u201d, dijo Matteo Curcio, vicepresidente ejecutivo de Delta para Asia Pac\u00edfico. \u201cCon el aumento de nuestros vuelos entre Incheon y Seattle, m\u00e1s pasajeros podr\u00e1n disfrutar de nuestra mejor experiencia de viaje en su clase durante la temporada de viajes de invierno\u201d.<br \/>\nDelta es la aerol\u00ednea de m\u00e1s r\u00e1pido crecimiento en Los \u00c1ngeles, operando 140 vuelos diarios a 53 destinos en todo el mundo. Es tambi\u00e9n la aerol\u00ednea global m\u00e1s grande de Seattle y sirve a m\u00e1s destinos internacionales que cualquier otra aerol\u00ednea, ofreciendo m\u00e1s de 130 salidas diarias a casi 50 destinos en todo el mundo.<br \/>\nRevise la informaci\u00f3n desde el News Hub sobre la ruta Los \u00c1ngeles- Tokio aqu\u00ed.<br \/>\nRevise la informaci\u00f3n desde el News Hub sobre la ruta Seattle- Se\u00fal aqu\u00ed.<br \/>\nVisite el Delta News Hub en espa\u00f1ol aqu\u00ed.<\/p>\n","protected":false},"excerpt":{"rendered":"<p>Delta reanudar\u00e1 los vuelos desde el Aeropuerto Internacional de Los \u00c1ngeles (LAX) al Aeropuerto Internacional de Tokio (HND) a partir del 30 de octubre, anticip\u00e1ndose a la relajaci\u00f3n de las restricciones de viaje en Jap\u00f3n. La ruta comenzar\u00e1 a operar tres veces por semana antes de pasar a ser diaria a partir del 1 de [&hellip;]<\/p>\n","protected":false},"author":1,"featured_media":384963,"comment_status":"open","ping_status":"closed","sticky":false,"template":"","format":"standard","meta":{"om_disable_all_campaigns":false,"jnews-multi-image_gallery":[],"jnews_single_post":{"source_name":"","source_url":"","via_name":"","via_url":"","override_template":"0","override":[{"template":"1","single_blog_custom":"","parallax":"1","fullscreen":"1","layout":"right-sidebar","sidebar":"default-sidebar","second_sidebar":"default-sidebar","sticky_sidebar":"1","share_position":"top","share_float_style":"share-monocrhome","show_share_counter":"1","show_view_counter":"1","show_featured":"1","show_post_meta":"1","show_post_author":"1","show_post_author_image":"1","show_post_date":"1","post_date_format":"default","post_date_format_custom":"Y\/m\/d","show_post_category":"1","show_post_reading_time":"0","post_reading_time_wpm":"300","show_zoom_button":"0","zoom_button_out_step":"2","zoom_button_in_step":"3","show_post_tag":"1","show_prev_next_post":"1","show_popup_post":"1","number_popup_post":"1","show_author_box":"0","show_post_related":"0","show_inline_post_related":"0"}],"override_image_size":"0","image_override":[{"single_post_thumbnail_size":"crop-500","single_post_gallery_size":"crop-500"}],"trending_post":"0","trending_post_position":"meta","trending_post_label":"Trending","sponsored_post":"0","sponsored_post_label":"Sponsored by","sponsored_post_name":"","sponsored_post_url":"","sponsored_post_logo_enable":"0","sponsored_post_logo":"","sponsored_post_desc":"","disable_ad":"0"},"jnews_primary_category":{"id":""},"jnews_social_meta":{"fb_title":"","fb_description":"","fb_image":"","twitter_title":"","twitter_description":"","twitter_image":""},"footnotes":""},"categories":[39],"tags":[],"class_list":["post-384956","post","type-post","status-publish","format-standard","has-post-thumbnail","hentry","category-viajes"],"_links":{"self":[{"href":"https:\/\/dimensionturistica.com\/es\/wp-json\/wp\/v2\/posts\/384956","targetHints":{"allow":["GET"]}}],"collection":[{"href":"https:\/\/dimensionturistica.com\/es\/wp-json\/wp\/v2\/posts"}],"about":[{"href":"https:\/\/dimensionturistica.com\/es\/wp-json\/wp\/v2\/types\/post"}],"author":[{"embeddable":true,"href":"https:\/\/dimensionturistica.com\/es\/wp-json\/wp\/v2\/users\/1"}],"replies":[{"embeddable":true,"href":"https:\/\/dimensionturistica.com\/es\/wp-json\/wp\/v2\/comments?post=384956"}],"version-history":[{"count":0,"href":"https:\/\/dimensionturistica.com\/es\/wp-json\/wp\/v2\/posts\/384956\/revisions"}],"wp:featuredmedia":[{"embeddable":true,"href":"https:\/\/dimensionturistica.com\/es\/wp-json\/wp\/v2\/media\/384963"}],"wp:attachment":[{"href":"https:\/\/dimensionturistica.com\/es\/wp-json\/wp\/v2\/media?parent=384956"}],"wp:term":[{"taxonomy":"category","embeddable":true,"href":"https:\/\/dimensionturistica.com\/es\/wp-json\/wp\/v2\/categories?post=384956"},{"taxonomy":"post_tag","embeddable":true,"href":"https:\/\/dimensionturistica.com\/es\/wp-json\/wp\/v2\/tags?post=384956"}],"curies":[{"name":"wp","href":"https:\/\/api.w.org\/{rel}","templated":true}]}}